{"id":62466,"date":"2025-02-09T20:01:59","date_gmt":"2025-02-10T02:01:59","guid":{"rendered":"https:\/\/mediagroup.mx\/?p=62466"},"modified":"2025-02-09T20:01:59","modified_gmt":"2025-02-10T02:01:59","slug":"necesario-impulsar-desde-el-congreso-reformas-para-el-desarrollo-economico-de-michoacan-alfonso-chavez","status":"publish","type":"post","link":"https:\/\/mediagroup.mx\/index.php\/2025\/02\/09\/necesario-impulsar-desde-el-congreso-reformas-para-el-desarrollo-economico-de-michoacan-alfonso-chavez\/","title":{"rendered":"Necesario impulsar desde el Congreso reformas para el desarrollo econ\u00f3mico de Michoac\u00e1n: Alfonso Ch\u00e1vez"},"content":{"rendered":"<p>*Morelia, Michoac\u00e1n, 6 de febrero de 2025*.- El diputado local, Alfonso Ch\u00e1vez se\u00f1al\u00f3 que el Grupo Parlamentario del Partido Acci\u00f3n Nacional (PAN) dijo estar comprometido en este segundo periodo del primer a\u00f1o de la 76 legislatura, en impulsar reformas que promuevan el desarrollo econ\u00f3mico de Michoac\u00e1n.<\/p>\n<p>Entre las principales iniciativas que se impulsar\u00e1n destaca la propuesta de una nueva legislaci\u00f3n que fomente el Primer Empleo y la Primera Empresa Michoacana. Estas reformas buscan generar condiciones para que j\u00f3venes y mujeres empresarias puedan integrarse de manera efectiva al mercado laboral, fortaleciendo la econom\u00eda local y fomentando la creaci\u00f3n de nuevas oportunidades.<\/p>\n<p>\u201cEl desarrollo econ\u00f3mico debe ir de la mano con pol\u00edticas p\u00fablicas que respondan a las necesidades de los sectores m\u00e1s din\u00e1micos y vulnerables de nuestra sociedad. Es fundamental garantizar la inclusi\u00f3n de j\u00f3venes y mujeres en el \u00e1mbito empresarial y laboral, pues son el motor de nuestra econom\u00eda\u201d, afirm\u00f3 Alfonso Ch\u00e1vez.<\/p>\n<p>El legislador panista tambi\u00e9n se\u00f1al\u00f3 que estas reformas tendr\u00e1n como prioridad incentivar la apertura de empresas locales, con especial enfoque en proyectos liderados por mujeres y j\u00f3venes, quienes muchas veces enfrentan barreras estructurales para acceder a financiamientos y empleos de calidad.<\/p>\n<p>\u201cTrabajaremos desde el Congreso para construir un marco normativo que impulse el emprendimiento y, al mismo tiempo, fomente la capacitaci\u00f3n, el desarrollo de habilidades y la competitividad en el estado\u201d, subray\u00f3 el diputado.<br \/>\n<img loading=\"lazy\" decoding=\"async\" class=\"alignnone size-medium wp-image-62467\" src=\"https:\/\/mediagroup.mx\/wp-content\/uploads\/2025\/02\/ae77eadb-556e-4e69-bf1f-a6cf9c606d76-300x200.jpeg\" alt=\"\" width=\"300\" height=\"200\" srcset=\"https:\/\/mediagroup.mx\/wp-content\/uploads\/2025\/02\/ae77eadb-556e-4e69-bf1f-a6cf9c606d76-300x200.jpeg 300w, https:\/\/mediagroup.mx\/wp-content\/uploads\/2025\/02\/ae77eadb-556e-4e69-bf1f-a6cf9c606d76-1024x683.jpeg 1024w, https:\/\/mediagroup.mx\/wp-content\/uploads\/2025\/02\/ae77eadb-556e-4e69-bf1f-a6cf9c606d76-768x512.jpeg 768w, https:\/\/mediagroup.mx\/wp-content\/uploads\/2025\/02\/ae77eadb-556e-4e69-bf1f-a6cf9c606d76-1536x1024.jpeg 1536w, https:\/\/mediagroup.mx\/wp-content\/uploads\/2025\/02\/ae77eadb-556e-4e69-bf1f-a6cf9c606d76-2048x1365.jpeg 2048w, https:\/\/mediagroup.mx\/wp-content\/uploads\/2025\/02\/ae77eadb-556e-4e69-bf1f-a6cf9c606d76-150x100.jpeg 150w, https:\/\/mediagroup.mx\/wp-content\/uploads\/2025\/02\/ae77eadb-556e-4e69-bf1f-a6cf9c606d76-696x464.jpeg 696w, https:\/\/mediagroup.mx\/wp-content\/uploads\/2025\/02\/ae77eadb-556e-4e69-bf1f-a6cf9c606d76-1068x712.jpeg 1068w, https:\/\/mediagroup.mx\/wp-content\/uploads\/2025\/02\/ae77eadb-556e-4e69-bf1f-a6cf9c606d76-1920x1280.jpeg 1920w\" sizes=\"auto, (max-width: 300px) 100vw, 300px\" \/><\/p>\n","protected":false},"excerpt":{"rendered":"<p>*Morelia, Michoac\u00e1n, 6 de febrero de 2025*.- El diputado local, Alfonso Ch\u00e1vez se\u00f1al\u00f3 que el Grupo Parlamentario del Partido Acci\u00f3n Nacional (PAN) dijo estar comprometido en este segundo periodo del primer a\u00f1o de la 76 legislatura, en impulsar reformas que promuevan el desarrollo econ\u00f3mico de Michoac\u00e1n. Entre las principales iniciativas que se impulsar\u00e1n destaca la [&hellip;]<\/p>\n","protected":false},"author":2,"featured_media":62467,"comment_status":"closed","ping_status":"closed","sticky":false,"template":"","format":"standard","meta":{"om_disable_all_campaigns":false,"_monsterinsights_skip_tracking":false,"_monsterinsights_sitenote_active":false,"_monsterinsights_sitenote_note":"","_monsterinsights_sitenote_category":0,"_uf_show_specific_survey":0,"_uf_disable_surveys":false,"_jetpack_memberships_contains_paid_content":false,"footnotes":"","jetpack_publicize_message":"Necesario impulsar desde el Congreso reformas para el desarrollo econ\u00f3mico de Michoac\u00e1n: Alfonso Ch\u00e1vez\r\n\r\n*El diputado local se\u00f1al\u00f3 que desde el GPPAN es necesario fomentar el primer empleo y la primera empresa","jetpack_publicize_feature_enabled":true,"jetpack_social_post_already_shared":true,"jetpack_social_options":{"image_generator_settings":{"template":"highway","default_image_id":0,"enabled":false},"version":2}},"categories":[15,63],"tags":[],"class_list":{"0":"post-62466","1":"post","2":"type-post","3":"status-publish","4":"format-standard","5":"has-post-thumbnail","7":"category-michoacan","8":"category-politica"},"aioseo_notices":[],"jetpack_publicize_connections":[],"jetpack_featured_media_url":"https:\/\/mediagroup.mx\/wp-content\/uploads\/2025\/02\/ae77eadb-556e-4e69-bf1f-a6cf9c606d76-scaled.jpeg","jetpack_sharing_enabled":true,"_links":{"self":[{"href":"https:\/\/mediagroup.mx\/index.php\/wp-json\/wp\/v2\/posts\/62466","targetHints":{"allow":["GET"]}}],"collection":[{"href":"https:\/\/mediagroup.mx\/index.php\/wp-json\/wp\/v2\/posts"}],"about":[{"href":"https:\/\/mediagroup.mx\/index.php\/wp-json\/wp\/v2\/types\/post"}],"author":[{"embeddable":true,"href":"https:\/\/mediagroup.mx\/index.php\/wp-json\/wp\/v2\/users\/2"}],"replies":[{"embeddable":true,"href":"https:\/\/mediagroup.mx\/index.php\/wp-json\/wp\/v2\/comments?post=62466"}],"version-history":[{"count":1,"href":"https:\/\/mediagroup.mx\/index.php\/wp-json\/wp\/v2\/posts\/62466\/revisions"}],"predecessor-version":[{"id":62468,"href":"https:\/\/mediagroup.mx\/index.php\/wp-json\/wp\/v2\/posts\/62466\/revisions\/62468"}],"wp:featuredmedia":[{"embeddable":true,"href":"https:\/\/mediagroup.mx\/index.php\/wp-json\/wp\/v2\/media\/62467"}],"wp:attachment":[{"href":"https:\/\/mediagroup.mx\/index.php\/wp-json\/wp\/v2\/media?parent=62466"}],"wp:term":[{"taxonomy":"category","embeddable":true,"href":"https:\/\/mediagroup.mx\/index.php\/wp-json\/wp\/v2\/categories?post=62466"},{"taxonomy":"post_tag","embeddable":true,"href":"https:\/\/mediagroup.mx\/index.php\/wp-json\/wp\/v2\/tags?post=62466"}],"curies":[{"name":"wp","href":"https:\/\/api.w.org\/{rel}","templated":true}]}}