{"id":62469,"date":"2025-02-06T20:03:01","date_gmt":"2025-02-07T02:03:01","guid":{"rendered":"https:\/\/mediagroup.mx\/?p=62469"},"modified":"2025-02-09T20:06:34","modified_gmt":"2025-02-10T02:06:34","slug":"legislar-para-el-pueblo-con-el-pueblo-remarca-emma-rivera-en-el-arranque-del-segundo-periodo-legislativo","status":"publish","type":"post","link":"https:\/\/mediagroup.mx\/index.php\/2025\/02\/06\/legislar-para-el-pueblo-con-el-pueblo-remarca-emma-rivera-en-el-arranque-del-segundo-periodo-legislativo\/","title":{"rendered":"\u201dLegislar para el pueblo, con el pueblo\u201d, remarca Emma Rivera en el arranque del Segundo Periodo Legislativo"},"content":{"rendered":"<p>Morelia, Michoac\u00e1n, 6 de febrero de 2025*.- Con el arranque del Segundo Periodo Ordinario de Sesiones en el Congreso del Estado, la diputada local y presidenta de la Comisi\u00f3n de Puntos Constitucionales, Emma Rivera Camacho, dijo reafirmar su compromiso de trabajar \u201cen favor del pueblo michoacano, impulsando leyes y acciones que consoliden el segundo piso de la Cuarta Transformaci\u00f3n\u201d.<\/p>\n<p>\u00abComenzamos una nueva etapa en la construcci\u00f3n del segundo piso de la Cuarta Transformaci\u00f3n en Michoac\u00e1n, donde, como lo estableci\u00f3 nuestro ex presidente Andr\u00e9s Manuel L\u00f3pez Obrador, por el bien de todos, primero los pobres\u00bb, afirm\u00f3 la legisladora.<\/p>\n<p>En ese sentido, Rivera Camacho adelant\u00f3 que respaldar\u00e1 con firmeza las reformas anunciadas por la presidenta Claudia Sheinbaum, cuyo objetivo es garantizar que el poder sea del pueblo y para el pueblo. Adem\u00e1s, reiter\u00f3 su postura en contra de la reelecci\u00f3n y el nepotismo, destacando que la pol\u00edtica debe servir y no servirse.<\/p>\n<p>Finalmente, enfatiz\u00f3 que, en Michoac\u00e1n, seguir\u00e1 trabajando en conjunto con el gobernador Alfredo Ram\u00edrez Bedolla para fortalecer el Plan Morelos, una estrategia clave para impulsar el desarrollo, la justicia social y el bienestar en el estado.<br \/>\n<img loading=\"lazy\" decoding=\"async\" class=\"alignnone size-medium wp-image-62470\" src=\"https:\/\/mediagroup.mx\/wp-content\/uploads\/2025\/02\/27feedc7-0cf4-48ba-8405-1963d45839e4-300x200.jpeg\" alt=\"\" width=\"300\" height=\"200\" srcset=\"https:\/\/mediagroup.mx\/wp-content\/uploads\/2025\/02\/27feedc7-0cf4-48ba-8405-1963d45839e4-300x200.jpeg 300w, https:\/\/mediagroup.mx\/wp-content\/uploads\/2025\/02\/27feedc7-0cf4-48ba-8405-1963d45839e4-1024x682.jpeg 1024w, https:\/\/mediagroup.mx\/wp-content\/uploads\/2025\/02\/27feedc7-0cf4-48ba-8405-1963d45839e4-768x512.jpeg 768w, https:\/\/mediagroup.mx\/wp-content\/uploads\/2025\/02\/27feedc7-0cf4-48ba-8405-1963d45839e4-150x100.jpeg 150w, https:\/\/mediagroup.mx\/wp-content\/uploads\/2025\/02\/27feedc7-0cf4-48ba-8405-1963d45839e4-696x464.jpeg 696w, https:\/\/mediagroup.mx\/wp-content\/uploads\/2025\/02\/27feedc7-0cf4-48ba-8405-1963d45839e4-1068x712.jpeg 1068w, https:\/\/mediagroup.mx\/wp-content\/uploads\/2025\/02\/27feedc7-0cf4-48ba-8405-1963d45839e4.jpeg 1280w\" sizes=\"auto, (max-width: 300px) 100vw, 300px\" \/><\/p>\n","protected":false},"excerpt":{"rendered":"<p>Morelia, Michoac\u00e1n, 6 de febrero de 2025*.- Con el arranque del Segundo Periodo Ordinario de Sesiones en el Congreso del Estado, la diputada local y presidenta de la Comisi\u00f3n de Puntos Constitucionales, Emma Rivera Camacho, dijo reafirmar su compromiso de trabajar \u201cen favor del pueblo michoacano, impulsando leyes y acciones que consoliden el segundo piso [&hellip;]<\/p>\n","protected":false},"author":2,"featured_media":62470,"comment_status":"closed","ping_status":"closed","sticky":false,"template":"","format":"standard","meta":{"om_disable_all_campaigns":false,"_monsterinsights_skip_tracking":false,"_monsterinsights_sitenote_active":false,"_monsterinsights_sitenote_note":"","_monsterinsights_sitenote_category":0,"_uf_show_specific_survey":0,"_uf_disable_surveys":false,"_jetpack_memberships_contains_paid_content":false,"footnotes":"","jetpack_publicize_message":"\u201dLegislar para el pueblo, con el pueblo\u201d, remarca Emma Rivera en el arranque del Segundo Periodo Legislativo","jetpack_publicize_feature_enabled":true,"jetpack_social_post_already_shared":true,"jetpack_social_options":{"image_generator_settings":{"template":"highway","default_image_id":0,"enabled":false},"version":2}},"categories":[15,63],"tags":[],"class_list":{"0":"post-62469","1":"post","2":"type-post","3":"status-publish","4":"format-standard","5":"has-post-thumbnail","7":"category-michoacan","8":"category-politica"},"aioseo_notices":[],"jetpack_publicize_connections":[],"jetpack_featured_media_url":"https:\/\/mediagroup.mx\/wp-content\/uploads\/2025\/02\/27feedc7-0cf4-48ba-8405-1963d45839e4.jpeg","jetpack_sharing_enabled":true,"_links":{"self":[{"href":"https:\/\/mediagroup.mx\/index.php\/wp-json\/wp\/v2\/posts\/62469","targetHints":{"allow":["GET"]}}],"collection":[{"href":"https:\/\/mediagroup.mx\/index.php\/wp-json\/wp\/v2\/posts"}],"about":[{"href":"https:\/\/mediagroup.mx\/index.php\/wp-json\/wp\/v2\/types\/post"}],"author":[{"embeddable":true,"href":"https:\/\/mediagroup.mx\/index.php\/wp-json\/wp\/v2\/users\/2"}],"replies":[{"embeddable":true,"href":"https:\/\/mediagroup.mx\/index.php\/wp-json\/wp\/v2\/comments?post=62469"}],"version-history":[{"count":1,"href":"https:\/\/mediagroup.mx\/index.php\/wp-json\/wp\/v2\/posts\/62469\/revisions"}],"predecessor-version":[{"id":62471,"href":"https:\/\/mediagroup.mx\/index.php\/wp-json\/wp\/v2\/posts\/62469\/revisions\/62471"}],"wp:featuredmedia":[{"embeddable":true,"href":"https:\/\/mediagroup.mx\/index.php\/wp-json\/wp\/v2\/media\/62470"}],"wp:attachment":[{"href":"https:\/\/mediagroup.mx\/index.php\/wp-json\/wp\/v2\/media?parent=62469"}],"wp:term":[{"taxonomy":"category","embeddable":true,"href":"https:\/\/mediagroup.mx\/index.php\/wp-json\/wp\/v2\/categories?post=62469"},{"taxonomy":"post_tag","embeddable":true,"href":"https:\/\/mediagroup.mx\/index.php\/wp-json\/wp\/v2\/tags?post=62469"}],"curies":[{"name":"wp","href":"https:\/\/api.w.org\/{rel}","templated":true}]}}