{"id":62472,"date":"2025-02-06T20:07:23","date_gmt":"2025-02-07T02:07:23","guid":{"rendered":"https:\/\/mediagroup.mx\/?p=62472"},"modified":"2025-02-09T20:10:08","modified_gmt":"2025-02-10T02:10:08","slug":"se-inscribira-el-nombre-de-claudia-sheinbaum-en-el-muro-del-congreso-del-estado","status":"publish","type":"post","link":"https:\/\/mediagroup.mx\/index.php\/2025\/02\/06\/se-inscribira-el-nombre-de-claudia-sheinbaum-en-el-muro-del-congreso-del-estado\/","title":{"rendered":"Se inscribir\u00e1 el nombre de Claudia Sheinbaum en el muro del Congreso del Estado"},"content":{"rendered":"<p>*Morelia, Michoac\u00e1n, a 06 de febrero de 2025*.- Como un reconocimiento al acontecimiento hist\u00f3rico de llegar una mujer a la Presidencia de la Rep\u00fablica, las y los legisladores michoacanos aprobaron inscribir con letras doradas la leyenda \u201cClaudia Sheinbaum Pardo, primera Presidenta de M\u00e9xico\u201d, en el Muro de Honor del Palacio Legislativo del Honorable Congreso del Estado de Michoac\u00e1n de Ocampo.<\/p>\n<p>La Comisi\u00f3n de Cultura y Artes, someti\u00f3 a consideraci\u00f3n del Pleno Legislativo, el Dictamen sobre la iniciativa presentada por la Diputada Nalleli Julieta Pedraza Huerta, al determinar que la inscripci\u00f3n de la leyenda propuesta, en el Muro de Honor del Palacio Legislativo es jur\u00eddicamente sustentada y est\u00e1 culturalmente justificada, por el acontecimiento que representa la participaci\u00f3n pol\u00edtica de las mujeres en el caso mexicano.<\/p>\n<p>En las consideraciones de dicho Dictamen, se estableci\u00f3 que la llegada de una mujer a la Presidencia de la Rep\u00fablica Mexicana representa la consumaci\u00f3n de esfuerzos y desaf\u00edos por los que durante d\u00e9cadas muchas mujeres han pasado.<br \/>\nDe igual forma, se\u00f1ala que en dicho proceso, muchas de ellas perdieron la vida la vida, por lo que la llegada de una mujer a la Presidencia, representa un triunfo para todas las mujeres de M\u00e9xico, una justicia social y cambios en el pa\u00eds.<\/p>\n<p>\u201cLas integrantes de la Comisi\u00f3n de Cultura y Artes, consideramos que los triunfos de las mujeres en M\u00e9xico en un esquema de igualdad y equidad deben de ser reconocidos y plasmados, pues no puede pasar desapercibido para nadie que es el resultado de una lucha permanente por ser reconocidas en sociedad y en la vida pol\u00edtica\u201d.<\/p>\n<p>Cabe destacar que en la iniciativa presentada por la Diputada Nalleli Pedraza record\u00f3 que entre 1824 y 2024 existieron 72 periodos de diversas temporalidades, en los cuales siempre presidi\u00f3 un hombre la m\u00e1xima posici\u00f3n de responsabilidad pol\u00edtica del pa\u00eds; mientras que en el a\u00f1o 2024 se conmemor\u00f3 en M\u00e9xico los 70 a\u00f1os del voto de la mujer.<\/p>\n<p>En su exposici\u00f3n de motivos, manifest\u00f3 que en la actualidad, la brecha de participaci\u00f3n pol\u00edtica ha cambiado, la llegada de mujeres a posiciones de decisi\u00f3n p\u00fablica sigue siendo un reto para todas, por lo que la llegada de una mujer a la Presidencia de la Republica es un efecto del esfuerzo de todas, digno de se\u00f1alarse y hacerse visible.<\/p>\n<p>\u201cEn un deber c\u00edvico que preservemos para el registro hist\u00f3rico de nuestro Pa\u00eds este acontecimiento, pues de no hacerlo estar\u00edamos invisibilizando y retrotrayendo lo que ha costado siglos\u201d, destac\u00f3.<br \/>\n<img loading=\"lazy\" decoding=\"async\" class=\"alignnone size-medium wp-image-62473\" src=\"https:\/\/mediagroup.mx\/wp-content\/uploads\/2025\/02\/114acdf9-1ef4-466f-9213-ab5d964a0d71-1-300x200.jpeg\" alt=\"\" width=\"300\" height=\"200\" srcset=\"https:\/\/mediagroup.mx\/wp-content\/uploads\/2025\/02\/114acdf9-1ef4-466f-9213-ab5d964a0d71-1-300x200.jpeg 300w, https:\/\/mediagroup.mx\/wp-content\/uploads\/2025\/02\/114acdf9-1ef4-466f-9213-ab5d964a0d71-1-1024x682.jpeg 1024w, https:\/\/mediagroup.mx\/wp-content\/uploads\/2025\/02\/114acdf9-1ef4-466f-9213-ab5d964a0d71-1-768x512.jpeg 768w, https:\/\/mediagroup.mx\/wp-content\/uploads\/2025\/02\/114acdf9-1ef4-466f-9213-ab5d964a0d71-1-150x100.jpeg 150w, https:\/\/mediagroup.mx\/wp-content\/uploads\/2025\/02\/114acdf9-1ef4-466f-9213-ab5d964a0d71-1-696x464.jpeg 696w, https:\/\/mediagroup.mx\/wp-content\/uploads\/2025\/02\/114acdf9-1ef4-466f-9213-ab5d964a0d71-1-1068x712.jpeg 1068w, https:\/\/mediagroup.mx\/wp-content\/uploads\/2025\/02\/114acdf9-1ef4-466f-9213-ab5d964a0d71-1.jpeg 1280w\" sizes=\"auto, (max-width: 300px) 100vw, 300px\" \/><\/p>\n","protected":false},"excerpt":{"rendered":"<p>*Morelia, Michoac\u00e1n, a 06 de febrero de 2025*.- Como un reconocimiento al acontecimiento hist\u00f3rico de llegar una mujer a la Presidencia de la Rep\u00fablica, las y los legisladores michoacanos aprobaron inscribir con letras doradas la leyenda \u201cClaudia Sheinbaum Pardo, primera Presidenta de M\u00e9xico\u201d, en el Muro de Honor del Palacio Legislativo del Honorable Congreso del [&hellip;]<\/p>\n","protected":false},"author":2,"featured_media":62473,"comment_status":"closed","ping_status":"closed","sticky":false,"template":"","format":"standard","meta":{"om_disable_all_campaigns":false,"_monsterinsights_skip_tracking":false,"_monsterinsights_sitenote_active":false,"_monsterinsights_sitenote_note":"","_monsterinsights_sitenote_category":0,"_uf_show_specific_survey":0,"_uf_disable_surveys":false,"_jetpack_memberships_contains_paid_content":false,"footnotes":"","jetpack_publicize_message":"Se inscribir\u00e1 el nombre de Claudia Sheinbaum en el muro del Congreso del Estado","jetpack_publicize_feature_enabled":true,"jetpack_social_post_already_shared":true,"jetpack_social_options":{"image_generator_settings":{"template":"highway","default_image_id":0,"enabled":false},"version":2}},"categories":[15,63],"tags":[],"class_list":{"0":"post-62472","1":"post","2":"type-post","3":"status-publish","4":"format-standard","5":"has-post-thumbnail","7":"category-michoacan","8":"category-politica"},"aioseo_notices":[],"jetpack_publicize_connections":[],"jetpack_featured_media_url":"https:\/\/mediagroup.mx\/wp-content\/uploads\/2025\/02\/114acdf9-1ef4-466f-9213-ab5d964a0d71-1.jpeg","jetpack_sharing_enabled":true,"_links":{"self":[{"href":"https:\/\/mediagroup.mx\/index.php\/wp-json\/wp\/v2\/posts\/62472","targetHints":{"allow":["GET"]}}],"collection":[{"href":"https:\/\/mediagroup.mx\/index.php\/wp-json\/wp\/v2\/posts"}],"about":[{"href":"https:\/\/mediagroup.mx\/index.php\/wp-json\/wp\/v2\/types\/post"}],"author":[{"embeddable":true,"href":"https:\/\/mediagroup.mx\/index.php\/wp-json\/wp\/v2\/users\/2"}],"replies":[{"embeddable":true,"href":"https:\/\/mediagroup.mx\/index.php\/wp-json\/wp\/v2\/comments?post=62472"}],"version-history":[{"count":1,"href":"https:\/\/mediagroup.mx\/index.php\/wp-json\/wp\/v2\/posts\/62472\/revisions"}],"predecessor-version":[{"id":62474,"href":"https:\/\/mediagroup.mx\/index.php\/wp-json\/wp\/v2\/posts\/62472\/revisions\/62474"}],"wp:featuredmedia":[{"embeddable":true,"href":"https:\/\/mediagroup.mx\/index.php\/wp-json\/wp\/v2\/media\/62473"}],"wp:attachment":[{"href":"https:\/\/mediagroup.mx\/index.php\/wp-json\/wp\/v2\/media?parent=62472"}],"wp:term":[{"taxonomy":"category","embeddable":true,"href":"https:\/\/mediagroup.mx\/index.php\/wp-json\/wp\/v2\/categories?post=62472"},{"taxonomy":"post_tag","embeddable":true,"href":"https:\/\/mediagroup.mx\/index.php\/wp-json\/wp\/v2\/tags?post=62472"}],"curies":[{"name":"wp","href":"https:\/\/api.w.org\/{rel}","templated":true}]}}