{"id":62475,"date":"2025-02-06T20:16:09","date_gmt":"2025-02-07T02:16:09","guid":{"rendered":"https:\/\/mediagroup.mx\/?p=62475"},"modified":"2025-02-09T20:19:50","modified_gmt":"2025-02-10T02:19:50","slug":"congreso-del-estado-emite-convocatorias-publicas-para-ocupar-el-pleno-del-tribunal-en-materia-anticorrupcion-y-administrativa","status":"publish","type":"post","link":"https:\/\/mediagroup.mx\/index.php\/2025\/02\/06\/congreso-del-estado-emite-convocatorias-publicas-para-ocupar-el-pleno-del-tribunal-en-materia-anticorrupcion-y-administrativa\/","title":{"rendered":"Congreso del Estado emite convocatorias p\u00fablicas para ocupar el Pleno del Tribunal en Materia Anticorrupci\u00f3n y Administrativa"},"content":{"rendered":"<p>*Morelia, Michoac\u00e1n, a 06 de febrero 2025*.- El Poder Legislativo emiti\u00f3 cuatro convocatorias p\u00fablicas para el registro de las o los ciudadanos michoacanos interesados en ocupar el cargo de Magistrada en la Primera y Segunda Sala; as\u00ed como de Magistrado de la Tercera y Cuarta Sala del Tribunal en Materia Anticorrupci\u00f3n y Administrativa del Estado de Michoac\u00e1n de Ocampo.<\/p>\n<p>Lo anterior, luego de la creaci\u00f3n de dicho Tribunal y en atenci\u00f3n al transitorio del Decreto correspondiente en donde se establece que al Congreso del Estado de Michoac\u00e1n le corresponde emitir las convocatorias para el proceso de designaci\u00f3n de los cargos de Magistradas y Magistrados que conformar\u00e1n el Pleno del Tribunal.<\/p>\n<p>Las y los integrantes de la Septuag\u00e9sima Sexta Legislatura, aprobaron los dict\u00e1menes que contienen las convocatorias para que mujeres y hombres profesionales del derecho, participen en el proceso de designaci\u00f3n de las cuatro magistraturas que conforman el Tribunal en Materia Anticorrupci\u00f3n y Administrativa del Estado de Michoac\u00e1n de Ocampo, y cumplan con los requisitos se\u00f1alados en el art\u00edculo 76 de la Constituci\u00f3n del Estado, que se exigen a las personas magistradas del Poder Judicial del Estado de Michoac\u00e1n.<\/p>\n<p>De acuerdo a lo establecido en las convocatorias, las personas aspirantes deber\u00e1n presentar ante el Congreso del Estado una solicitud por escrito en formato libre, con firma aut\u00f3grafa; acta de nacimiento; INE; T\u00edtulo o C\u00e9dula Profesional; Curr\u00edculo con firma aut\u00f3grafa; carta bajo protesta de que ha residido en el Estado, al menos dos a\u00f1os previos a la publicaci\u00f3n; carta bajo protesta de decir verdad de que se goza de buena reputaci\u00f3n; Ensayo de tres cuartillas donde justifiquen los motivos de su postulaci\u00f3n y remitan cinco cartas de referencia de sus vecinos, colegas o personas que respalden su idoneidad para desempe\u00f1ar el cargo.<\/p>\n<p>Las personas aspirantes se inscribir\u00e1n y exhibir\u00e1n su documentaci\u00f3n, en las oficinas del edificio del Congreso del Estado, conocido como La Casona, en la Avenida Morelos Norte n\u00famero 82, del Centro de Morelia, Michoac\u00e1n, en un horario de las 9:00 a 18:00 horas, los d\u00edas 10 y 11 de febrero.<\/p>\n<p>Concluido el plazo para la inscripci\u00f3n y exhibici\u00f3n de documentos, la Comisi\u00f3n de Justicia emitir\u00e1 un dictamen en el que se conforme una terna de aquellas personas que, a trav\u00e9s del an\u00e1lisis de la documentaci\u00f3n presentada, re\u00fanan los requisitos.<\/p>\n<p>Finalmente, la terna se someter\u00e1 al Pleno del Congreso, para que \u00e9ste elija, por el voto de las dos terceras partes de los integrantes presentes, a la persona que ocupar\u00e1n la titularidad de las cuatro salas del Tribunal en Materia Anticorrupci\u00f3n y Administrativa Tribunal en Materia Anticorrupci\u00f3n y Administrativa del Estado de Michoac\u00e1n de Ocampo.<br \/>\n<img loading=\"lazy\" decoding=\"async\" class=\"alignnone size-medium wp-image-62476\" src=\"https:\/\/mediagroup.mx\/wp-content\/uploads\/2025\/02\/c00f9739-1852-45a9-9bcf-eebdfed31c04-300x199.jpeg\" alt=\"\" width=\"300\" height=\"199\" srcset=\"https:\/\/mediagroup.mx\/wp-content\/uploads\/2025\/02\/c00f9739-1852-45a9-9bcf-eebdfed31c04-300x199.jpeg 300w, https:\/\/mediagroup.mx\/wp-content\/uploads\/2025\/02\/c00f9739-1852-45a9-9bcf-eebdfed31c04-1024x678.jpeg 1024w, https:\/\/mediagroup.mx\/wp-content\/uploads\/2025\/02\/c00f9739-1852-45a9-9bcf-eebdfed31c04-768x509.jpeg 768w, https:\/\/mediagroup.mx\/wp-content\/uploads\/2025\/02\/c00f9739-1852-45a9-9bcf-eebdfed31c04-150x99.jpeg 150w, https:\/\/mediagroup.mx\/wp-content\/uploads\/2025\/02\/c00f9739-1852-45a9-9bcf-eebdfed31c04-696x461.jpeg 696w, https:\/\/mediagroup.mx\/wp-content\/uploads\/2025\/02\/c00f9739-1852-45a9-9bcf-eebdfed31c04-1068x708.jpeg 1068w, https:\/\/mediagroup.mx\/wp-content\/uploads\/2025\/02\/c00f9739-1852-45a9-9bcf-eebdfed31c04.jpeg 1280w\" sizes=\"auto, (max-width: 300px) 100vw, 300px\" \/><\/p>\n","protected":false},"excerpt":{"rendered":"<p>*Morelia, Michoac\u00e1n, a 06 de febrero 2025*.- El Poder Legislativo emiti\u00f3 cuatro convocatorias p\u00fablicas para el registro de las o los ciudadanos michoacanos interesados en ocupar el cargo de Magistrada en la Primera y Segunda Sala; as\u00ed como de Magistrado de la Tercera y Cuarta Sala del Tribunal en Materia Anticorrupci\u00f3n y Administrativa del Estado [&hellip;]<\/p>\n","protected":false},"author":2,"featured_media":62476,"comment_status":"closed","ping_status":"closed","sticky":false,"template":"","format":"standard","meta":{"om_disable_all_campaigns":false,"_monsterinsights_skip_tracking":false,"_monsterinsights_sitenote_active":false,"_monsterinsights_sitenote_note":"","_monsterinsights_sitenote_category":0,"_uf_show_specific_survey":0,"_uf_disable_surveys":false,"_jetpack_memberships_contains_paid_content":false,"footnotes":"","jetpack_publicize_message":"Congreso del Estado emite convocatorias p\u00fablicas para ocupar el Pleno del Tribunal en Materia Anticorrupci\u00f3n y Administrativa","jetpack_publicize_feature_enabled":true,"jetpack_social_post_already_shared":true,"jetpack_social_options":{"image_generator_settings":{"template":"highway","default_image_id":0,"enabled":false},"version":2}},"categories":[15,63],"tags":[],"class_list":{"0":"post-62475","1":"post","2":"type-post","3":"status-publish","4":"format-standard","5":"has-post-thumbnail","7":"category-michoacan","8":"category-politica"},"aioseo_notices":[],"jetpack_publicize_connections":[],"jetpack_featured_media_url":"https:\/\/mediagroup.mx\/wp-content\/uploads\/2025\/02\/c00f9739-1852-45a9-9bcf-eebdfed31c04.jpeg","jetpack_sharing_enabled":true,"_links":{"self":[{"href":"https:\/\/mediagroup.mx\/index.php\/wp-json\/wp\/v2\/posts\/62475","targetHints":{"allow":["GET"]}}],"collection":[{"href":"https:\/\/mediagroup.mx\/index.php\/wp-json\/wp\/v2\/posts"}],"about":[{"href":"https:\/\/mediagroup.mx\/index.php\/wp-json\/wp\/v2\/types\/post"}],"author":[{"embeddable":true,"href":"https:\/\/mediagroup.mx\/index.php\/wp-json\/wp\/v2\/users\/2"}],"replies":[{"embeddable":true,"href":"https:\/\/mediagroup.mx\/index.php\/wp-json\/wp\/v2\/comments?post=62475"}],"version-history":[{"count":1,"href":"https:\/\/mediagroup.mx\/index.php\/wp-json\/wp\/v2\/posts\/62475\/revisions"}],"predecessor-version":[{"id":62477,"href":"https:\/\/mediagroup.mx\/index.php\/wp-json\/wp\/v2\/posts\/62475\/revisions\/62477"}],"wp:featuredmedia":[{"embeddable":true,"href":"https:\/\/mediagroup.mx\/index.php\/wp-json\/wp\/v2\/media\/62476"}],"wp:attachment":[{"href":"https:\/\/mediagroup.mx\/index.php\/wp-json\/wp\/v2\/media?parent=62475"}],"wp:term":[{"taxonomy":"category","embeddable":true,"href":"https:\/\/mediagroup.mx\/index.php\/wp-json\/wp\/v2\/categories?post=62475"},{"taxonomy":"post_tag","embeddable":true,"href":"https:\/\/mediagroup.mx\/index.php\/wp-json\/wp\/v2\/tags?post=62475"}],"curies":[{"name":"wp","href":"https:\/\/api.w.org\/{rel}","templated":true}]}}