{"id":62482,"date":"2025-02-06T20:41:19","date_gmt":"2025-02-07T02:41:19","guid":{"rendered":"https:\/\/mediagroup.mx\/?p=62482"},"modified":"2025-02-09T20:47:51","modified_gmt":"2025-02-10T02:47:51","slug":"la-inscripcion-de-la-leyenda-claudia-sheinbaum-pardo-primera-presidenta-de-mexico-reivindica-el-papel-de-las-mujeres-en-la-lucha-por-la-igualdad-nalleli-pedraza","status":"publish","type":"post","link":"https:\/\/mediagroup.mx\/index.php\/2025\/02\/06\/la-inscripcion-de-la-leyenda-claudia-sheinbaum-pardo-primera-presidenta-de-mexico-reivindica-el-papel-de-las-mujeres-en-la-lucha-por-la-igualdad-nalleli-pedraza\/","title":{"rendered":"La inscripci\u00f3n de la leyenda \u201cClaudia Sheinbaum Pardo, Primera Presidenta de M\u00e9xico\u201d reivindica el papel de las mujeres en la lucha por la igualdad: Nalleli Pedraza"},"content":{"rendered":"<p>Morelia, Michoac\u00e1n, a 6 de febrero del 2025*.- \u201cLa inscripci\u00f3n de la frase \u2018Claudia Sheinbaum Pardo, Primera Presidenta de M\u00e9xico\u2019 en letras doradas en el Congreso de Michoac\u00e1n reivindica el papel hist\u00f3rico de las mujeres en la lucha por la justicia, la igualdad y el reconocimiento del que hemos sido privadas\u201d, afirm\u00f3 la diputada local Nalleli Pedraza Huerta.<\/p>\n<p>Al razonar su voto a favor de esta iniciativa, la tambi\u00e9n Presidenta de la Comisi\u00f3n de Cultura y Artes, destac\u00f3 que la llegada de la primera mujer a la Presidencia de la Rep\u00fablica representa un ejemplo de compromiso inquebrantable con los valores fundamentales de la sociedad actual, los cuales se sintetizan en el humanismo mexicano.<\/p>\n<p>\u201cClaudia Sheinbaum, en pocos meses, ha demostrado su talante transformador y democr\u00e1tico. M\u00e1s que una mujer de Estado, ha sido una mujer de naci\u00f3n. El pueblo de M\u00e9xico eligi\u00f3 correctamente y hoy atestiguamos una postura institucional firme en defensa de los derechos humanos. Asimismo, se ha ratificado la promoci\u00f3n de la igualdad sustantiva a nivel nacional y se ha dado un enorme respaldo a la educaci\u00f3n p\u00fablica y a los sectores m\u00e1s vulnerables\u201d.<\/p>\n<p>La legisladora subray\u00f3 que inscribir esta leyenda en un espacio simb\u00f3lico como el Congreso de Michoac\u00e1n es un acto de justicia hist\u00f3rica que visibiliza a las mujeres que, desde diversas trincheras, han transformado realidades.<\/p>\n<p>Pedraza Huerta enfatiz\u00f3 que esta acci\u00f3n env\u00eda un mensaje claro: \u201cEl Congreso de Michoac\u00e1n reconoce y valora la diversidad de voces que construyen nuestra democracia y en congruencia con la realidad actual, rinde homenaje al legado que representa la primera mujer en la Presidencia de M\u00e9xico\u201d.<\/p>\n<p>Finalmente, la Diputada hizo un llamado a que este suceso hist\u00f3rico no sea olvidado ni quede como una simple an\u00e9cdota. \u201cQue la llegada de la primera mujer a la Presidencia de la Rep\u00fablica sea el primer paso para erradicar la desigualdad y la violencia, y para garantizar que las mujeres no sean invisibilizadas\u201d.<br \/>\n<img loading=\"lazy\" decoding=\"async\" class=\"alignnone size-medium wp-image-62483\" src=\"https:\/\/mediagroup.mx\/wp-content\/uploads\/2025\/02\/d69c736f-d38b-497a-8e02-87db2a33000a-300x200.jpeg\" alt=\"\" width=\"300\" height=\"200\" srcset=\"https:\/\/mediagroup.mx\/wp-content\/uploads\/2025\/02\/d69c736f-d38b-497a-8e02-87db2a33000a-300x200.jpeg 300w, https:\/\/mediagroup.mx\/wp-content\/uploads\/2025\/02\/d69c736f-d38b-497a-8e02-87db2a33000a-1024x683.jpeg 1024w, https:\/\/mediagroup.mx\/wp-content\/uploads\/2025\/02\/d69c736f-d38b-497a-8e02-87db2a33000a-768x512.jpeg 768w, https:\/\/mediagroup.mx\/wp-content\/uploads\/2025\/02\/d69c736f-d38b-497a-8e02-87db2a33000a-1536x1024.jpeg 1536w, https:\/\/mediagroup.mx\/wp-content\/uploads\/2025\/02\/d69c736f-d38b-497a-8e02-87db2a33000a-2048x1366.jpeg 2048w, https:\/\/mediagroup.mx\/wp-content\/uploads\/2025\/02\/d69c736f-d38b-497a-8e02-87db2a33000a-150x100.jpeg 150w, https:\/\/mediagroup.mx\/wp-content\/uploads\/2025\/02\/d69c736f-d38b-497a-8e02-87db2a33000a-696x464.jpeg 696w, https:\/\/mediagroup.mx\/wp-content\/uploads\/2025\/02\/d69c736f-d38b-497a-8e02-87db2a33000a-1068x712.jpeg 1068w, https:\/\/mediagroup.mx\/wp-content\/uploads\/2025\/02\/d69c736f-d38b-497a-8e02-87db2a33000a-1920x1280.jpeg 1920w\" sizes=\"auto, (max-width: 300px) 100vw, 300px\" \/><\/p>\n","protected":false},"excerpt":{"rendered":"<p>Morelia, Michoac\u00e1n, a 6 de febrero del 2025*.- \u201cLa inscripci\u00f3n de la frase \u2018Claudia Sheinbaum Pardo, Primera Presidenta de M\u00e9xico\u2019 en letras doradas en el Congreso de Michoac\u00e1n reivindica el papel hist\u00f3rico de las mujeres en la lucha por la justicia, la igualdad y el reconocimiento del que hemos sido privadas\u201d, afirm\u00f3 la diputada local [&hellip;]<\/p>\n","protected":false},"author":2,"featured_media":62483,"comment_status":"closed","ping_status":"closed","sticky":false,"template":"","format":"standard","meta":{"om_disable_all_campaigns":false,"_monsterinsights_skip_tracking":false,"_monsterinsights_sitenote_active":false,"_monsterinsights_sitenote_note":"","_monsterinsights_sitenote_category":0,"_uf_show_specific_survey":0,"_uf_disable_surveys":false,"_jetpack_memberships_contains_paid_content":false,"footnotes":"","jetpack_publicize_message":"La inscripci\u00f3n de la leyenda \u201cClaudia Sheinbaum Pardo, Primera Presidenta de M\u00e9xico\u201d reivindica el papel de las mujeres en la lucha por la igualdad: Nalleli Pedraza","jetpack_publicize_feature_enabled":true,"jetpack_social_post_already_shared":true,"jetpack_social_options":{"image_generator_settings":{"template":"highway","default_image_id":0,"enabled":false},"version":2}},"categories":[15,63],"tags":[],"class_list":{"0":"post-62482","1":"post","2":"type-post","3":"status-publish","4":"format-standard","5":"has-post-thumbnail","7":"category-michoacan","8":"category-politica"},"aioseo_notices":[],"jetpack_publicize_connections":[],"jetpack_featured_media_url":"https:\/\/mediagroup.mx\/wp-content\/uploads\/2025\/02\/d69c736f-d38b-497a-8e02-87db2a33000a-scaled.jpeg","jetpack_sharing_enabled":true,"_links":{"self":[{"href":"https:\/\/mediagroup.mx\/index.php\/wp-json\/wp\/v2\/posts\/62482","targetHints":{"allow":["GET"]}}],"collection":[{"href":"https:\/\/mediagroup.mx\/index.php\/wp-json\/wp\/v2\/posts"}],"about":[{"href":"https:\/\/mediagroup.mx\/index.php\/wp-json\/wp\/v2\/types\/post"}],"author":[{"embeddable":true,"href":"https:\/\/mediagroup.mx\/index.php\/wp-json\/wp\/v2\/users\/2"}],"replies":[{"embeddable":true,"href":"https:\/\/mediagroup.mx\/index.php\/wp-json\/wp\/v2\/comments?post=62482"}],"version-history":[{"count":1,"href":"https:\/\/mediagroup.mx\/index.php\/wp-json\/wp\/v2\/posts\/62482\/revisions"}],"predecessor-version":[{"id":62484,"href":"https:\/\/mediagroup.mx\/index.php\/wp-json\/wp\/v2\/posts\/62482\/revisions\/62484"}],"wp:featuredmedia":[{"embeddable":true,"href":"https:\/\/mediagroup.mx\/index.php\/wp-json\/wp\/v2\/media\/62483"}],"wp:attachment":[{"href":"https:\/\/mediagroup.mx\/index.php\/wp-json\/wp\/v2\/media?parent=62482"}],"wp:term":[{"taxonomy":"category","embeddable":true,"href":"https:\/\/mediagroup.mx\/index.php\/wp-json\/wp\/v2\/categories?post=62482"},{"taxonomy":"post_tag","embeddable":true,"href":"https:\/\/mediagroup.mx\/index.php\/wp-json\/wp\/v2\/tags?post=62482"}],"curies":[{"name":"wp","href":"https:\/\/api.w.org\/{rel}","templated":true}]}}