{"id":62494,"date":"2025-02-07T21:22:55","date_gmt":"2025-02-08T03:22:55","guid":{"rendered":"https:\/\/mediagroup.mx\/?p=62494"},"modified":"2025-02-09T21:26:10","modified_gmt":"2025-02-10T03:26:10","slug":"giulianna-bugarini-exige-accion-contra-el-uso-indebido-de-la-inteligencia-artificial-es-hora-de-regularla","status":"publish","type":"post","link":"https:\/\/mediagroup.mx\/index.php\/2025\/02\/07\/giulianna-bugarini-exige-accion-contra-el-uso-indebido-de-la-inteligencia-artificial-es-hora-de-regularla\/","title":{"rendered":"Giulianna Bugarini exige acci\u00f3n contra el uso indebido de la inteligencia artificial: \u2018Es hora de regularla\u2019"},"content":{"rendered":"<p>*Morelia, Michoac\u00e1n, a 07 de febrero de 2025*.- En una intervenci\u00f3n ante la tribuna del Congreso del Estado de Michoac\u00e1n, la diputada Giulianna Bugarini present\u00f3 una iniciativa para regular la manipulaci\u00f3n de continuos con inteligencia artificial (IA) en el estado, buscando mitigar los riesgos de desinformaci\u00f3n y violencia digital.<\/p>\n<p>Acompa\u00f1ada de j\u00f3venes estudiantes, quienes son los principales afectados por el mal uso de esta tecnolog\u00eda, Bugarini destac\u00f3 la urgencia de abordar este tema y establecer normas claras que protejan a la sociedad.<\/p>\n<p>La iniciativa de Giulianna Bugarini busca reformar el C\u00f3digo Penal del Estado de Michoac\u00e1n, tipificando como delito la alteraci\u00f3n de im\u00e1genes, videos y audios mediante inteligencia artificial con el prop\u00f3sito de manipular, difamar o acosar.<\/p>\n<p>\u201cEs hora de cerrar los vac\u00edos legales que permiten la impunidad en estos casos y de enviar un mensaje claro: Si la tecnolog\u00eda avanza, el Congreso no puede quedarse atr\u00e1s,\u201d expres\u00f3 la diputada.<\/p>\n<p>Bugarini resalt\u00f3 que la falta de regulaci\u00f3n de esta tecnolog\u00eda se ha convertido en una nueva forma de violencia y desinformaci\u00f3n, que crece cada d\u00eda.<\/p>\n<p>\u201cHoy, enfrentamos una amenaza que est\u00e1 avanzando r\u00e1pidamente ante la falta de regulaci\u00f3n. No podemos permitir que la tecnolog\u00eda, que debe ser una aliada del pueblo, se convierta en un arma para da\u00f1ar la integridad de las personas,\u201d subray\u00f3.<\/p>\n<p>En su discurso, la diputada tambi\u00e9n hizo hincapi\u00e9 en el potencial de la inteligencia artificial, si se regula de manera responsable. \u201cLa inteligencia artificial ya es parte de nuestra vida, y su potencial es enorme. Si la ponemos al servicio del pueblo, podr\u00eda facilitarnos el acceso a servicios p\u00fablicos, reducir la burocracia, agilizar la atenci\u00f3n en salud y mejorar la educaci\u00f3n, entre otras cosas. Pero es necesario que esta tecnolog\u00eda sea regulada con responsabilidad y visi\u00f3n,\u201d afirm\u00f3.<\/p>\n<p>La legisladora destac\u00f3 que, aunque la prohibici\u00f3n no es suficiente, esta iniciativa es solo el primer paso. \u201cEs necesario acompa\u00f1ar esta iniciativa con educaci\u00f3n, concientizaci\u00f3n y formaci\u00f3n, para que nadie se quede atr\u00e1s. La inteligencia artificial debe servir al pueblo, no someterlo. Debemos asegurarnos de que su uso sea \u00e9tico y que las personas est\u00e9n preparadas para enfrentar sus desaf\u00edos y aprovechar sus oportunidades,\u201d agreg\u00f3 Bugarini.<\/p>\n<p>En su mensaje, Bugarini record\u00f3 que \u201cla Cuarta Transformaci\u00f3n se basa en el principio de que el poder debe estar al servicio del pueblo, y que el avance tecnol\u00f3gico no debe estar en manos de quienes buscan generar caos, desinformaci\u00f3n o violencia\u201d.<\/p>\n<p>\u201cCon esta iniciativa, damos un paso firme hacia la protecci\u00f3n de los derechos digitales y hacia un uso responsable de la inteligencia artificial,\u201d concluy\u00f3 la diputada.<\/p>\n<p><img loading=\"lazy\" decoding=\"async\" class=\"alignnone size-medium wp-image-62495\" src=\"https:\/\/mediagroup.mx\/wp-content\/uploads\/2025\/02\/988c731a-e871-49c5-b2fa-dd4bb8147487-300x200.jpeg\" alt=\"\" width=\"300\" height=\"200\" srcset=\"https:\/\/mediagroup.mx\/wp-content\/uploads\/2025\/02\/988c731a-e871-49c5-b2fa-dd4bb8147487-300x200.jpeg 300w, https:\/\/mediagroup.mx\/wp-content\/uploads\/2025\/02\/988c731a-e871-49c5-b2fa-dd4bb8147487-1024x683.jpeg 1024w, https:\/\/mediagroup.mx\/wp-content\/uploads\/2025\/02\/988c731a-e871-49c5-b2fa-dd4bb8147487-768x512.jpeg 768w, https:\/\/mediagroup.mx\/wp-content\/uploads\/2025\/02\/988c731a-e871-49c5-b2fa-dd4bb8147487-1536x1024.jpeg 1536w, https:\/\/mediagroup.mx\/wp-content\/uploads\/2025\/02\/988c731a-e871-49c5-b2fa-dd4bb8147487-2048x1366.jpeg 2048w, https:\/\/mediagroup.mx\/wp-content\/uploads\/2025\/02\/988c731a-e871-49c5-b2fa-dd4bb8147487-150x100.jpeg 150w, https:\/\/mediagroup.mx\/wp-content\/uploads\/2025\/02\/988c731a-e871-49c5-b2fa-dd4bb8147487-696x464.jpeg 696w, https:\/\/mediagroup.mx\/wp-content\/uploads\/2025\/02\/988c731a-e871-49c5-b2fa-dd4bb8147487-1068x712.jpeg 1068w, https:\/\/mediagroup.mx\/wp-content\/uploads\/2025\/02\/988c731a-e871-49c5-b2fa-dd4bb8147487-1920x1280.jpeg 1920w\" sizes=\"auto, (max-width: 300px) 100vw, 300px\" \/><\/p>\n<p>&nbsp;<\/p>\n","protected":false},"excerpt":{"rendered":"<p>*Morelia, Michoac\u00e1n, a 07 de febrero de 2025*.- En una intervenci\u00f3n ante la tribuna del Congreso del Estado de Michoac\u00e1n, la diputada Giulianna Bugarini present\u00f3 una iniciativa para regular la manipulaci\u00f3n de continuos con inteligencia artificial (IA) en el estado, buscando mitigar los riesgos de desinformaci\u00f3n y violencia digital. Acompa\u00f1ada de j\u00f3venes estudiantes, quienes son [&hellip;]<\/p>\n","protected":false},"author":2,"featured_media":62495,"comment_status":"closed","ping_status":"closed","sticky":false,"template":"","format":"standard","meta":{"om_disable_all_campaigns":false,"_monsterinsights_skip_tracking":false,"_monsterinsights_sitenote_active":false,"_monsterinsights_sitenote_note":"","_monsterinsights_sitenote_category":0,"_uf_show_specific_survey":0,"_uf_disable_surveys":false,"_jetpack_memberships_contains_paid_content":false,"footnotes":"","jetpack_publicize_message":"Giulianna Bugarini exige acci\u00f3n contra el uso indebido de la inteligencia artificial: \u2018Es hora de regularla\u2019\r\n\r\n\u2022La legisladora present\u00f3 una iniciativa para enfrentar la violencia digital y la manipulaci\u00f3n de contenido con inteligencia digital.","jetpack_publicize_feature_enabled":true,"jetpack_social_post_already_shared":true,"jetpack_social_options":{"image_generator_settings":{"template":"highway","default_image_id":0,"enabled":false},"version":2}},"categories":[15,63],"tags":[],"class_list":{"0":"post-62494","1":"post","2":"type-post","3":"status-publish","4":"format-standard","5":"has-post-thumbnail","7":"category-michoacan","8":"category-politica"},"aioseo_notices":[],"jetpack_publicize_connections":[],"jetpack_featured_media_url":"https:\/\/mediagroup.mx\/wp-content\/uploads\/2025\/02\/988c731a-e871-49c5-b2fa-dd4bb8147487-scaled.jpeg","jetpack_sharing_enabled":true,"_links":{"self":[{"href":"https:\/\/mediagroup.mx\/index.php\/wp-json\/wp\/v2\/posts\/62494","targetHints":{"allow":["GET"]}}],"collection":[{"href":"https:\/\/mediagroup.mx\/index.php\/wp-json\/wp\/v2\/posts"}],"about":[{"href":"https:\/\/mediagroup.mx\/index.php\/wp-json\/wp\/v2\/types\/post"}],"author":[{"embeddable":true,"href":"https:\/\/mediagroup.mx\/index.php\/wp-json\/wp\/v2\/users\/2"}],"replies":[{"embeddable":true,"href":"https:\/\/mediagroup.mx\/index.php\/wp-json\/wp\/v2\/comments?post=62494"}],"version-history":[{"count":1,"href":"https:\/\/mediagroup.mx\/index.php\/wp-json\/wp\/v2\/posts\/62494\/revisions"}],"predecessor-version":[{"id":62496,"href":"https:\/\/mediagroup.mx\/index.php\/wp-json\/wp\/v2\/posts\/62494\/revisions\/62496"}],"wp:featuredmedia":[{"embeddable":true,"href":"https:\/\/mediagroup.mx\/index.php\/wp-json\/wp\/v2\/media\/62495"}],"wp:attachment":[{"href":"https:\/\/mediagroup.mx\/index.php\/wp-json\/wp\/v2\/media?parent=62494"}],"wp:term":[{"taxonomy":"category","embeddable":true,"href":"https:\/\/mediagroup.mx\/index.php\/wp-json\/wp\/v2\/categories?post=62494"},{"taxonomy":"post_tag","embeddable":true,"href":"https:\/\/mediagroup.mx\/index.php\/wp-json\/wp\/v2\/tags?post=62494"}],"curies":[{"name":"wp","href":"https:\/\/api.w.org\/{rel}","templated":true}]}}