{"id":62497,"date":"2025-02-07T21:27:58","date_gmt":"2025-02-08T03:27:58","guid":{"rendered":"https:\/\/mediagroup.mx\/?p=62497"},"modified":"2025-02-09T21:31:05","modified_gmt":"2025-02-10T03:31:05","slug":"jaqueline-aviles-respalda-desde-el-congreso-el-programa-michoacan-te-abraza-en-repatriacion-de-migrantes","status":"publish","type":"post","link":"https:\/\/mediagroup.mx\/index.php\/2025\/02\/07\/jaqueline-aviles-respalda-desde-el-congreso-el-programa-michoacan-te-abraza-en-repatriacion-de-migrantes\/","title":{"rendered":"Jaqueline Avil\u00e9s respalda, desde el Congreso, el programa \u00abMichoac\u00e1n Te Abraza\u00bb en repatriaci\u00f3n de migrantes"},"content":{"rendered":"<p>*Morelia, Michoac\u00e1n, 07 de febrero del 2025*.- En el marco de la presentaci\u00f3n del programa \u201cMichoac\u00e1n Te Abraza\u201d, la diputada local por Morena, Jaqueline Avil\u00e9s Osorio, presidenta de la Comisi\u00f3n de Migraci\u00f3n del Congreso del Estado, dijo respaldar estas acciones que buscan garantizar un proceso de repatriaci\u00f3n digno y humano para los migrantes michoacanos que regresan al estado.<\/p>\n<p>La legisladora local asever\u00f3 que esta es una iniciativa integral que busca priorizar siempre el respeto a los derechos humanos.<\/p>\n<p>Este programa tiene como objetivo \u201cofrecer atenci\u00f3n y apoyo a los paisanos que arriben al estado, asegurando que su regreso sea lo m\u00e1s c\u00e1lido y seguro posible\u201d, epxlic\u00f3 Avil\u00e9s Osorio.<\/p>\n<p>Detall\u00f3 que las acciones a implementar incluyen:<\/p>\n<p>*M\u00f3dulo de Atenci\u00f3n y Valoraci\u00f3n: La Secretar\u00eda de Salud dispondr\u00e1 un m\u00f3dulo en el Aeropuerto Internacional de Morelia para la atenci\u00f3n m\u00e9dica y valoraci\u00f3n de los paisanos que regresan, asegurando su bienestar.<\/p>\n<p>*Apoyo Documentario: La Direcci\u00f3n del Registro Civil establecer\u00e1 un \u00e1rea especializada para brindar asistencia con la documentaci\u00f3n necesaria, facilitando el proceso para quienes requieran alg\u00fan tipo de tr\u00e1mite.<\/p>\n<p>*Traslados Seguros: La Secretar\u00eda del Migrante coordinar\u00e1 el traslado de los repatriados desde el aeropuerto hasta la terminal de autobuses, asegurando un viaje seguro y sin contratiempos.<\/p>\n<p>*Instalaci\u00f3n de Albergues: A trav\u00e9s del Sistema DIF Michoac\u00e1n, se instalar\u00e1n albergues en diversas instituciones como Protecci\u00f3n Civil, Cecufid, Casa de las Artesan\u00edas y C\u00e1ritas, para ofrecer alojamiento temporal y apoyo a quienes lo necesiten.<\/p>\n<p>*Valoraci\u00f3n de m\u00e1s Albergues: La Secretar\u00eda de Desarrollo Econ\u00f3mico evaluar\u00e1 la posibilidad de abrir m\u00e1s albergues en diversas regiones del estado, para ampliar la capacidad de atenci\u00f3n.<\/p>\n<p>*Transporte Digno y Seguro: La Secretar\u00eda de Seguridad P\u00fablica garantizar\u00e1 que el traslado de los migrantes, tanto en autobuses como en veh\u00edculos, se realice de manera segura y digna.<\/p>\n<p>En este contexto la diputada Jaqueline \u00c1viles expres\u00f3 su compromiso con la repatriaci\u00f3n respetuosa y humana de los migrantes michoacanos, subrayando que este programa busca ser un puente de apoyo y solidaridad para aquellos que regresan a su hogar.<\/p>\n<p>\u201cCon \u2018Michoac\u00e1n Te Abraza\u2019, queremos mostrar que este estado es un lugar de puertas abiertas para quienes han tenido que partir, y ahora regresan. Nuestro objetivo es brindarles un recibimiento digno, sin olvidar que siempre estamos comprometidos con el respeto a sus derechos humanos\u201d, remarc\u00f3.<\/p>\n<p>La presidenta de la Comisi\u00f3n de Migraci\u00f3n dijo que \u201ceste esfuerzo conjunto con el gobierno estatal y diversas dependencias tiene como fin no solo facilitar el retorno de nuestros paisanos, sino tambi\u00e9n ofrecerles las condiciones necesarias para su reintegraci\u00f3n exitosa en la vida comunitaria y laboral del estado\u201d.<br \/>\n<img loading=\"lazy\" decoding=\"async\" class=\"alignnone size-medium wp-image-62498\" src=\"https:\/\/mediagroup.mx\/wp-content\/uploads\/2025\/02\/dffe67d4-7a2d-4029-83a6-123b3f8f9871-300x230.jpeg\" alt=\"\" width=\"300\" height=\"230\" srcset=\"https:\/\/mediagroup.mx\/wp-content\/uploads\/2025\/02\/dffe67d4-7a2d-4029-83a6-123b3f8f9871-300x230.jpeg 300w, https:\/\/mediagroup.mx\/wp-content\/uploads\/2025\/02\/dffe67d4-7a2d-4029-83a6-123b3f8f9871-1024x786.jpeg 1024w, https:\/\/mediagroup.mx\/wp-content\/uploads\/2025\/02\/dffe67d4-7a2d-4029-83a6-123b3f8f9871-768x589.jpeg 768w, https:\/\/mediagroup.mx\/wp-content\/uploads\/2025\/02\/dffe67d4-7a2d-4029-83a6-123b3f8f9871-1536x1179.jpeg 1536w, https:\/\/mediagroup.mx\/wp-content\/uploads\/2025\/02\/dffe67d4-7a2d-4029-83a6-123b3f8f9871-150x115.jpeg 150w, https:\/\/mediagroup.mx\/wp-content\/uploads\/2025\/02\/dffe67d4-7a2d-4029-83a6-123b3f8f9871-696x534.jpeg 696w, https:\/\/mediagroup.mx\/wp-content\/uploads\/2025\/02\/dffe67d4-7a2d-4029-83a6-123b3f8f9871-1068x820.jpeg 1068w, https:\/\/mediagroup.mx\/wp-content\/uploads\/2025\/02\/dffe67d4-7a2d-4029-83a6-123b3f8f9871.jpeg 1600w\" sizes=\"auto, (max-width: 300px) 100vw, 300px\" \/><\/p>\n","protected":false},"excerpt":{"rendered":"<p>*Morelia, Michoac\u00e1n, 07 de febrero del 2025*.- En el marco de la presentaci\u00f3n del programa \u201cMichoac\u00e1n Te Abraza\u201d, la diputada local por Morena, Jaqueline Avil\u00e9s Osorio, presidenta de la Comisi\u00f3n de Migraci\u00f3n del Congreso del Estado, dijo respaldar estas acciones que buscan garantizar un proceso de repatriaci\u00f3n digno y humano para los migrantes michoacanos que [&hellip;]<\/p>\n","protected":false},"author":2,"featured_media":62498,"comment_status":"closed","ping_status":"closed","sticky":false,"template":"","format":"standard","meta":{"om_disable_all_campaigns":false,"_monsterinsights_skip_tracking":false,"_monsterinsights_sitenote_active":false,"_monsterinsights_sitenote_note":"","_monsterinsights_sitenote_category":0,"_uf_show_specific_survey":0,"_uf_disable_surveys":false,"_jetpack_memberships_contains_paid_content":false,"footnotes":"","jetpack_publicize_message":"Jaqueline Avil\u00e9s respalda, desde el Congreso, el programa \"Michoac\u00e1n Te Abraza\" en repatriaci\u00f3n de migrantes","jetpack_publicize_feature_enabled":true,"jetpack_social_post_already_shared":true,"jetpack_social_options":{"image_generator_settings":{"template":"highway","default_image_id":0,"enabled":false},"version":2}},"categories":[15,63],"tags":[],"class_list":{"0":"post-62497","1":"post","2":"type-post","3":"status-publish","4":"format-standard","5":"has-post-thumbnail","7":"category-michoacan","8":"category-politica"},"aioseo_notices":[],"jetpack_publicize_connections":[],"jetpack_featured_media_url":"https:\/\/mediagroup.mx\/wp-content\/uploads\/2025\/02\/dffe67d4-7a2d-4029-83a6-123b3f8f9871.jpeg","jetpack_sharing_enabled":true,"_links":{"self":[{"href":"https:\/\/mediagroup.mx\/index.php\/wp-json\/wp\/v2\/posts\/62497","targetHints":{"allow":["GET"]}}],"collection":[{"href":"https:\/\/mediagroup.mx\/index.php\/wp-json\/wp\/v2\/posts"}],"about":[{"href":"https:\/\/mediagroup.mx\/index.php\/wp-json\/wp\/v2\/types\/post"}],"author":[{"embeddable":true,"href":"https:\/\/mediagroup.mx\/index.php\/wp-json\/wp\/v2\/users\/2"}],"replies":[{"embeddable":true,"href":"https:\/\/mediagroup.mx\/index.php\/wp-json\/wp\/v2\/comments?post=62497"}],"version-history":[{"count":1,"href":"https:\/\/mediagroup.mx\/index.php\/wp-json\/wp\/v2\/posts\/62497\/revisions"}],"predecessor-version":[{"id":62499,"href":"https:\/\/mediagroup.mx\/index.php\/wp-json\/wp\/v2\/posts\/62497\/revisions\/62499"}],"wp:featuredmedia":[{"embeddable":true,"href":"https:\/\/mediagroup.mx\/index.php\/wp-json\/wp\/v2\/media\/62498"}],"wp:attachment":[{"href":"https:\/\/mediagroup.mx\/index.php\/wp-json\/wp\/v2\/media?parent=62497"}],"wp:term":[{"taxonomy":"category","embeddable":true,"href":"https:\/\/mediagroup.mx\/index.php\/wp-json\/wp\/v2\/categories?post=62497"},{"taxonomy":"post_tag","embeddable":true,"href":"https:\/\/mediagroup.mx\/index.php\/wp-json\/wp\/v2\/tags?post=62497"}],"curies":[{"name":"wp","href":"https:\/\/api.w.org\/{rel}","templated":true}]}}