{"id":62500,"date":"2025-02-07T21:32:15","date_gmt":"2025-02-08T03:32:15","guid":{"rendered":"https:\/\/mediagroup.mx\/?p=62500"},"modified":"2025-02-09T21:34:53","modified_gmt":"2025-02-10T03:34:53","slug":"hugo-rangel-atiende-demandas-del-sector-transportista-en-michoacansi","status":"publish","type":"post","link":"https:\/\/mediagroup.mx\/index.php\/2025\/02\/07\/hugo-rangel-atiende-demandas-del-sector-transportista-en-michoacansi\/","title":{"rendered":"Hugo Rangel atiende demandas del sector transportista en Michoac\u00e1nSi"},"content":{"rendered":"<p>*Morelia, Michoac\u00e1n, a 7 de febrero del 2025*.- En respuesta a las inquietudes del sector transportista, el presidente de la Comisi\u00f3n de Comunicaciones y Transportes del Congreso del Estado, Hugo Rangel Vargas, junto con el diputado Juan Carlos Barrag\u00e1n y la titular del Instituto del Transporte Michoacano, Mar\u00eda Helena Huerta, sostuvieron una mesa t\u00e9cnica para analizar y corregir deficiencias en la Ley de Movilidad y Seguridad Vial de Michoac\u00e1n y el reglamento que de esta deviene.<\/p>\n<p>Durante la reuni\u00f3n, se revis\u00f3 art\u00edculo por art\u00edculo la normativa vigente, con el prop\u00f3sito de identificar \u00e1reas de mejora y consensuar ajustes que garanticen el derecho a la movilidad de manera justa y equitativa.<\/p>\n<p>A partir de este an\u00e1lisis, se establecieron acuerdos que dar\u00e1n forma a una iniciativa de reforma, orientada a fortalecer la regulaci\u00f3n del transporte en el estado y atender las preocupaciones de los concesionarios y trabajadores del sector.<\/p>\n<p>El legislador Hugo Rangel destac\u00f3 la importancia de construir una legislaci\u00f3n que no solo garantice seguridad vial y eficiencia en el transporte, sino que tambi\u00e9n respete los derechos de los transportistas y mejore las condiciones del servicio para los usuarios.<\/p>\n<p>\u201cEstamos comprometidos con un proceso legislativo abierto y participativo. La movilidad en Michoac\u00e1n debe atender las necesidades de quienes trabajan en el transporte, pero tambi\u00e9n de la ciudadan\u00eda que demanda un servicio seguro y eficiente\u201d, se\u00f1al\u00f3.<\/p>\n<p>Con este ejercicio de di\u00e1logo y concertaci\u00f3n, se robustece la propuesta legislativa en materia de movilidad, avanzando hacia un marco normativo que responda a la realidad del estado y garantice un transporte m\u00e1s seguro, ordenado y accesible para todas y todos<br \/>\n<img loading=\"lazy\" decoding=\"async\" class=\"alignnone size-medium wp-image-62501\" src=\"https:\/\/mediagroup.mx\/wp-content\/uploads\/2025\/02\/9577cefb-a4ff-461d-9274-196038b0d895-300x273.jpeg\" alt=\"\" width=\"300\" height=\"273\" srcset=\"https:\/\/mediagroup.mx\/wp-content\/uploads\/2025\/02\/9577cefb-a4ff-461d-9274-196038b0d895-300x273.jpeg 300w, https:\/\/mediagroup.mx\/wp-content\/uploads\/2025\/02\/9577cefb-a4ff-461d-9274-196038b0d895-1024x933.jpeg 1024w, https:\/\/mediagroup.mx\/wp-content\/uploads\/2025\/02\/9577cefb-a4ff-461d-9274-196038b0d895-768x700.jpeg 768w, https:\/\/mediagroup.mx\/wp-content\/uploads\/2025\/02\/9577cefb-a4ff-461d-9274-196038b0d895-1536x1400.jpeg 1536w, https:\/\/mediagroup.mx\/wp-content\/uploads\/2025\/02\/9577cefb-a4ff-461d-9274-196038b0d895-150x137.jpeg 150w, https:\/\/mediagroup.mx\/wp-content\/uploads\/2025\/02\/9577cefb-a4ff-461d-9274-196038b0d895-696x634.jpeg 696w, https:\/\/mediagroup.mx\/wp-content\/uploads\/2025\/02\/9577cefb-a4ff-461d-9274-196038b0d895-1068x973.jpeg 1068w, https:\/\/mediagroup.mx\/wp-content\/uploads\/2025\/02\/9577cefb-a4ff-461d-9274-196038b0d895.jpeg 1600w\" sizes=\"auto, (max-width: 300px) 100vw, 300px\" \/><\/p>\n","protected":false},"excerpt":{"rendered":"<p>*Morelia, Michoac\u00e1n, a 7 de febrero del 2025*.- En respuesta a las inquietudes del sector transportista, el presidente de la Comisi\u00f3n de Comunicaciones y Transportes del Congreso del Estado, Hugo Rangel Vargas, junto con el diputado Juan Carlos Barrag\u00e1n y la titular del Instituto del Transporte Michoacano, Mar\u00eda Helena Huerta, sostuvieron una mesa t\u00e9cnica para [&hellip;]<\/p>\n","protected":false},"author":2,"featured_media":62501,"comment_status":"closed","ping_status":"closed","sticky":false,"template":"","format":"standard","meta":{"om_disable_all_campaigns":false,"_monsterinsights_skip_tracking":false,"_monsterinsights_sitenote_active":false,"_monsterinsights_sitenote_note":"","_monsterinsights_sitenote_category":0,"_uf_show_specific_survey":0,"_uf_disable_surveys":false,"_jetpack_memberships_contains_paid_content":false,"footnotes":"","jetpack_publicize_message":"","jetpack_publicize_feature_enabled":true,"jetpack_social_post_already_shared":true,"jetpack_social_options":{"image_generator_settings":{"template":"highway","default_image_id":0,"enabled":false},"version":2}},"categories":[15,63],"tags":[],"class_list":{"0":"post-62500","1":"post","2":"type-post","3":"status-publish","4":"format-standard","5":"has-post-thumbnail","7":"category-michoacan","8":"category-politica"},"aioseo_notices":[],"jetpack_publicize_connections":[],"jetpack_featured_media_url":"https:\/\/mediagroup.mx\/wp-content\/uploads\/2025\/02\/9577cefb-a4ff-461d-9274-196038b0d895.jpeg","jetpack_sharing_enabled":true,"_links":{"self":[{"href":"https:\/\/mediagroup.mx\/index.php\/wp-json\/wp\/v2\/posts\/62500","targetHints":{"allow":["GET"]}}],"collection":[{"href":"https:\/\/mediagroup.mx\/index.php\/wp-json\/wp\/v2\/posts"}],"about":[{"href":"https:\/\/mediagroup.mx\/index.php\/wp-json\/wp\/v2\/types\/post"}],"author":[{"embeddable":true,"href":"https:\/\/mediagroup.mx\/index.php\/wp-json\/wp\/v2\/users\/2"}],"replies":[{"embeddable":true,"href":"https:\/\/mediagroup.mx\/index.php\/wp-json\/wp\/v2\/comments?post=62500"}],"version-history":[{"count":1,"href":"https:\/\/mediagroup.mx\/index.php\/wp-json\/wp\/v2\/posts\/62500\/revisions"}],"predecessor-version":[{"id":62502,"href":"https:\/\/mediagroup.mx\/index.php\/wp-json\/wp\/v2\/posts\/62500\/revisions\/62502"}],"wp:featuredmedia":[{"embeddable":true,"href":"https:\/\/mediagroup.mx\/index.php\/wp-json\/wp\/v2\/media\/62501"}],"wp:attachment":[{"href":"https:\/\/mediagroup.mx\/index.php\/wp-json\/wp\/v2\/media?parent=62500"}],"wp:term":[{"taxonomy":"category","embeddable":true,"href":"https:\/\/mediagroup.mx\/index.php\/wp-json\/wp\/v2\/categories?post=62500"},{"taxonomy":"post_tag","embeddable":true,"href":"https:\/\/mediagroup.mx\/index.php\/wp-json\/wp\/v2\/tags?post=62500"}],"curies":[{"name":"wp","href":"https:\/\/api.w.org\/{rel}","templated":true}]}}