{"id":62548,"date":"2025-02-11T10:37:36","date_gmt":"2025-02-11T16:37:36","guid":{"rendered":"https:\/\/mediagroup.mx\/?p=62548"},"modified":"2025-02-11T10:37:36","modified_gmt":"2025-02-11T16:37:36","slug":"mueren-al-menos-54-personas-en-un-accidente-de-autobus-en-guatemala","status":"publish","type":"post","link":"https:\/\/mediagroup.mx\/index.php\/2025\/02\/11\/mueren-al-menos-54-personas-en-un-accidente-de-autobus-en-guatemala\/","title":{"rendered":"Mueren al menos 54 personas en un accidente de autob\u00fas en Guatemala"},"content":{"rendered":"<p class=\"paragraph inline-placeholder vossi-paragraph\" style=\"text-align: justify;\" data-uri=\"es.cms.cnn.com\/_components\/paragraph\/instances\/cm6z67vfk002p27qmbfrycy3q@published\" data-editable=\"text\" data-component-name=\"paragraph\" data-article-gutter=\"true\" data-analytics-observe=\"off\">Al menos 54 personas murieron despu\u00e9s de que un autob\u00fas se precipitara por un puente a un barranco en Ciudad de Guatemala estew lunes, seg\u00fan el Instituto Nacional de Ciencias Forenses del pa\u00eds.<\/p>\n<p class=\"paragraph inline-placeholder vossi-paragraph\" style=\"text-align: justify;\" data-uri=\"es.cms.cnn.com\/_components\/paragraph\/instances\/cm70c03me0003356mrujp8cgh@published\" data-editable=\"text\" data-component-name=\"paragraph\" data-article-gutter=\"true\" data-analytics-observe=\"off\">El autob\u00fas viajaba por el puente Belice, en la zona seis de la capital guatemalteca, cuando se precipit\u00f3 por el barranco, seg\u00fan las autoridades.<\/p>\n<p class=\"paragraph inline-placeholder vossi-paragraph\" style=\"text-align: justify;\" data-uri=\"es.cms.cnn.com\/_components\/paragraph\/instances\/cm70c03me0004356mgfmrz11y@published\" data-editable=\"text\" data-component-name=\"paragraph\" data-article-gutter=\"true\" data-analytics-observe=\"off\">Las im\u00e1genes de los restos publicadas en las redes sociales por los equipos de emergencia muestran el autob\u00fas volcado y parcialmente sumergido en el agua. Se pueden ver escombros esparcidos alrededor del autob\u00fas, tanto en el suelo como en el agua.<\/p>\n<p class=\"paragraph inline-placeholder vossi-paragraph\" style=\"text-align: justify;\" data-uri=\"es.cms.cnn.com\/_components\/paragraph\/instances\/cm70c03me0005356m3g1j1ofv@published\" data-editable=\"text\" data-component-name=\"paragraph\" data-article-gutter=\"true\" data-analytics-observe=\"on\">Las fotos publicadas en las redes sociales por el Ej\u00e9rcito guatemalteco muestran varios cad\u00e1veres tendidos en la orilla del barranco.<\/p>\n<p class=\"paragraph inline-placeholder vossi-paragraph\" style=\"text-align: justify;\" data-uri=\"es.cms.cnn.com\/_components\/paragraph\/instances\/cm70c03me0006356ma5u2az5j@published\" data-editable=\"text\" data-component-name=\"paragraph\" data-article-gutter=\"true\" data-analytics-observe=\"on\">En las primeras horas de la ma\u00f1ana de este lunes, los equipos de emergencia tuvieron que trabajar en la oscuridad para rescatar a las personas de entre los escombros, utilizando faros y linternas para ver, seg\u00fan muestran los videos publicados en X por el servicio de bomberos voluntarios del pa\u00eds.<\/p>\n<div class=\"image image__hide-placeholder image--eq-extra-small image--eq-small\" style=\"text-align: justify;\" data-uri=\"es.cms.cnn.com\/_components\/image\/instances\/cm6zcfsyh001r3b6m4guoexnd@published\" data-image-variation=\"image\" data-name=\"gjbyymsx0aawpic.jpg\" data-component-name=\"image\" data-observe-resizes=\"\" data-breakpoints=\"{&quot;image--eq-extra-small&quot;: 115, &quot;image--eq-small&quot;: 300}\" data-original-ratio=\"0.6663793103448276\" data-original-height=\"773\" data-original-width=\"1160\" data-url=\"https:\/\/media.cnn.com\/api\/v1\/images\/stellar\/prod\/gjbyymsx0aawpic-20250210174543863.jpg?c=original\" data-editable=\"settings\">\n<div class=\"image__container \" data-image-variation=\"image\" data-breakpoints=\"{&quot;image--eq-extra-small&quot;: 115, &quot;image--eq-small&quot;: 300, &quot;image--show-credits&quot;: 525}\"><picture class=\"image__picture\"><source srcset=\"https:\/\/media.cnn.com\/api\/v1\/images\/stellar\/prod\/gjbyymsx0aawpic-20250210174543863.jpg?q=w_1110,c_fill\/f_webp\" type=\"image\/webp\" media=\"(min-width: 1280px)\" \/><source srcset=\"https:\/\/media.cnn.com\/api\/v1\/images\/stellar\/prod\/gjbyymsx0aawpic-20250210174543863.jpg?q=w_1015,c_fill\/f_webp\" type=\"image\/webp\" media=\"(min-width: 960px)\" \/><source srcset=\"https:\/\/media.cnn.com\/api\/v1\/images\/stellar\/prod\/gjbyymsx0aawpic-20250210174543863.jpg?q=w_1160,c_fill\/f_webp\" type=\"image\/webp\" media=\"(min-width: 480px)\" \/><source srcset=\"https:\/\/media.cnn.com\/api\/v1\/images\/stellar\/prod\/gjbyymsx0aawpic-20250210174543863.jpg?q=w_680,c_fill\/f_webp\" type=\"image\/webp\" media=\"(max-width: 479px)\" \/><img loading=\"lazy\" decoding=\"async\" class=\"image__dam-img\" src=\"https:\/\/media.cnn.com\/api\/v1\/images\/stellar\/prod\/gjbyymsx0aawpic-20250210174543863.jpg?q=w_1110,c_fill\" alt=\"Personal de emergencia en el lugar del incidente.\" width=\"1160\" height=\"773\" \/><\/picture><\/div>\n<div class=\"image__metadata\">\n<div class=\"image__caption attribution\"><span class=\"inline-placeholder\" data-editable=\"metaCaption\">Personal de emergencia en el lugar del incidente.<\/span><\/div>\n<p>Bomberos Voluntarios\/X<\/p><\/div>\n<div><\/div>\n<\/div>\n<p class=\"paragraph inline-placeholder vossi-paragraph\" style=\"text-align: justify;\" data-uri=\"es.cms.cnn.com\/_components\/paragraph\/instances\/cm70bst5m0000356mqtwba8dg@published\" data-editable=\"text\" data-component-name=\"paragraph\" data-article-gutter=\"true\" data-analytics-observe=\"on\">M\u00e1s tarde, agentes de Polic\u00eda, bomberos voluntarios, bomberos municipales, miembros del Ej\u00e9rcito y miembros de la Cruz Roja Guatemalteca trabajaron para recuperar cad\u00e1veres del lugar.<\/p>\n<p class=\"paragraph inline-placeholder vossi-paragraph\" style=\"text-align: justify;\" data-uri=\"es.cms.cnn.com\/_components\/paragraph\/instances\/cm70c0pjk000d356md67g9ggc@published\" data-editable=\"text\" data-component-name=\"paragraph\" data-article-gutter=\"true\" data-analytics-observe=\"on\">El alcalde de Ciudad de Guatemala, Ricardo Qui\u00f1\u00f3nez Lemus,\u00a0<a href=\"https:\/\/www.facebook.com\/RicardoQuinonezL\/posts\/pfbid0moqWm9rw2TodW4jDQkTavsHTsq3GjQNZ5Kvp7kptWf17caYeUQpgWyLcsgL6VGmXl\" target=\"_blank\" rel=\"noopener\">public\u00f3 en Facebook<\/a> que hab\u00eda desplegado \u201ctodos los organismos de emergencia para agilizar las operaciones de rescate\u201d.<\/p>\n<p class=\"paragraph inline-placeholder vossi-paragraph\" style=\"text-align: justify;\" data-uri=\"es.cms.cnn.com\/_components\/paragraph\/instances\/cm70c0pjk000e356m0pbfyyzu@published\" data-editable=\"text\" data-component-name=\"paragraph\" data-article-gutter=\"true\" data-analytics-observe=\"off\">El presidente de Guatemala, Bernardo Ar\u00e9valo, calific\u00f3 la tragedia de \u201cdolor nacional\u201d, y\u00a0<a href=\"https:\/\/x.com\/BArevalodeLeon\/status\/1888956462187110470\" target=\"_blank\" rel=\"noopener\">escribi\u00f3 en X<\/a>\u00a0que se solidariza \u201ccon las familias de las v\u00edctimas que hoy despertaron con una noticia desgarradora\u201d.<\/p>\n<p class=\"paragraph inline-placeholder vossi-paragraph\" style=\"text-align: justify;\" data-uri=\"es.cms.cnn.com\/_components\/paragraph\/instances\/cm70c0pjk000f356m7d9q3ybe@published\" data-editable=\"text\" data-component-name=\"paragraph\" data-article-gutter=\"true\" data-analytics-observe=\"off\">\u201cSu dolor es mi dolor\u201d, public\u00f3, declarando un per\u00edodo de luto nacional.<\/p>\n<p class=\"paragraph inline-placeholder vossi-paragraph\" style=\"text-align: justify;\" data-uri=\"es.cms.cnn.com\/_components\/paragraph\/instances\/cm70c0pjk000g356mtql7wifj@published\" data-editable=\"text\" data-component-name=\"paragraph\" data-article-gutter=\"true\" data-analytics-observe=\"off\">La Cruz Roja Guatemalteca dijo en un\u00a0<a href=\"https:\/\/x.com\/CruzRojaGT_\/status\/1888982222885069053\" target=\"_blank\" rel=\"noopener\">post en X<\/a>\u00a0que estaba proporcionando apoyo psicol\u00f3gico a los familiares de los fallecidos en el accidente.<\/p>\n<p data-uri=\"es.cms.cnn.com\/_components\/paragraph\/instances\/cm70c0pjk000g356mtql7wifj@published\" data-editable=\"text\" data-component-name=\"paragraph\" data-article-gutter=\"true\" data-analytics-observe=\"off\">V\u00eda: CNN<\/p>\n","protected":false},"excerpt":{"rendered":"<p>Al menos 54 personas murieron despu\u00e9s de que un autob\u00fas se precipitara por un puente a un barranco en Ciudad de Guatemala estew lunes, seg\u00fan el Instituto Nacional de Ciencias Forenses del pa\u00eds. El autob\u00fas viajaba por el puente Belice, en la zona seis de la capital guatemalteca, cuando se precipit\u00f3 por el barranco, seg\u00fan [&hellip;]<\/p>\n","protected":false},"author":2,"featured_media":62549,"comment_status":"closed","ping_status":"closed","sticky":false,"template":"","format":"standard","meta":{"om_disable_all_campaigns":false,"_monsterinsights_skip_tracking":false,"_monsterinsights_sitenote_active":false,"_monsterinsights_sitenote_note":"","_monsterinsights_sitenote_category":0,"_uf_show_specific_survey":0,"_uf_disable_surveys":false,"_jetpack_memberships_contains_paid_content":false,"footnotes":"","jetpack_publicize_message":"Mueren al menos 54 personas en un accidente de autob\u00fas en Guatemala","jetpack_publicize_feature_enabled":true,"jetpack_social_post_already_shared":true,"jetpack_social_options":{"image_generator_settings":{"template":"highway","default_image_id":0,"enabled":false},"version":2}},"categories":[18],"tags":[],"class_list":{"0":"post-62548","1":"post","2":"type-post","3":"status-publish","4":"format-standard","5":"has-post-thumbnail","7":"category-internacional"},"aioseo_notices":[],"jetpack_publicize_connections":[],"jetpack_featured_media_url":"https:\/\/mediagroup.mx\/wp-content\/uploads\/2025\/02\/Captura-de-pantalla-2025-02-11-a-las-10.37.16.png","jetpack_sharing_enabled":true,"_links":{"self":[{"href":"https:\/\/mediagroup.mx\/index.php\/wp-json\/wp\/v2\/posts\/62548","targetHints":{"allow":["GET"]}}],"collection":[{"href":"https:\/\/mediagroup.mx\/index.php\/wp-json\/wp\/v2\/posts"}],"about":[{"href":"https:\/\/mediagroup.mx\/index.php\/wp-json\/wp\/v2\/types\/post"}],"author":[{"embeddable":true,"href":"https:\/\/mediagroup.mx\/index.php\/wp-json\/wp\/v2\/users\/2"}],"replies":[{"embeddable":true,"href":"https:\/\/mediagroup.mx\/index.php\/wp-json\/wp\/v2\/comments?post=62548"}],"version-history":[{"count":1,"href":"https:\/\/mediagroup.mx\/index.php\/wp-json\/wp\/v2\/posts\/62548\/revisions"}],"predecessor-version":[{"id":62550,"href":"https:\/\/mediagroup.mx\/index.php\/wp-json\/wp\/v2\/posts\/62548\/revisions\/62550"}],"wp:featuredmedia":[{"embeddable":true,"href":"https:\/\/mediagroup.mx\/index.php\/wp-json\/wp\/v2\/media\/62549"}],"wp:attachment":[{"href":"https:\/\/mediagroup.mx\/index.php\/wp-json\/wp\/v2\/media?parent=62548"}],"wp:term":[{"taxonomy":"category","embeddable":true,"href":"https:\/\/mediagroup.mx\/index.php\/wp-json\/wp\/v2\/categories?post=62548"},{"taxonomy":"post_tag","embeddable":true,"href":"https:\/\/mediagroup.mx\/index.php\/wp-json\/wp\/v2\/tags?post=62548"}],"curies":[{"name":"wp","href":"https:\/\/api.w.org\/{rel}","templated":true}]}}