{"id":62560,"date":"2025-02-11T15:06:56","date_gmt":"2025-02-11T21:06:56","guid":{"rendered":"https:\/\/mediagroup.mx\/?p=62560"},"modified":"2025-02-11T15:06:56","modified_gmt":"2025-02-11T21:06:56","slug":"prioridad-para-bancada-naranja-proteccion-integral-de-las-ninas-y-ninos-grecia-aguilar","status":"publish","type":"post","link":"https:\/\/mediagroup.mx\/index.php\/2025\/02\/11\/prioridad-para-bancada-naranja-proteccion-integral-de-las-ninas-y-ninos-grecia-aguilar\/","title":{"rendered":"Prioridad para bancada naranja: protecci\u00f3n integral de las ni\u00f1as y ni\u00f1os: Grecia Aguilar"},"content":{"rendered":"<p>Para el Grupo Parlamentario de Movimiento Ciudadano en la LXXVI Legislatura Local, las y los menores de edad deben ser una prioridad en las pol\u00edticas de seguridad y justicia, por lo que la bancada naranja plantea diversas medidas orientadas a asegurar su bienestar y desarrollo en un entorno seguro y libre de violencia, por lo que se presentar\u00e1n reformas a las normas vigentes, subray\u00f3 la diputada Grecia Jennifer Aguilar Mercado.<\/p>\n<p>La diputada integrante de la Comisi\u00f3n de Protecci\u00f3n a la Ni\u00f1ez y la Adolescencia, en el Congreso del Estado, destac\u00f3 que dentro de la agenda de la bancada naranja se plantea la implementaci\u00f3n de unidades especializadas dentro de las fuerzas policiales para la prevenci\u00f3n, atenci\u00f3n y seguimiento de los casos de violencia y abuso infantil.<\/p>\n<p>A\u00f1adi\u00f3 que estas unidades, por ley, deben contar con elementos capacitados para actuar con sensibilidad y rapidez, garantizando la protecci\u00f3n de los derechos de las ni\u00f1as y ni\u00f1os, por lo que se trabaja en una reforma al respecto.<\/p>\n<p>Destac\u00f3 que, como bancada naranja, desde la LXXVI Legislatura se impulsar\u00e1 una reforma a la procuradur\u00eda para que cuente con mayores recursos humanos y materiales, y con capacitaci\u00f3n continua en lo que se refiere a los derechos a la atenci\u00f3n de la infancia, psicol\u00f3gica y jur\u00eddica especializada.<\/p>\n<p>\u00abCon nuestro coordinador V\u00edctor Manr\u00edquez hemos coincidido en que debe existir un programa por ley que se implemente en las escuelas p\u00fablicas y privadas del Estado, con el que se promuevan los derechos de las y los ni\u00f1os y se contribuya a identificar las se\u00f1ales de abuso y fomentar un entorno seguro para el aprendizaje\u00bb, afirm\u00f3.<\/p>\n<p>Asimismo, Grecia Aguilar dio a conocer que en el Congreso propondr\u00e1 la creaci\u00f3n de un centro especializado para la atenci\u00f3n de menores que hayan sido v\u00edctimas de violencia, brindando apoyo m\u00e9dico, psicol\u00f3gico y social. En este se brindar\u00e1 un espacio seguro para que las y los ni\u00f1os se recuperen y reintegren a sus actividades cotidianas.<\/p>\n<p>Adelant\u00f3 que tambi\u00e9n se impulsar\u00e1, desde la legislaci\u00f3n, la creaci\u00f3n de un sistema de alerta temprana que permita a las comunidades reportar situaciones de riesgo para las y los ni\u00f1os, fortaleciendo la red de protecci\u00f3n comunitaria, el cual se integrar\u00e1 con las autoridades locales para responder de manera r\u00e1pida y efectiva.<\/p>\n<p><img loading=\"lazy\" decoding=\"async\" class=\"alignnone size-medium wp-image-62561\" src=\"https:\/\/mediagroup.mx\/wp-content\/uploads\/2025\/02\/WhatsApp-Image-2025-02-11-at-11.26.08-AM-240x300.jpeg\" alt=\"\" width=\"240\" height=\"300\" srcset=\"https:\/\/mediagroup.mx\/wp-content\/uploads\/2025\/02\/WhatsApp-Image-2025-02-11-at-11.26.08-AM-240x300.jpeg 240w, https:\/\/mediagroup.mx\/wp-content\/uploads\/2025\/02\/WhatsApp-Image-2025-02-11-at-11.26.08-AM-819x1024.jpeg 819w, https:\/\/mediagroup.mx\/wp-content\/uploads\/2025\/02\/WhatsApp-Image-2025-02-11-at-11.26.08-AM-768x960.jpeg 768w, https:\/\/mediagroup.mx\/wp-content\/uploads\/2025\/02\/WhatsApp-Image-2025-02-11-at-11.26.08-AM-150x187.jpeg 150w, https:\/\/mediagroup.mx\/wp-content\/uploads\/2025\/02\/WhatsApp-Image-2025-02-11-at-11.26.08-AM-300x375.jpeg 300w, https:\/\/mediagroup.mx\/wp-content\/uploads\/2025\/02\/WhatsApp-Image-2025-02-11-at-11.26.08-AM-696x870.jpeg 696w, https:\/\/mediagroup.mx\/wp-content\/uploads\/2025\/02\/WhatsApp-Image-2025-02-11-at-11.26.08-AM-1068x1335.jpeg 1068w, https:\/\/mediagroup.mx\/wp-content\/uploads\/2025\/02\/WhatsApp-Image-2025-02-11-at-11.26.08-AM.jpeg 1125w\" sizes=\"auto, (max-width: 240px) 100vw, 240px\" \/><\/p>\n","protected":false},"excerpt":{"rendered":"<p>Para el Grupo Parlamentario de Movimiento Ciudadano en la LXXVI Legislatura Local, las y los menores de edad deben ser una prioridad en las pol\u00edticas de seguridad y justicia, por lo que la bancada naranja plantea diversas medidas orientadas a asegurar su bienestar y desarrollo en un entorno seguro y libre de violencia, por lo [&hellip;]<\/p>\n","protected":false},"author":2,"featured_media":62561,"comment_status":"closed","ping_status":"closed","sticky":false,"template":"","format":"standard","meta":{"om_disable_all_campaigns":false,"_monsterinsights_skip_tracking":false,"_monsterinsights_sitenote_active":false,"_monsterinsights_sitenote_note":"","_monsterinsights_sitenote_category":0,"_uf_show_specific_survey":0,"_uf_disable_surveys":false,"_jetpack_memberships_contains_paid_content":false,"footnotes":"","jetpack_publicize_message":"Prioridad para bancada naranja: protecci\u00f3n integral de las ni\u00f1as y ni\u00f1os: Grecia Aguilar","jetpack_publicize_feature_enabled":true,"jetpack_social_post_already_shared":true,"jetpack_social_options":{"image_generator_settings":{"template":"highway","default_image_id":0,"enabled":false},"version":2}},"categories":[15,63],"tags":[],"class_list":{"0":"post-62560","1":"post","2":"type-post","3":"status-publish","4":"format-standard","5":"has-post-thumbnail","7":"category-michoacan","8":"category-politica"},"aioseo_notices":[],"jetpack_publicize_connections":[],"jetpack_featured_media_url":"https:\/\/mediagroup.mx\/wp-content\/uploads\/2025\/02\/WhatsApp-Image-2025-02-11-at-11.26.08-AM.jpeg","jetpack_sharing_enabled":true,"_links":{"self":[{"href":"https:\/\/mediagroup.mx\/index.php\/wp-json\/wp\/v2\/posts\/62560","targetHints":{"allow":["GET"]}}],"collection":[{"href":"https:\/\/mediagroup.mx\/index.php\/wp-json\/wp\/v2\/posts"}],"about":[{"href":"https:\/\/mediagroup.mx\/index.php\/wp-json\/wp\/v2\/types\/post"}],"author":[{"embeddable":true,"href":"https:\/\/mediagroup.mx\/index.php\/wp-json\/wp\/v2\/users\/2"}],"replies":[{"embeddable":true,"href":"https:\/\/mediagroup.mx\/index.php\/wp-json\/wp\/v2\/comments?post=62560"}],"version-history":[{"count":1,"href":"https:\/\/mediagroup.mx\/index.php\/wp-json\/wp\/v2\/posts\/62560\/revisions"}],"predecessor-version":[{"id":62565,"href":"https:\/\/mediagroup.mx\/index.php\/wp-json\/wp\/v2\/posts\/62560\/revisions\/62565"}],"wp:featuredmedia":[{"embeddable":true,"href":"https:\/\/mediagroup.mx\/index.php\/wp-json\/wp\/v2\/media\/62561"}],"wp:attachment":[{"href":"https:\/\/mediagroup.mx\/index.php\/wp-json\/wp\/v2\/media?parent=62560"}],"wp:term":[{"taxonomy":"category","embeddable":true,"href":"https:\/\/mediagroup.mx\/index.php\/wp-json\/wp\/v2\/categories?post=62560"},{"taxonomy":"post_tag","embeddable":true,"href":"https:\/\/mediagroup.mx\/index.php\/wp-json\/wp\/v2\/tags?post=62560"}],"curies":[{"name":"wp","href":"https:\/\/api.w.org\/{rel}","templated":true}]}}