{"id":62569,"date":"2025-02-11T15:10:09","date_gmt":"2025-02-11T21:10:09","guid":{"rendered":"https:\/\/mediagroup.mx\/?p=62569"},"modified":"2025-02-11T15:10:09","modified_gmt":"2025-02-11T21:10:09","slug":"acceso-equitativo-a-la-salud-demanda-que-debe-ser-atendida-adriana-campos","status":"publish","type":"post","link":"https:\/\/mediagroup.mx\/index.php\/2025\/02\/11\/acceso-equitativo-a-la-salud-demanda-que-debe-ser-atendida-adriana-campos\/","title":{"rendered":"Acceso equitativo a la salud, demanda que debe ser atendida: Adriana Campos"},"content":{"rendered":"<p>El acceso equitativo a la salud es una demanda de las y los michoacanos que debe ser atendida, y se requiere tambi\u00e9n fortalecer los servicios de la salud para garantizar una atenci\u00f3n digna, oportuna y de calidad en todo el estado, con especial atenci\u00f3n en las comunidades m\u00e1s marginadas, afirm\u00f3 la diputada Adriana Campos Huirache.<\/p>\n<p>La diputada integrante del Grupo Parlamentario Revolucionario Institucional en la LXXVI Legislatura Local, refiri\u00f3 que la salud es un derecho humano fundamental, por lo que desde la bancada del PRI se presentar\u00e1n propuestas ante el Pleno del Congreso para reducir las desigualdades en el acceso a los servicios y fortalecer la legislaci\u00f3n vigente.<\/p>\n<p>Ante las enormes necesidades en la entidad, especialmente en localidades alejadas, consider\u00f3 que se debe fortalecer la Ley de Salud en el Estado y destinar mayores recursos para crear programas especiales que garanticen la atenci\u00f3n y acerquen los servicios a las zonas m\u00e1s alejadas.<\/p>\n<p>Adriana Campos record\u00f3 que la bancada del PRI plasm\u00f3 en su agenda de trabajo varias propuestas para fortalecer la legislaci\u00f3n, garantizar su cumplimiento y hacer efectivos los programas preventivos y de atenci\u00f3n.<\/p>\n<p>Inform\u00f3 que se contempla presentar una reforma para garantizar acciones que fomenten la cultura de autocuidado y concientizaci\u00f3n sobre la importancia de la salud mental, un problema que crece en el estado y pa\u00eds.<\/p>\n<p>\u00abTambi\u00e9n se trabaja en una Ley Estatal de Salud integral para garantizar la cobertura en todo el estado. Estamos recogiendo las propuestas de las y los michoacanos y las vamos a llevar al Pleno del Congreso\u00bb, dijo.<\/p>\n<p>Adem\u00e1s, con algunas propuestas con su compa\u00f1ero de bancada y coordinador, Guillermo Valencia, mencion\u00f3, que se buscar\u00e1 fortalecer los consejos y comit\u00e9s ciudadanos en sectores como salud, educaci\u00f3n y seguridad.<\/p>\n<p>\u00abEs necesario invertir m\u00e1s en infraestructura en zonas marginadas y rurales para acercar los servicios y que las unidades cuenten con personal, insumos y medicamentos necesarios\u00bb, finaliz\u00f3.<\/p>\n<p><img loading=\"lazy\" decoding=\"async\" class=\"alignnone size-medium wp-image-62570\" src=\"https:\/\/mediagroup.mx\/wp-content\/uploads\/2025\/02\/WhatsApp-Image-2025-02-11-at-11.43.20-AM-300x200.jpeg\" alt=\"\" width=\"300\" height=\"200\" srcset=\"https:\/\/mediagroup.mx\/wp-content\/uploads\/2025\/02\/WhatsApp-Image-2025-02-11-at-11.43.20-AM-300x200.jpeg 300w, https:\/\/mediagroup.mx\/wp-content\/uploads\/2025\/02\/WhatsApp-Image-2025-02-11-at-11.43.20-AM-768x513.jpeg 768w, https:\/\/mediagroup.mx\/wp-content\/uploads\/2025\/02\/WhatsApp-Image-2025-02-11-at-11.43.20-AM-150x100.jpeg 150w, https:\/\/mediagroup.mx\/wp-content\/uploads\/2025\/02\/WhatsApp-Image-2025-02-11-at-11.43.20-AM-696x465.jpeg 696w, https:\/\/mediagroup.mx\/wp-content\/uploads\/2025\/02\/WhatsApp-Image-2025-02-11-at-11.43.20-AM.jpeg 958w\" sizes=\"auto, (max-width: 300px) 100vw, 300px\" \/><\/p>\n","protected":false},"excerpt":{"rendered":"<p>El acceso equitativo a la salud es una demanda de las y los michoacanos que debe ser atendida, y se requiere tambi\u00e9n fortalecer los servicios de la salud para garantizar una atenci\u00f3n digna, oportuna y de calidad en todo el estado, con especial atenci\u00f3n en las comunidades m\u00e1s marginadas, afirm\u00f3 la diputada Adriana Campos Huirache. [&hellip;]<\/p>\n","protected":false},"author":2,"featured_media":62570,"comment_status":"closed","ping_status":"closed","sticky":false,"template":"","format":"standard","meta":{"om_disable_all_campaigns":false,"_monsterinsights_skip_tracking":false,"_monsterinsights_sitenote_active":false,"_monsterinsights_sitenote_note":"","_monsterinsights_sitenote_category":0,"_uf_show_specific_survey":0,"_uf_disable_surveys":false,"_jetpack_memberships_contains_paid_content":false,"footnotes":"","jetpack_publicize_message":"Acceso equitativo a la salud, demanda que debe ser atendida: Adriana Campos","jetpack_publicize_feature_enabled":true,"jetpack_social_post_already_shared":true,"jetpack_social_options":{"image_generator_settings":{"template":"highway","default_image_id":0,"enabled":false},"version":2}},"categories":[15,63],"tags":[],"class_list":{"0":"post-62569","1":"post","2":"type-post","3":"status-publish","4":"format-standard","5":"has-post-thumbnail","7":"category-michoacan","8":"category-politica"},"aioseo_notices":[],"jetpack_publicize_connections":[],"jetpack_featured_media_url":"https:\/\/mediagroup.mx\/wp-content\/uploads\/2025\/02\/WhatsApp-Image-2025-02-11-at-11.43.20-AM.jpeg","jetpack_sharing_enabled":true,"_links":{"self":[{"href":"https:\/\/mediagroup.mx\/index.php\/wp-json\/wp\/v2\/posts\/62569","targetHints":{"allow":["GET"]}}],"collection":[{"href":"https:\/\/mediagroup.mx\/index.php\/wp-json\/wp\/v2\/posts"}],"about":[{"href":"https:\/\/mediagroup.mx\/index.php\/wp-json\/wp\/v2\/types\/post"}],"author":[{"embeddable":true,"href":"https:\/\/mediagroup.mx\/index.php\/wp-json\/wp\/v2\/users\/2"}],"replies":[{"embeddable":true,"href":"https:\/\/mediagroup.mx\/index.php\/wp-json\/wp\/v2\/comments?post=62569"}],"version-history":[{"count":1,"href":"https:\/\/mediagroup.mx\/index.php\/wp-json\/wp\/v2\/posts\/62569\/revisions"}],"predecessor-version":[{"id":62571,"href":"https:\/\/mediagroup.mx\/index.php\/wp-json\/wp\/v2\/posts\/62569\/revisions\/62571"}],"wp:featuredmedia":[{"embeddable":true,"href":"https:\/\/mediagroup.mx\/index.php\/wp-json\/wp\/v2\/media\/62570"}],"wp:attachment":[{"href":"https:\/\/mediagroup.mx\/index.php\/wp-json\/wp\/v2\/media?parent=62569"}],"wp:term":[{"taxonomy":"category","embeddable":true,"href":"https:\/\/mediagroup.mx\/index.php\/wp-json\/wp\/v2\/categories?post=62569"},{"taxonomy":"post_tag","embeddable":true,"href":"https:\/\/mediagroup.mx\/index.php\/wp-json\/wp\/v2\/tags?post=62569"}],"curies":[{"name":"wp","href":"https:\/\/api.w.org\/{rel}","templated":true}]}}