{"id":62581,"date":"2025-02-12T09:03:52","date_gmt":"2025-02-12T15:03:52","guid":{"rendered":"https:\/\/mediagroup.mx\/?p=62581"},"modified":"2025-02-12T09:03:52","modified_gmt":"2025-02-12T15:03:52","slug":"michoacan-no-volvera-a-ser-omiso-en-la-defensa-del-agua-ni-en-la-deforestacion-bedolla","status":"publish","type":"post","link":"https:\/\/mediagroup.mx\/index.php\/2025\/02\/12\/michoacan-no-volvera-a-ser-omiso-en-la-defensa-del-agua-ni-en-la-deforestacion-bedolla\/","title":{"rendered":"Michoac\u00e1n no volver\u00e1 a ser omiso en la defensa del agua ni en la deforestaci\u00f3n: Bedolla"},"content":{"rendered":"<p style=\"text-align: justify;\">Con la implementaci\u00f3n del sistema de vigilancia Guardi\u00e1n Forestal, Michoac\u00e1n no volver\u00e1 a ser omiso en la defensa del agua ni de la deforestaci\u00f3n, manifest\u00f3 el gobernador Alfredo Ram\u00edrez Bedolla.<\/p>\n<p style=\"text-align: justify;\">Destac\u00f3 que hoy, el Gobierno estatal cuenta con una herramienta tecnol\u00f3gica capaz de monitorear en tiempo real las 6 millones de hect\u00e1reas con que cuenta el estado para detectar en tiempo real zonas que fueron deforestadas para uso agr\u00edcola y ollas de agua que \u201chuachicolean\u201d el recurso.<\/p>\n<p style=\"text-align: justify;\">El mandatario inform\u00f3 que el Guardi\u00e1n Forestal ahora podr\u00e1 reportar tambi\u00e9n el tama\u00f1o y capacidad de las ollas de agua, si violaron el uso de suelo para su instalaci\u00f3n o si para su llenado los propietarios extraen el recurso, como ocurri\u00f3 en el lago de P\u00e1tzcuaro.<\/p>\n<p style=\"text-align: justify;\">Ram\u00edrez Bedolla record\u00f3 que a trav\u00e9s del Guardian Forestal las huertas y empacadoras de aguacate certificadas con Proforest Avocado pueden demostrar que no han sido denunciadas por deforestaci\u00f3n.<\/p>\n<p style=\"text-align: justify;\">El a\u00f1o pasado el sistema de vigilancia Guardi\u00e1n Forestal cerr\u00f3 con 327 denuncias ante la Fiscal\u00eda General del Estado (FGE) por delitos ambientales en alrededor de 5 mil hect\u00e1reas, de los cuales, el 95 por ciento se concentr\u00f3 en 30 municipios; mientras que en la cuenta del lago de P\u00e1tzcuaro localiz\u00f3 160 ollas de agua.<\/p>\n","protected":false},"excerpt":{"rendered":"<p>Con la implementaci\u00f3n del sistema de vigilancia Guardi\u00e1n Forestal, Michoac\u00e1n no volver\u00e1 a ser omiso en la defensa del agua ni de la deforestaci\u00f3n, manifest\u00f3 el gobernador Alfredo Ram\u00edrez Bedolla. Destac\u00f3 que hoy, el Gobierno estatal cuenta con una herramienta tecnol\u00f3gica capaz de monitorear en tiempo real las 6 millones de hect\u00e1reas con que cuenta [&hellip;]<\/p>\n","protected":false},"author":2,"featured_media":62582,"comment_status":"closed","ping_status":"closed","sticky":false,"template":"","format":"standard","meta":{"om_disable_all_campaigns":false,"_monsterinsights_skip_tracking":false,"_monsterinsights_sitenote_active":false,"_monsterinsights_sitenote_note":"","_monsterinsights_sitenote_category":0,"_uf_show_specific_survey":0,"_uf_disable_surveys":false,"_jetpack_memberships_contains_paid_content":false,"footnotes":"","jetpack_publicize_message":"Michoac\u00e1n no volver\u00e1 a ser omiso en la defensa del agua ni en la deforestaci\u00f3n: Bedolla","jetpack_publicize_feature_enabled":true,"jetpack_social_post_already_shared":true,"jetpack_social_options":{"image_generator_settings":{"template":"highway","default_image_id":0,"enabled":false},"version":2}},"categories":[15],"tags":[],"class_list":{"0":"post-62581","1":"post","2":"type-post","3":"status-publish","4":"format-standard","5":"has-post-thumbnail","7":"category-michoacan"},"aioseo_notices":[],"jetpack_publicize_connections":[],"jetpack_featured_media_url":"https:\/\/mediagroup.mx\/wp-content\/uploads\/2025\/02\/WhatsApp-Image-2025-02-12-at-8.56.44-AM.jpeg","jetpack_sharing_enabled":true,"_links":{"self":[{"href":"https:\/\/mediagroup.mx\/index.php\/wp-json\/wp\/v2\/posts\/62581","targetHints":{"allow":["GET"]}}],"collection":[{"href":"https:\/\/mediagroup.mx\/index.php\/wp-json\/wp\/v2\/posts"}],"about":[{"href":"https:\/\/mediagroup.mx\/index.php\/wp-json\/wp\/v2\/types\/post"}],"author":[{"embeddable":true,"href":"https:\/\/mediagroup.mx\/index.php\/wp-json\/wp\/v2\/users\/2"}],"replies":[{"embeddable":true,"href":"https:\/\/mediagroup.mx\/index.php\/wp-json\/wp\/v2\/comments?post=62581"}],"version-history":[{"count":1,"href":"https:\/\/mediagroup.mx\/index.php\/wp-json\/wp\/v2\/posts\/62581\/revisions"}],"predecessor-version":[{"id":62583,"href":"https:\/\/mediagroup.mx\/index.php\/wp-json\/wp\/v2\/posts\/62581\/revisions\/62583"}],"wp:featuredmedia":[{"embeddable":true,"href":"https:\/\/mediagroup.mx\/index.php\/wp-json\/wp\/v2\/media\/62582"}],"wp:attachment":[{"href":"https:\/\/mediagroup.mx\/index.php\/wp-json\/wp\/v2\/media?parent=62581"}],"wp:term":[{"taxonomy":"category","embeddable":true,"href":"https:\/\/mediagroup.mx\/index.php\/wp-json\/wp\/v2\/categories?post=62581"},{"taxonomy":"post_tag","embeddable":true,"href":"https:\/\/mediagroup.mx\/index.php\/wp-json\/wp\/v2\/tags?post=62581"}],"curies":[{"name":"wp","href":"https:\/\/api.w.org\/{rel}","templated":true}]}}