{"id":62584,"date":"2025-02-12T09:13:19","date_gmt":"2025-02-12T15:13:19","guid":{"rendered":"https:\/\/mediagroup.mx\/?p=62584"},"modified":"2025-02-12T09:13:19","modified_gmt":"2025-02-12T15:13:19","slug":"ue-y-canada-prometen-respuesta-energica-a-aranceles-de-trump","status":"publish","type":"post","link":"https:\/\/mediagroup.mx\/index.php\/2025\/02\/12\/ue-y-canada-prometen-respuesta-energica-a-aranceles-de-trump\/","title":{"rendered":"UE y Canad\u00e1 prometen respuesta en\u00e9rgica a aranceles de Trump"},"content":{"rendered":"<p style=\"text-align: justify;\">La UE y Canad\u00e1 prometieron este martes (11.05.2025) una respuesta firme a los\u00a0<a class=\"internal-link\" href=\"https:\/\/www.dw.com\/es\/tasas-al-acero-y-aluminio-europa-critica-la-medida-de-trump\/a-71559824\">aranceles<\/a>\u00a0de Estados Unidos sobre el acero y el aluminio, anunciados por el presidente\u00a0<a class=\"internal-link\" href=\"https:\/\/www.dw.com\/es\/trump-anuncia-arancel-del-25-al-aluminio-y-acero-importados\/a-71557898\">Donald Trump<\/a>, al tiempo que\u00a0<a class=\"internal-link\" href=\"https:\/\/www.dw.com\/es\/claudia-sheinbaum-un-ejemplo-de-c%C3%B3mo-manejarse-con-trump\/a-71543112\">M\u00e9xico<\/a>\u00a0pidi\u00f3 no \u00abdestruir\u00bb las relaciones comerciales bilaterales.<\/p>\n<p style=\"text-align: justify;\">El lunes, Trump determin\u00f3 la adopci\u00f3n de aranceles del 25% a las importaciones de acero y aluminio, que entrar\u00e1n en vigor el 12 de marzo, \u00absin excepciones ni exenciones\u00bb.<\/p>\n<p style=\"text-align: justify;\">Ante esa decisi\u00f3n, la presidenta de la\u00a0<a class=\"internal-link\" href=\"https:\/\/www.dw.com\/es\/ue-y-trump-entre-la-firmeza-y-la-dependencia\/a-71532113\">Comisi\u00f3n Europea<\/a>, Ursula von der Leyen, advirti\u00f3 que \u00ablos aranceles injustificados a la UE no quedar\u00e1n sin repuesta\u00bb, y prometi\u00f3 medidas \u00abfirmes y proporcionales\u00bb.<\/p>\n<p style=\"text-align: justify;\">Esos aranceles afectar\u00e1n con fuerza a Canad\u00e1, principal suministrador de acero y aluminio de Estados Unidos. Tambi\u00e9n golpean a Brasil, M\u00e9xico y Corea del Sur, importantes proveedores de acero.<\/p>\n<p style=\"text-align: justify;\"><strong>\u00abSentido com\u00fan\u00bb<\/strong><\/p>\n<p style=\"text-align: justify;\">Este martes, el ministro mexicano de Econom\u00eda, Marcelo Ebrard, formul\u00f3 un llamado a Washington a proteger las relaciones econ\u00f3micas entre los dos pa\u00edses.<\/p>\n<p style=\"text-align: justify;\">\u00abDice a veces el presidente Trump, &#8216;sentido com\u00fan&#8217;. Bueno, pues le tomamos la palabra: sentido com\u00fan, no balazo en el pie, no destruir lo que hemos construido los \u00faltimos cuarenta a\u00f1os\u00bb, dijo.<\/p>\n<p style=\"text-align: justify;\">El jefe del gobierno de Canad\u00e1, Justin Trudeau, adelant\u00f3 este martes en Par\u00eds, Francia, que su pa\u00eds reaccionar\u00e1 \u00abcon energ\u00eda y firmeza\u00bb a los aranceles anunciados por Trump en Washington.<\/p>\n<p style=\"text-align: justify;\">La federaci\u00f3n del acero en el Reino Unido, UK Steel, teme que los nuevos aranceles propinen un \u00abgolpe devastador\u00bb a un sector ya en declive. Desde Londres, un vocero del primer ministro brit\u00e1nico, Keir Starmer, asegur\u00f3 que se encontraban \u00abcon la industria y nuestros hom\u00f3logos estadounidenses para concretar los detalles\u00bb.<\/p>\n<p style=\"text-align: justify;\">\u00abEvidentemente, es importante que adoptemos un enfoque ponderado\u00bb, a\u00f1adi\u00f3 la fuente. En Alemania, la locomotora econ\u00f3mica europea, el jefe del gobierno, Olaf Scholz, dijo que el bloque europeo presentar\u00e1 un frente unido, y expres\u00f3 su esperanza de poder evitar el camino equivocado de aranceles y contraaranceles\u00bb.<\/p>\n<p style=\"text-align: justify;\">En tanto, su ministro de Econom\u00eda, Robert Habeck, llam\u00f3 a \u00abcontinuar el camino de la cooperaci\u00f3n con Estados Unidos\u00bb. Por su parte, el ministro de Relaciones Exteriores franc\u00e9s, Jean-Noel Barrot, asegur\u00f3 que la Uni\u00f3n Europea UE \u00abresponder\u00eda\u00bb como lo hizo durante el primer mandato del presidente estadounidense.<\/p>\n<p>V\u00eda: DW<\/p>\n","protected":false},"excerpt":{"rendered":"<p>La UE y Canad\u00e1 prometieron este martes (11.05.2025) una respuesta firme a los\u00a0aranceles\u00a0de Estados Unidos sobre el acero y el aluminio, anunciados por el presidente\u00a0Donald Trump, al tiempo que\u00a0M\u00e9xico\u00a0pidi\u00f3 no \u00abdestruir\u00bb las relaciones comerciales bilaterales. El lunes, Trump determin\u00f3 la adopci\u00f3n de aranceles del 25% a las importaciones de acero y aluminio, que entrar\u00e1n en [&hellip;]<\/p>\n","protected":false},"author":2,"featured_media":62585,"comment_status":"closed","ping_status":"closed","sticky":false,"template":"","format":"standard","meta":{"om_disable_all_campaigns":false,"_monsterinsights_skip_tracking":false,"_monsterinsights_sitenote_active":false,"_monsterinsights_sitenote_note":"","_monsterinsights_sitenote_category":0,"_uf_show_specific_survey":0,"_uf_disable_surveys":false,"_jetpack_memberships_contains_paid_content":false,"footnotes":"","jetpack_publicize_message":"UE y Canad\u00e1 prometen respuesta en\u00e9rgica a aranceles de Trump","jetpack_publicize_feature_enabled":true,"jetpack_social_post_already_shared":true,"jetpack_social_options":{"image_generator_settings":{"template":"highway","default_image_id":0,"enabled":false},"version":2}},"categories":[6,18],"tags":[],"class_list":{"0":"post-62584","1":"post","2":"type-post","3":"status-publish","4":"format-standard","5":"has-post-thumbnail","7":"category-global","8":"category-internacional"},"aioseo_notices":[],"jetpack_publicize_connections":[],"jetpack_featured_media_url":"https:\/\/mediagroup.mx\/wp-content\/uploads\/2025\/02\/Captura-de-pantalla-2025-02-12-a-las-09.12.41.png","jetpack_sharing_enabled":true,"_links":{"self":[{"href":"https:\/\/mediagroup.mx\/index.php\/wp-json\/wp\/v2\/posts\/62584","targetHints":{"allow":["GET"]}}],"collection":[{"href":"https:\/\/mediagroup.mx\/index.php\/wp-json\/wp\/v2\/posts"}],"about":[{"href":"https:\/\/mediagroup.mx\/index.php\/wp-json\/wp\/v2\/types\/post"}],"author":[{"embeddable":true,"href":"https:\/\/mediagroup.mx\/index.php\/wp-json\/wp\/v2\/users\/2"}],"replies":[{"embeddable":true,"href":"https:\/\/mediagroup.mx\/index.php\/wp-json\/wp\/v2\/comments?post=62584"}],"version-history":[{"count":1,"href":"https:\/\/mediagroup.mx\/index.php\/wp-json\/wp\/v2\/posts\/62584\/revisions"}],"predecessor-version":[{"id":62586,"href":"https:\/\/mediagroup.mx\/index.php\/wp-json\/wp\/v2\/posts\/62584\/revisions\/62586"}],"wp:featuredmedia":[{"embeddable":true,"href":"https:\/\/mediagroup.mx\/index.php\/wp-json\/wp\/v2\/media\/62585"}],"wp:attachment":[{"href":"https:\/\/mediagroup.mx\/index.php\/wp-json\/wp\/v2\/media?parent=62584"}],"wp:term":[{"taxonomy":"category","embeddable":true,"href":"https:\/\/mediagroup.mx\/index.php\/wp-json\/wp\/v2\/categories?post=62584"},{"taxonomy":"post_tag","embeddable":true,"href":"https:\/\/mediagroup.mx\/index.php\/wp-json\/wp\/v2\/tags?post=62584"}],"curies":[{"name":"wp","href":"https:\/\/api.w.org\/{rel}","templated":true}]}}