{"id":62587,"date":"2025-02-12T09:15:34","date_gmt":"2025-02-12T15:15:34","guid":{"rendered":"https:\/\/mediagroup.mx\/?p=62587"},"modified":"2025-02-12T09:15:34","modified_gmt":"2025-02-12T15:15:34","slug":"apple-renombra-en-sus-mapas-al-golfo-de-mexico-como-golfo-de-america-en-eu","status":"publish","type":"post","link":"https:\/\/mediagroup.mx\/index.php\/2025\/02\/12\/apple-renombra-en-sus-mapas-al-golfo-de-mexico-como-golfo-de-america-en-eu\/","title":{"rendered":"Apple renombra en sus mapas al Golfo de M\u00e9xico como \u00abGolfo de Am\u00e9rica\u00bb en EU"},"content":{"rendered":"<p style=\"text-align: justify;\">Los mapas de Apple para los usuarios de Estados Unidos ya se muestran con el nombre de \u00abGolfo de Am\u00e9rica\u00bb en vez de Golfo de M\u00e9xico, luego de que el presidente de Estados Unidos, Donald Trump, firmara una orden para avanzar en el cambio de nombre del cuerpo acu\u00e1tico.<\/p>\n<p style=\"text-align: justify;\">Esta modificaci\u00f3n se suma a la realizada por Google Maps en d\u00edas recientes, la cual tambi\u00e9n s\u00f3lo es visible para usuarios estadunidenses, mientras que en el resto del mundo aparece con ambas denominaciones.<\/p>\n<p style=\"text-align: justify;\">Google se alinea con decretos de Trump<br \/>\nEl 28 de enero, Google Maps anunci\u00f3 sobre dicho cambio en Estados Unidos, as\u00ed como en el nombre de Denali, el pico m\u00e1s alto de Norteam\u00e9rica, por el de Monte McKinley, cumpliendo con decretos del presidente Donald Trump.<\/p>\n<p style=\"text-align: justify;\">Seg\u00fan Google, los cambios est\u00e1n alineados con la pol\u00edtica de Trump de seguir las designaciones geogr\u00e1ficas oficiales del gobierno de Estados Unidos a trav\u00e9s del Sistema de Informaci\u00f3n de Nombres Geogr\u00e1ficos (GNIS), y entrar\u00e1n en vigor una vez que el GNIS se actualice.<\/p>\n<p style=\"text-align: justify;\">Trump firm\u00f3 decretos que cambian los nombres de Denali, en Alaska, y el Golfo de M\u00e9xico poco despu\u00e9s de su investidura presidencial el 20 de enero.<\/p>\n<p style=\"text-align: justify;\">Una de las \u00f3rdenes rebautiza el Golfo de M\u00e9xico como \u00abGolfo de Am\u00e9rica\u00bb. Lo aleg\u00f3 citando su importancia para la producci\u00f3n de petr\u00f3leo, la pesca y el turismo en Estados Unidos.<\/p>\n<p style=\"text-align: justify;\">La guardia costera de Estados Unidos lo us\u00f3 inmediatamente en un comunicado y el gobernador republicano de Florida, Ron DeSantis, tambi\u00e9n.<\/p>\n<p style=\"text-align: justify;\">Google precis\u00f3 que los usuarios de fuera de Estados Unidos ver\u00e1n tanto los nombres originales como los nuevos, como ocurre con los lugares en disputa.<\/p>\n<p style=\"text-align: justify;\">\u00abD\u00eda del Golfo de Am\u00e9rica\u00bb<\/p>\n<p style=\"text-align: justify;\">\nDonald Trump design\u00f3 el domingo 9 de febrero como el &#8216;D\u00eda del Golfo de Am\u00e9rica&#8217;. La declaraci\u00f3n la hizo\u00a0desde el avi\u00f3n presidencial Air Force One, de camino a Nueva Orleans para ver el Super Bowl, donde mont\u00f3 una improvisada rueda de prensa en la que hab\u00eda un gran mapa del pol\u00e9mico golfo.<\/p>\n<p style=\"text-align: justify;\">\u00abHoy, hago mi primera visita al Golfo de Am\u00e9rica desde que se le cambi\u00f3 el nombre. Mientras mi Administraci\u00f3n restaura el orgullo estadunidense por la historia de la grandeza de Estados Unidos es apropiado que nuestra gran naci\u00f3n se re\u00fana y conmemore esta ocasi\u00f3n trascendental y el cambio de nombre del Golfo de Am\u00e9rica\u00bb, dijo Trump en un comunicado.<\/p>\n<p style=\"text-align: justify;\">\nDespu\u00e9s de designar el 9 de febrero como &#8216;D\u00eda del Golfo de Am\u00e9rica&#8217;, el presidente estadunidense hizo un llamado a los funcionarios p\u00fablicos y a todo el pueblo de Estados Unidos \u00abpara que pasaran el d\u00eda con programas, ceremonias y actividades apropiadas\u00bb.<\/p>\n<p style=\"text-align: justify;\">\nV\u00eda: Milenio<\/p>\n","protected":false},"excerpt":{"rendered":"<p>Los mapas de Apple para los usuarios de Estados Unidos ya se muestran con el nombre de \u00abGolfo de Am\u00e9rica\u00bb en vez de Golfo de M\u00e9xico, luego de que el presidente de Estados Unidos, Donald Trump, firmara una orden para avanzar en el cambio de nombre del cuerpo acu\u00e1tico. Esta modificaci\u00f3n se suma a la [&hellip;]<\/p>\n","protected":false},"author":2,"featured_media":62588,"comment_status":"closed","ping_status":"closed","sticky":false,"template":"","format":"standard","meta":{"om_disable_all_campaigns":false,"_monsterinsights_skip_tracking":false,"_monsterinsights_sitenote_active":false,"_monsterinsights_sitenote_note":"","_monsterinsights_sitenote_category":0,"_uf_show_specific_survey":0,"_uf_disable_surveys":false,"_jetpack_memberships_contains_paid_content":false,"footnotes":"","jetpack_publicize_message":"Apple renombra en sus mapas al Golfo de M\u00e9xico como \"Golfo de Am\u00e9rica\" en EU","jetpack_publicize_feature_enabled":true,"jetpack_social_post_already_shared":true,"jetpack_social_options":{"image_generator_settings":{"template":"highway","default_image_id":0,"enabled":false},"version":2}},"categories":[16],"tags":[],"class_list":{"0":"post-62587","1":"post","2":"type-post","3":"status-publish","4":"format-standard","5":"has-post-thumbnail","7":"category-viral"},"aioseo_notices":[],"jetpack_publicize_connections":[],"jetpack_featured_media_url":"https:\/\/mediagroup.mx\/wp-content\/uploads\/2025\/02\/Captura-de-pantalla-2025-02-12-a-las-09.14.07.png","jetpack_sharing_enabled":true,"_links":{"self":[{"href":"https:\/\/mediagroup.mx\/index.php\/wp-json\/wp\/v2\/posts\/62587","targetHints":{"allow":["GET"]}}],"collection":[{"href":"https:\/\/mediagroup.mx\/index.php\/wp-json\/wp\/v2\/posts"}],"about":[{"href":"https:\/\/mediagroup.mx\/index.php\/wp-json\/wp\/v2\/types\/post"}],"author":[{"embeddable":true,"href":"https:\/\/mediagroup.mx\/index.php\/wp-json\/wp\/v2\/users\/2"}],"replies":[{"embeddable":true,"href":"https:\/\/mediagroup.mx\/index.php\/wp-json\/wp\/v2\/comments?post=62587"}],"version-history":[{"count":1,"href":"https:\/\/mediagroup.mx\/index.php\/wp-json\/wp\/v2\/posts\/62587\/revisions"}],"predecessor-version":[{"id":62589,"href":"https:\/\/mediagroup.mx\/index.php\/wp-json\/wp\/v2\/posts\/62587\/revisions\/62589"}],"wp:featuredmedia":[{"embeddable":true,"href":"https:\/\/mediagroup.mx\/index.php\/wp-json\/wp\/v2\/media\/62588"}],"wp:attachment":[{"href":"https:\/\/mediagroup.mx\/index.php\/wp-json\/wp\/v2\/media?parent=62587"}],"wp:term":[{"taxonomy":"category","embeddable":true,"href":"https:\/\/mediagroup.mx\/index.php\/wp-json\/wp\/v2\/categories?post=62587"},{"taxonomy":"post_tag","embeddable":true,"href":"https:\/\/mediagroup.mx\/index.php\/wp-json\/wp\/v2\/tags?post=62587"}],"curies":[{"name":"wp","href":"https:\/\/api.w.org\/{rel}","templated":true}]}}