{"id":62599,"date":"2025-02-12T18:14:40","date_gmt":"2025-02-13T00:14:40","guid":{"rendered":"https:\/\/mediagroup.mx\/?p=62599"},"modified":"2025-02-12T18:14:40","modified_gmt":"2025-02-13T00:14:40","slug":"transportistas-respaldan-teleferico-de-morelia-bedolla","status":"publish","type":"post","link":"https:\/\/mediagroup.mx\/index.php\/2025\/02\/12\/transportistas-respaldan-teleferico-de-morelia-bedolla\/","title":{"rendered":"Transportistas respaldan telef\u00e9rico de Morelia: Bedolla"},"content":{"rendered":"<p>Al sostener una reuni\u00f3n de trabajo con transportistas de la Ruta Gris de Morelia y de otros grupos de este sector, quienes manifestaron su apoyo a la obra del telef\u00e9rico, el gobernador Alfredo Ram\u00edrez Bedolla puntualiz\u00f3 que Michoac\u00e1n avanza en un sistema integrado de movilidad, al cual se suman el metrob\u00fas que se gestiona ante la federaci\u00f3n para la capital michoacana.<\/p>\n<p>Acompa\u00f1ado de la secretaria de Desarrollo Urbano y Movilidad, Gladyz Butanda Mac\u00edas y del l\u00edder transportista, Fernando Orozco, el mandatario detall\u00f3 que, con los telef\u00e9ricos se mejorar\u00e1 el transporte de Michoac\u00e1n al modernizarse y participar todos los sistemas con base a la nueva Ley de Movilidad estatal.<\/p>\n<p>Refiri\u00f3 que con la directora del Instituto del Transporte, Mar\u00eda Elena Huerta Moctezuma, se analiza la posibilidad de ampliaci\u00f3n de diversas rutas del transporte p\u00fablico, mismas que se integrar\u00e1n al telef\u00e9rico.<\/p>\n<p>Expuso que se contin\u00faa dialogando con otras agrupaciones de transporte para que se sumen al telef\u00e9rico de Morelia, el cual en diciembre de 2026 estar\u00e1 operando.<\/p>\n<p>Detall\u00f3 que en Uruapan, est\u00e1 previsto que se implemente un sistema de prepago para las unidades de transporte, como el que tendr\u00e1 el telef\u00e9rico, con lo cual se generar\u00e1 un dinamismo que redimensionar\u00e1 la movilidad en el estado.<\/p>\n<p>Asistieron a dicha reuni\u00f3n el diputado local, Juan Pablo Celis; as\u00ed como transportistas fundadores de la ruta Gris y operadores de las unidades.<\/p>\n","protected":false},"excerpt":{"rendered":"<p>Al sostener una reuni\u00f3n de trabajo con transportistas de la Ruta Gris de Morelia y de otros grupos de este sector, quienes manifestaron su apoyo a la obra del telef\u00e9rico, el gobernador Alfredo Ram\u00edrez Bedolla puntualiz\u00f3 que Michoac\u00e1n avanza en un sistema integrado de movilidad, al cual se suman el metrob\u00fas que se gestiona ante [&hellip;]<\/p>\n","protected":false},"author":2,"featured_media":62600,"comment_status":"closed","ping_status":"closed","sticky":false,"template":"","format":"standard","meta":{"om_disable_all_campaigns":false,"_monsterinsights_skip_tracking":false,"_monsterinsights_sitenote_active":false,"_monsterinsights_sitenote_note":"","_monsterinsights_sitenote_category":0,"_uf_show_specific_survey":0,"_uf_disable_surveys":false,"_jetpack_memberships_contains_paid_content":false,"footnotes":"","jetpack_publicize_message":"Transportistas respaldan telef\u00e9rico de Morelia: Bedolla","jetpack_publicize_feature_enabled":true,"jetpack_social_post_already_shared":true,"jetpack_social_options":{"image_generator_settings":{"template":"highway","default_image_id":0,"enabled":false},"version":2}},"categories":[15],"tags":[],"class_list":{"0":"post-62599","1":"post","2":"type-post","3":"status-publish","4":"format-standard","5":"has-post-thumbnail","7":"category-michoacan"},"aioseo_notices":[],"jetpack_publicize_connections":[],"jetpack_featured_media_url":"https:\/\/mediagroup.mx\/wp-content\/uploads\/2025\/02\/45f29a81-2fb6-4a71-9351-396d17f947b3.jpeg","jetpack_sharing_enabled":true,"_links":{"self":[{"href":"https:\/\/mediagroup.mx\/index.php\/wp-json\/wp\/v2\/posts\/62599","targetHints":{"allow":["GET"]}}],"collection":[{"href":"https:\/\/mediagroup.mx\/index.php\/wp-json\/wp\/v2\/posts"}],"about":[{"href":"https:\/\/mediagroup.mx\/index.php\/wp-json\/wp\/v2\/types\/post"}],"author":[{"embeddable":true,"href":"https:\/\/mediagroup.mx\/index.php\/wp-json\/wp\/v2\/users\/2"}],"replies":[{"embeddable":true,"href":"https:\/\/mediagroup.mx\/index.php\/wp-json\/wp\/v2\/comments?post=62599"}],"version-history":[{"count":1,"href":"https:\/\/mediagroup.mx\/index.php\/wp-json\/wp\/v2\/posts\/62599\/revisions"}],"predecessor-version":[{"id":62601,"href":"https:\/\/mediagroup.mx\/index.php\/wp-json\/wp\/v2\/posts\/62599\/revisions\/62601"}],"wp:featuredmedia":[{"embeddable":true,"href":"https:\/\/mediagroup.mx\/index.php\/wp-json\/wp\/v2\/media\/62600"}],"wp:attachment":[{"href":"https:\/\/mediagroup.mx\/index.php\/wp-json\/wp\/v2\/media?parent=62599"}],"wp:term":[{"taxonomy":"category","embeddable":true,"href":"https:\/\/mediagroup.mx\/index.php\/wp-json\/wp\/v2\/categories?post=62599"},{"taxonomy":"post_tag","embeddable":true,"href":"https:\/\/mediagroup.mx\/index.php\/wp-json\/wp\/v2\/tags?post=62599"}],"curies":[{"name":"wp","href":"https:\/\/api.w.org\/{rel}","templated":true}]}}