{"id":62603,"date":"2025-02-12T20:11:08","date_gmt":"2025-02-13T02:11:08","guid":{"rendered":"https:\/\/mediagroup.mx\/?p=62603"},"modified":"2025-02-12T20:11:08","modified_gmt":"2025-02-13T02:11:08","slug":"gppvem-refrenda-acompanamiento-al-gobierno-estatal-en-michoacan","status":"publish","type":"post","link":"https:\/\/mediagroup.mx\/index.php\/2025\/02\/12\/gppvem-refrenda-acompanamiento-al-gobierno-estatal-en-michoacan\/","title":{"rendered":"GPPVEM refrenda acompa\u00f1amiento al gobierno estatal en Michoac\u00e1n"},"content":{"rendered":"<p>Morelia, Michoac\u00e1n a 11 de febrero de 2025.- Las y los legisladores del Partido Verde Ecologista de M\u00e9xico en Michoac\u00e1n (GPPVEM), ratificaron su compromiso como aliados del gobierno de Alfredo Ram\u00edrez Bedolla, as\u00ed como con los integrantes de la 4T en la camarada de diputados.<\/p>\n<p>En reuni\u00f3n sostenida con el dirigente estatal Ernesto N\u00fa\u00f1ez Aguilar, los legisladores coincidieron en el buen manejo de las diferentes dependencias estatales, tal como finanzas, educaci\u00f3n y medio ambiente lo que impacta de manera positiva en el desarrollo social de los michoacanos.<\/p>\n<p>\u00abAlgo que debemos reconocer es que la esta administraci\u00f3n sac\u00f3 del bache econ\u00f3mico al estado, una condici\u00f3n en la que se encontraba desde hace m\u00e1s de 30 a\u00f1os\u00bb, dijo el dirigente partidista.<\/p>\n<p>En ese sentido, la coordinadora del GPPVEM, Sandra Arreola Ru\u00edz destac\u00f3 las coincidencias que se tienen entre la administraci\u00f3n estatal y en el Congreso del Estado, pues se ja caminado juntos con temas legislativos que son en beneficio de los michoacanos.<\/p>\n<p>\u00abAlgo que tenemos que reconocer como grupo parlamentario es la hist\u00f3rica recaudaci\u00f3n que se ha dado en la actual administraci\u00f3n, pues la implementaci\u00f3n del gobierno digital ha dado excelentes resultados\u00bb, indic\u00f3 la legisladora.<\/p>\n<p>Los integrantes del GPPVEM, Sandra Arreola, X\u00f3chitl Ruiz, Abraham Espinoza, Alfredo Anaya, David Mart\u00ednez Gowman, confirmaron que este tipo de acciones le dan mayor certeza a la sociedad sobre el compromiso del gobierno estatal de buscar hacer de mejor manera las cosas, esfuerzo que continuar\u00e1 siendo acompa\u00f1ado y respaldado por la bancada.<\/p>\n<p><img loading=\"lazy\" decoding=\"async\" class=\"alignnone size-medium wp-image-62604\" src=\"https:\/\/mediagroup.mx\/wp-content\/uploads\/2025\/02\/WhatsApp-Image-2025-02-11-at-4.11.45-PM-300x200.jpeg\" alt=\"\" width=\"300\" height=\"200\" srcset=\"https:\/\/mediagroup.mx\/wp-content\/uploads\/2025\/02\/WhatsApp-Image-2025-02-11-at-4.11.45-PM-300x200.jpeg 300w, https:\/\/mediagroup.mx\/wp-content\/uploads\/2025\/02\/WhatsApp-Image-2025-02-11-at-4.11.45-PM-1024x682.jpeg 1024w, https:\/\/mediagroup.mx\/wp-content\/uploads\/2025\/02\/WhatsApp-Image-2025-02-11-at-4.11.45-PM-768x512.jpeg 768w, https:\/\/mediagroup.mx\/wp-content\/uploads\/2025\/02\/WhatsApp-Image-2025-02-11-at-4.11.45-PM-1536x1023.jpeg 1536w, https:\/\/mediagroup.mx\/wp-content\/uploads\/2025\/02\/WhatsApp-Image-2025-02-11-at-4.11.45-PM-150x100.jpeg 150w, https:\/\/mediagroup.mx\/wp-content\/uploads\/2025\/02\/WhatsApp-Image-2025-02-11-at-4.11.45-PM-696x464.jpeg 696w, https:\/\/mediagroup.mx\/wp-content\/uploads\/2025\/02\/WhatsApp-Image-2025-02-11-at-4.11.45-PM-1068x712.jpeg 1068w, https:\/\/mediagroup.mx\/wp-content\/uploads\/2025\/02\/WhatsApp-Image-2025-02-11-at-4.11.45-PM.jpeg 1600w\" sizes=\"auto, (max-width: 300px) 100vw, 300px\" \/><\/p>\n","protected":false},"excerpt":{"rendered":"<p>Morelia, Michoac\u00e1n a 11 de febrero de 2025.- Las y los legisladores del Partido Verde Ecologista de M\u00e9xico en Michoac\u00e1n (GPPVEM), ratificaron su compromiso como aliados del gobierno de Alfredo Ram\u00edrez Bedolla, as\u00ed como con los integrantes de la 4T en la camarada de diputados. En reuni\u00f3n sostenida con el dirigente estatal Ernesto N\u00fa\u00f1ez Aguilar, [&hellip;]<\/p>\n","protected":false},"author":2,"featured_media":62604,"comment_status":"closed","ping_status":"closed","sticky":false,"template":"","format":"standard","meta":{"om_disable_all_campaigns":false,"_monsterinsights_skip_tracking":false,"_monsterinsights_sitenote_active":false,"_monsterinsights_sitenote_note":"","_monsterinsights_sitenote_category":0,"_uf_show_specific_survey":0,"_uf_disable_surveys":false,"_jetpack_memberships_contains_paid_content":false,"footnotes":"","jetpack_publicize_message":"GPPVEM refrenda acompa\u00f1amiento al gobierno estatal en Michoac\u00e1n\r\n\r\n-El dirigente del PVEM, Ernesto N\u00fa\u00f1ez y los legisladores emanados del partido destacaron los avances de las pol\u00edticas estatales en pro de la sociedad","jetpack_publicize_feature_enabled":true,"jetpack_social_post_already_shared":true,"jetpack_social_options":{"image_generator_settings":{"template":"highway","default_image_id":0,"enabled":false},"version":2}},"categories":[15,63],"tags":[],"class_list":{"0":"post-62603","1":"post","2":"type-post","3":"status-publish","4":"format-standard","5":"has-post-thumbnail","7":"category-michoacan","8":"category-politica"},"aioseo_notices":[],"jetpack_publicize_connections":[],"jetpack_featured_media_url":"https:\/\/mediagroup.mx\/wp-content\/uploads\/2025\/02\/WhatsApp-Image-2025-02-11-at-4.11.45-PM.jpeg","jetpack_sharing_enabled":true,"_links":{"self":[{"href":"https:\/\/mediagroup.mx\/index.php\/wp-json\/wp\/v2\/posts\/62603","targetHints":{"allow":["GET"]}}],"collection":[{"href":"https:\/\/mediagroup.mx\/index.php\/wp-json\/wp\/v2\/posts"}],"about":[{"href":"https:\/\/mediagroup.mx\/index.php\/wp-json\/wp\/v2\/types\/post"}],"author":[{"embeddable":true,"href":"https:\/\/mediagroup.mx\/index.php\/wp-json\/wp\/v2\/users\/2"}],"replies":[{"embeddable":true,"href":"https:\/\/mediagroup.mx\/index.php\/wp-json\/wp\/v2\/comments?post=62603"}],"version-history":[{"count":1,"href":"https:\/\/mediagroup.mx\/index.php\/wp-json\/wp\/v2\/posts\/62603\/revisions"}],"predecessor-version":[{"id":62605,"href":"https:\/\/mediagroup.mx\/index.php\/wp-json\/wp\/v2\/posts\/62603\/revisions\/62605"}],"wp:featuredmedia":[{"embeddable":true,"href":"https:\/\/mediagroup.mx\/index.php\/wp-json\/wp\/v2\/media\/62604"}],"wp:attachment":[{"href":"https:\/\/mediagroup.mx\/index.php\/wp-json\/wp\/v2\/media?parent=62603"}],"wp:term":[{"taxonomy":"category","embeddable":true,"href":"https:\/\/mediagroup.mx\/index.php\/wp-json\/wp\/v2\/categories?post=62603"},{"taxonomy":"post_tag","embeddable":true,"href":"https:\/\/mediagroup.mx\/index.php\/wp-json\/wp\/v2\/tags?post=62603"}],"curies":[{"name":"wp","href":"https:\/\/api.w.org\/{rel}","templated":true}]}}