{"id":62619,"date":"2025-02-11T20:23:18","date_gmt":"2025-02-12T02:23:18","guid":{"rendered":"https:\/\/mediagroup.mx\/?p=62619"},"modified":"2025-02-12T20:25:54","modified_gmt":"2025-02-13T02:25:54","slug":"diputada-brissa-arroyo-revisa-avances-del-comite-de-atencion-ciudadana","status":"publish","type":"post","link":"https:\/\/mediagroup.mx\/index.php\/2025\/02\/11\/diputada-brissa-arroyo-revisa-avances-del-comite-de-atencion-ciudadana\/","title":{"rendered":"Diputada Brissa Arroyo revisa avances del Comit\u00e9 de Atenci\u00f3n Ciudadana"},"content":{"rendered":"<div>Morelia, Michoac\u00e1n, a 11 de febrero de 2025.- Con el objetivo de revisar los avances de la agenda de atenci\u00f3n ciudadana,\u00a0 la diputada local Brissa Arroyo, se reuni\u00f3 con integrantes de la Coordinaci\u00f3n de Atenci\u00f3n Ciudadana y Gestor\u00eda de la 76 Legislatura.<\/div>\n<div><\/div>\n<div>La Congresista, Presidenta del Comit\u00e9 de Atenci\u00f3n Ciudadana y Gestor\u00eda,\u00a0 destac\u00f3 que de forma coordinada se revisan los avances que se tienen, las metas cumplidas y los pendientes.<\/div>\n<div><\/div>\n<div>Brissa Arroyo, integrante del Grupo Parlamentario del\u00a0 Partido de la Revoluci\u00f3n Democr\u00e1tica (GPPRD), record\u00f3 que en la Coordinaci\u00f3n de Atenci\u00f3n Ciudadana\u00a0 se brindan asesor\u00edas legales gratuitas, se atiende la gestor\u00eda propia de las diputadas y diputados, orientaci\u00f3n de tr\u00e1mites de visa humanitaria, en registro civil y otras dependencias estatales y\/o federales.<\/div>\n<div><\/div>\n<div>Detall\u00f3 que\u00a0 se dar\u00e1 continuidad a las jornadas de salud bucal, audiolog\u00eda, de vacunaci\u00f3n, mastograf\u00eda, entre otras, otras, mismas que se han calendarizado para los siguientes meses del a\u00f1o y se realizar\u00e1n en coordinaci\u00f3n asociaciones civiles y voluntariados.<\/div>\n<div><\/div>\n<div>La diputada local enfatiz\u00f3 que\u00a0 en el marco de su agenda legislativa tiene la convicci\u00f3n de impulsar el Parlamento abierto,\u00a0 porque se trata justamente de generar ese v\u00ednculo entre el Poder Legislativo y la ciudadan\u00eda.<\/div>\n<div><\/div>\n<div>\u201cTenemos que ser receptores de todas las voces, escuchar a todos los sectores de la sociedad para que podamos reivindicar este valor tan importante que tiene el Congreso\u201d, afirm\u00f3 .<\/div>\n<div><\/div>\n<div>Reiter\u00f3 el compromiso de conducir el \u00e1rea de atenci\u00f3n ciudadana con transparencia y responsabilidad, y con apertura ciudadana por lo que invit\u00f3 a las asociaciones civiles y organizaciones no gubernamentales que se acerquen y conozcan el trabajo que se estar\u00e1 realizando.<\/div>\n<div><img loading=\"lazy\" decoding=\"async\" class=\"alignnone size-medium wp-image-62620\" src=\"https:\/\/mediagroup.mx\/wp-content\/uploads\/2025\/02\/WhatsApp-Image-2025-02-12-at-9.20.28-AM-300x169.jpeg\" alt=\"\" width=\"300\" height=\"169\" srcset=\"https:\/\/mediagroup.mx\/wp-content\/uploads\/2025\/02\/WhatsApp-Image-2025-02-12-at-9.20.28-AM-300x169.jpeg 300w, https:\/\/mediagroup.mx\/wp-content\/uploads\/2025\/02\/WhatsApp-Image-2025-02-12-at-9.20.28-AM-150x84.jpeg 150w, https:\/\/mediagroup.mx\/wp-content\/uploads\/2025\/02\/WhatsApp-Image-2025-02-12-at-9.20.28-AM-696x392.jpeg 696w, https:\/\/mediagroup.mx\/wp-content\/uploads\/2025\/02\/WhatsApp-Image-2025-02-12-at-9.20.28-AM.jpeg 720w\" sizes=\"auto, (max-width: 300px) 100vw, 300px\" \/><\/div>\n","protected":false},"excerpt":{"rendered":"<p>Morelia, Michoac\u00e1n, a 11 de febrero de 2025.- Con el objetivo de revisar los avances de la agenda de atenci\u00f3n ciudadana,\u00a0 la diputada local Brissa Arroyo, se reuni\u00f3 con integrantes de la Coordinaci\u00f3n de Atenci\u00f3n Ciudadana y Gestor\u00eda de la 76 Legislatura. La Congresista, Presidenta del Comit\u00e9 de Atenci\u00f3n Ciudadana y Gestor\u00eda,\u00a0 destac\u00f3 que de [&hellip;]<\/p>\n","protected":false},"author":2,"featured_media":62620,"comment_status":"closed","ping_status":"closed","sticky":false,"template":"","format":"standard","meta":{"om_disable_all_campaigns":false,"_monsterinsights_skip_tracking":false,"_monsterinsights_sitenote_active":false,"_monsterinsights_sitenote_note":"","_monsterinsights_sitenote_category":0,"_uf_show_specific_survey":0,"_uf_disable_surveys":false,"_jetpack_memberships_contains_paid_content":false,"footnotes":"","jetpack_publicize_message":"Diputada Brissa Arroyo revisa avances del Comit\u00e9 de Atenci\u00f3n Ciudadana\r\n\u2022\u201cUn parlamento abierto es crear puentes con la ciudadan\u00eda\u201d, afirma la legisladora.\u00a0","jetpack_publicize_feature_enabled":true,"jetpack_social_post_already_shared":true,"jetpack_social_options":{"image_generator_settings":{"template":"highway","default_image_id":0,"enabled":false},"version":2}},"categories":[15,63],"tags":[],"class_list":{"0":"post-62619","1":"post","2":"type-post","3":"status-publish","4":"format-standard","5":"has-post-thumbnail","7":"category-michoacan","8":"category-politica"},"aioseo_notices":[],"jetpack_publicize_connections":[],"jetpack_featured_media_url":"https:\/\/mediagroup.mx\/wp-content\/uploads\/2025\/02\/WhatsApp-Image-2025-02-12-at-9.20.28-AM.jpeg","jetpack_sharing_enabled":true,"_links":{"self":[{"href":"https:\/\/mediagroup.mx\/index.php\/wp-json\/wp\/v2\/posts\/62619","targetHints":{"allow":["GET"]}}],"collection":[{"href":"https:\/\/mediagroup.mx\/index.php\/wp-json\/wp\/v2\/posts"}],"about":[{"href":"https:\/\/mediagroup.mx\/index.php\/wp-json\/wp\/v2\/types\/post"}],"author":[{"embeddable":true,"href":"https:\/\/mediagroup.mx\/index.php\/wp-json\/wp\/v2\/users\/2"}],"replies":[{"embeddable":true,"href":"https:\/\/mediagroup.mx\/index.php\/wp-json\/wp\/v2\/comments?post=62619"}],"version-history":[{"count":1,"href":"https:\/\/mediagroup.mx\/index.php\/wp-json\/wp\/v2\/posts\/62619\/revisions"}],"predecessor-version":[{"id":62621,"href":"https:\/\/mediagroup.mx\/index.php\/wp-json\/wp\/v2\/posts\/62619\/revisions\/62621"}],"wp:featuredmedia":[{"embeddable":true,"href":"https:\/\/mediagroup.mx\/index.php\/wp-json\/wp\/v2\/media\/62620"}],"wp:attachment":[{"href":"https:\/\/mediagroup.mx\/index.php\/wp-json\/wp\/v2\/media?parent=62619"}],"wp:term":[{"taxonomy":"category","embeddable":true,"href":"https:\/\/mediagroup.mx\/index.php\/wp-json\/wp\/v2\/categories?post=62619"},{"taxonomy":"post_tag","embeddable":true,"href":"https:\/\/mediagroup.mx\/index.php\/wp-json\/wp\/v2\/tags?post=62619"}],"curies":[{"name":"wp","href":"https:\/\/api.w.org\/{rel}","templated":true}]}}