{"id":62631,"date":"2025-02-12T20:42:08","date_gmt":"2025-02-13T02:42:08","guid":{"rendered":"https:\/\/mediagroup.mx\/?p=62631"},"modified":"2025-02-12T20:42:08","modified_gmt":"2025-02-13T02:42:08","slug":"consejo-universitario-participa-en-mesas-de-dialogo-sobre-la-reforma-a-la-ley-organica-respeto-a-la-autonomia-uno-de-los-temas-mas-recurrentes","status":"publish","type":"post","link":"https:\/\/mediagroup.mx\/index.php\/2025\/02\/12\/consejo-universitario-participa-en-mesas-de-dialogo-sobre-la-reforma-a-la-ley-organica-respeto-a-la-autonomia-uno-de-los-temas-mas-recurrentes\/","title":{"rendered":"Consejo Universitario participa en mesas de di\u00e1logo sobre la reforma a la Ley Org\u00e1nica; respeto a la autonom\u00eda, uno de los temas m\u00e1s recurrentes"},"content":{"rendered":"<p>Morelia, Michoac\u00e1n, a 11 de febrero de 2025.- Las y los integrantes del Consejo Universitario participan en las mesas de di\u00e1logo en torno a la reforma a la Ley Org\u00e1nica que organiza la administraci\u00f3n de la rectora de la Universidad Michoacana de San Nicol\u00e1s de Hidalgo (UMSNH), Yarab\u00ed \u00c1vila Gonz\u00e1lez, en donde uno de los temas m\u00e1s recurrentes fue dar cumplimiento con lo que mandata el Poder Legislativo, pero respetando la autonom\u00eda de la casa de estudios.<\/p>\n<p>\u201cLes agradecemos mucho el trabajo que se realizar\u00e1 en las diversas mesas, las aportaciones que ustedes hagan ser\u00e1n muy importantes para la construcci\u00f3n de esta Ley Org\u00e1nica, despu\u00e9s de algunos a\u00f1os que no se le tocaba ni una coma, pero que adem\u00e1s nos mandata el Congreso del Estado realizar lo correspondiente\u201d, se\u00f1al\u00f3 la rectora nicolaita.<\/p>\n<p>Durante el inicio de los trabajos que se desarrollar\u00e1n hasta este mi\u00e9rcoles 12 de febrero, el secretario general, Javier Cervantes Rodr\u00edguez y el abogado general, Hugo Rojas Figueroa, acompa\u00f1ados de la notaria P\u00fablica No. 97, Isania Lizbeth Sol\u00f3rzalo Su\u00e1rez, acudieron a cada una de las mesas que se realizaron con los siguientes temas: pensiones y jubilaciones; elecci\u00f3n del rector o rectora; Consejo Universitario, bases para una educaci\u00f3n e investigaci\u00f3n cient\u00edfica; naturaleza, atribuciones, fines y definiciones; justicia universitaria; y g\u00e9nero, inclusi\u00f3n y cultura de paz.<\/p>\n<p>En este sentido, el secretario general, Javier Cervantes, agradeci\u00f3 la plena disposici\u00f3n, que dijo, siempre encontramos en el Consejo Universitario por parte de los directores, directoras, de las y los profesores y de los estudiantes para llevar a cabo estos trabajos, tras se\u00f1alar que son la continuaci\u00f3n de diversas acciones que la administraci\u00f3n central ha realizado respecto a la reforma a la Ley Org\u00e1nica. \u201cEsto ya lo venimos trabajando en nuestras dependencias y ustedes lo han trabajado en sus comunidades\u201d.<\/p>\n<p>El funcionario coment\u00f3 que las actividades que hoy dieron inicio continuar\u00e1n hasta este mi\u00e9rcoles y reiter\u00f3 la invitaci\u00f3n para que las y los nicolaitas sigan participando en las distintas mesas y compartan los comentarios y las observaciones que puedan hacer en torno a la reforma a la Ley Org\u00e1nica.<\/p>\n<p>\u201cQue podamos consolidar un proyecto acorde a lo que hoy necesita la propia Universidad, tambi\u00e9n comentarles que nos acompa\u00f1a la licenciada Isania Sol\u00f3rzano, notaria n\u00famero 97 de la ciudad de Morelia, que va a certificar todos estos trabajos porque tambi\u00e9n es importante dar la certeza de lo que se est\u00e1 realizando\u201d, sostuvo.<\/p>\n<p>Por su parte, el abogado general, Hugo Rojas, destac\u00f3 la presencia de las y los participantes, as\u00ed como de la notaria P\u00fablica que da fe de los trabajos que se est\u00e1n desarrollando.<\/p>\n<p>Hoy y ma\u00f1ana, a\u00f1adi\u00f3, es una jornada de mucho esfuerzo, pero tambi\u00e9n de festejo porque a final del d\u00eda esta transformaci\u00f3n vamos a tratar de que sea en el mejor de los \u00e1nimos como lo hemos venido haciendo, pero tambi\u00e9n sabedores de que es una transformaci\u00f3n que la vislumbramos a 60 a\u00f1os aproximadamente.<\/p>\n<p>\u201cSeguramente no nos va a tocar ver otra gran transformaci\u00f3n como la estamos proyectando, pero estamos haciendo historia con estos trabajos, much\u00edsimas gracias a todas y a todos\u201d, indic\u00f3.<\/p>\n<p><img loading=\"lazy\" decoding=\"async\" class=\"alignnone size-medium wp-image-62632\" src=\"https:\/\/mediagroup.mx\/wp-content\/uploads\/2025\/02\/WhatsApp-Image-2025-02-12-at-9.21.25-AM-300x200.jpeg\" alt=\"\" width=\"300\" height=\"200\" srcset=\"https:\/\/mediagroup.mx\/wp-content\/uploads\/2025\/02\/WhatsApp-Image-2025-02-12-at-9.21.25-AM-300x200.jpeg 300w, https:\/\/mediagroup.mx\/wp-content\/uploads\/2025\/02\/WhatsApp-Image-2025-02-12-at-9.21.25-AM-1024x683.jpeg 1024w, https:\/\/mediagroup.mx\/wp-content\/uploads\/2025\/02\/WhatsApp-Image-2025-02-12-at-9.21.25-AM-768x512.jpeg 768w, https:\/\/mediagroup.mx\/wp-content\/uploads\/2025\/02\/WhatsApp-Image-2025-02-12-at-9.21.25-AM-1536x1024.jpeg 1536w, https:\/\/mediagroup.mx\/wp-content\/uploads\/2025\/02\/WhatsApp-Image-2025-02-12-at-9.21.25-AM-2048x1365.jpeg 2048w, https:\/\/mediagroup.mx\/wp-content\/uploads\/2025\/02\/WhatsApp-Image-2025-02-12-at-9.21.25-AM-150x100.jpeg 150w, https:\/\/mediagroup.mx\/wp-content\/uploads\/2025\/02\/WhatsApp-Image-2025-02-12-at-9.21.25-AM-696x464.jpeg 696w, https:\/\/mediagroup.mx\/wp-content\/uploads\/2025\/02\/WhatsApp-Image-2025-02-12-at-9.21.25-AM-1068x712.jpeg 1068w, https:\/\/mediagroup.mx\/wp-content\/uploads\/2025\/02\/WhatsApp-Image-2025-02-12-at-9.21.25-AM-1920x1280.jpeg 1920w\" sizes=\"auto, (max-width: 300px) 100vw, 300px\" \/><\/p>\n","protected":false},"excerpt":{"rendered":"<p>Morelia, Michoac\u00e1n, a 11 de febrero de 2025.- Las y los integrantes del Consejo Universitario participan en las mesas de di\u00e1logo en torno a la reforma a la Ley Org\u00e1nica que organiza la administraci\u00f3n de la rectora de la Universidad Michoacana de San Nicol\u00e1s de Hidalgo (UMSNH), Yarab\u00ed \u00c1vila Gonz\u00e1lez, en donde uno de los [&hellip;]<\/p>\n","protected":false},"author":2,"featured_media":62632,"comment_status":"closed","ping_status":"closed","sticky":false,"template":"","format":"standard","meta":{"om_disable_all_campaigns":false,"_monsterinsights_skip_tracking":false,"_monsterinsights_sitenote_active":false,"_monsterinsights_sitenote_note":"","_monsterinsights_sitenote_category":0,"_uf_show_specific_survey":0,"_uf_disable_surveys":false,"_jetpack_memberships_contains_paid_content":false,"footnotes":"","jetpack_publicize_message":"Consejo Universitario participa en mesas de di\u00e1logo sobre la reforma a la Ley Org\u00e1nica; respeto a la autonom\u00eda, uno de los temas m\u00e1s recurrentes\r\n\r\n\u00b7 La rectora Yarab\u00ed \u00c1vila encabeza los trabajos que iniciaron este martes y continuar\u00e1n el mi\u00e9rcoles 12 de febrero.","jetpack_publicize_feature_enabled":true,"jetpack_social_post_already_shared":true,"jetpack_social_options":{"image_generator_settings":{"template":"highway","default_image_id":0,"enabled":false},"version":2}},"categories":[15,63],"tags":[],"class_list":{"0":"post-62631","1":"post","2":"type-post","3":"status-publish","4":"format-standard","5":"has-post-thumbnail","7":"category-michoacan","8":"category-politica"},"aioseo_notices":[],"jetpack_publicize_connections":[],"jetpack_featured_media_url":"https:\/\/mediagroup.mx\/wp-content\/uploads\/2025\/02\/WhatsApp-Image-2025-02-12-at-9.21.25-AM-scaled.jpeg","jetpack_sharing_enabled":true,"_links":{"self":[{"href":"https:\/\/mediagroup.mx\/index.php\/wp-json\/wp\/v2\/posts\/62631","targetHints":{"allow":["GET"]}}],"collection":[{"href":"https:\/\/mediagroup.mx\/index.php\/wp-json\/wp\/v2\/posts"}],"about":[{"href":"https:\/\/mediagroup.mx\/index.php\/wp-json\/wp\/v2\/types\/post"}],"author":[{"embeddable":true,"href":"https:\/\/mediagroup.mx\/index.php\/wp-json\/wp\/v2\/users\/2"}],"replies":[{"embeddable":true,"href":"https:\/\/mediagroup.mx\/index.php\/wp-json\/wp\/v2\/comments?post=62631"}],"version-history":[{"count":1,"href":"https:\/\/mediagroup.mx\/index.php\/wp-json\/wp\/v2\/posts\/62631\/revisions"}],"predecessor-version":[{"id":62633,"href":"https:\/\/mediagroup.mx\/index.php\/wp-json\/wp\/v2\/posts\/62631\/revisions\/62633"}],"wp:featuredmedia":[{"embeddable":true,"href":"https:\/\/mediagroup.mx\/index.php\/wp-json\/wp\/v2\/media\/62632"}],"wp:attachment":[{"href":"https:\/\/mediagroup.mx\/index.php\/wp-json\/wp\/v2\/media?parent=62631"}],"wp:term":[{"taxonomy":"category","embeddable":true,"href":"https:\/\/mediagroup.mx\/index.php\/wp-json\/wp\/v2\/categories?post=62631"},{"taxonomy":"post_tag","embeddable":true,"href":"https:\/\/mediagroup.mx\/index.php\/wp-json\/wp\/v2\/tags?post=62631"}],"curies":[{"name":"wp","href":"https:\/\/api.w.org\/{rel}","templated":true}]}}