{"id":62637,"date":"2025-02-12T20:50:25","date_gmt":"2025-02-13T02:50:25","guid":{"rendered":"https:\/\/mediagroup.mx\/?p=62637"},"modified":"2025-02-12T20:50:25","modified_gmt":"2025-02-13T02:50:25","slug":"fin-al-dogma-neoliberal-en-el-turismo-hugo-rangel","status":"publish","type":"post","link":"https:\/\/mediagroup.mx\/index.php\/2025\/02\/12\/fin-al-dogma-neoliberal-en-el-turismo-hugo-rangel\/","title":{"rendered":"Fin al dogma neoliberal en el turismo: Hugo Rangel"},"content":{"rendered":"<p>Morelia, Michoac\u00e1n. (Mi\u00e9rcoles 12 de febrero de 2025). El diputado petista Hugo Rangel celebr\u00f3 la consolidaci\u00f3n de un nuevo paradigma tur\u00edstico bajo el liderazgo de la presidenta Claudia Sheinbaum, quien ha apostado por un modelo que trasciende la promoci\u00f3n hueca y se orienta al bienestar y la inclusi\u00f3n de las comunidades. \u201cNo se trata solo de atraer turistas, sino de incorporar a todos los habitantes en los procesos de desarrollo que el turismo genera\u201d, afirm\u00f3. En contraste, lament\u00f3 que en distintos niveles de gobierno a\u00fan persistan estrategias anquilosadas en la l\u00f3gica neoliberal, que perpet\u00faan la ilusi\u00f3n de que \u201csi les va bien a los de arriba, salpica a los de abajo\u201d.<\/p>\n<p>El legislador alert\u00f3 sobre la peligrosa reproducci\u00f3n del mito de que el simple incremento de visitantes se traduce en beneficios colectivos, cuando en realidad este enfoque fomenta fen\u00f3menos adversos como la gentrificaci\u00f3n, la contaminaci\u00f3n ambiental y la segmentaci\u00f3n social. \u201cHemos normalizado la existencia de para\u00edsos tur\u00edsticos inmersos en infiernos de marginaci\u00f3n, sin considerar que el desarrollo debe ser una ecuaci\u00f3n donde las microeconom\u00edas locales sean actores centrales y no solo espectadores\u201d, subray\u00f3 Rangel.<\/p>\n<p>En este contexto, Rangel Vargas destac\u00f3 la importancia de la nueva estrategia federal, que rompe con una visi\u00f3n errada del turismo y reivindica la integraci\u00f3n de las comunidades bajo el concepto de turismo comunitario, desplazando un modelo extractivista que ha privilegiado la homogenizaci\u00f3n cultural y el despojo econ\u00f3mico. \u201cEl turismo no debe convertir a los habitantes en simples empleados de cadenas comerciales, sino en protagonistas del desarrollo de su propia tierra\u201d, enfatiz\u00f3.<\/p>\n<p>Bajo esta misma t\u00f3nica se inscribe la iniciativa presentada ante la Mesa Directiva del Congreso del Estado de Michoac\u00e1n por los diputados Hugo Rangel y To\u00f1o Mendoza, la cual busca otorgar a los ayuntamientos de los pueblos m\u00e1gicos y comunitarios facultades para restringir la instalaci\u00f3n de franquicias comerciales que atentan contra la singularidad cultural y afectan a los actores econ\u00f3micos locales. \u201cLa llegada de estas cadenas provoca que los recursos generados por el turismo se vayan a otro lado, impidiendo el desarrollo y la inclusi\u00f3n de los microcomerciantes\u201d, concluy\u00f3.<\/p>\n<p><img loading=\"lazy\" decoding=\"async\" class=\"alignnone size-medium wp-image-62638\" src=\"https:\/\/mediagroup.mx\/wp-content\/uploads\/2025\/02\/WhatsApp-Image-2025-02-12-at-11.27.14-AM-300x200.jpeg\" alt=\"\" width=\"300\" height=\"200\" srcset=\"https:\/\/mediagroup.mx\/wp-content\/uploads\/2025\/02\/WhatsApp-Image-2025-02-12-at-11.27.14-AM-300x200.jpeg 300w, https:\/\/mediagroup.mx\/wp-content\/uploads\/2025\/02\/WhatsApp-Image-2025-02-12-at-11.27.14-AM-1024x682.jpeg 1024w, https:\/\/mediagroup.mx\/wp-content\/uploads\/2025\/02\/WhatsApp-Image-2025-02-12-at-11.27.14-AM-768x512.jpeg 768w, https:\/\/mediagroup.mx\/wp-content\/uploads\/2025\/02\/WhatsApp-Image-2025-02-12-at-11.27.14-AM-1536x1023.jpeg 1536w, https:\/\/mediagroup.mx\/wp-content\/uploads\/2025\/02\/WhatsApp-Image-2025-02-12-at-11.27.14-AM-150x100.jpeg 150w, https:\/\/mediagroup.mx\/wp-content\/uploads\/2025\/02\/WhatsApp-Image-2025-02-12-at-11.27.14-AM-696x464.jpeg 696w, https:\/\/mediagroup.mx\/wp-content\/uploads\/2025\/02\/WhatsApp-Image-2025-02-12-at-11.27.14-AM-1068x712.jpeg 1068w, https:\/\/mediagroup.mx\/wp-content\/uploads\/2025\/02\/WhatsApp-Image-2025-02-12-at-11.27.14-AM.jpeg 1600w\" sizes=\"auto, (max-width: 300px) 100vw, 300px\" \/><\/p>\n","protected":false},"excerpt":{"rendered":"<p>Morelia, Michoac\u00e1n. (Mi\u00e9rcoles 12 de febrero de 2025). El diputado petista Hugo Rangel celebr\u00f3 la consolidaci\u00f3n de un nuevo paradigma tur\u00edstico bajo el liderazgo de la presidenta Claudia Sheinbaum, quien ha apostado por un modelo que trasciende la promoci\u00f3n hueca y se orienta al bienestar y la inclusi\u00f3n de las comunidades. \u201cNo se trata solo [&hellip;]<\/p>\n","protected":false},"author":2,"featured_media":62638,"comment_status":"closed","ping_status":"closed","sticky":false,"template":"","format":"standard","meta":{"om_disable_all_campaigns":false,"_monsterinsights_skip_tracking":false,"_monsterinsights_sitenote_active":false,"_monsterinsights_sitenote_note":"","_monsterinsights_sitenote_category":0,"_uf_show_specific_survey":0,"_uf_disable_surveys":false,"_jetpack_memberships_contains_paid_content":false,"footnotes":"","jetpack_publicize_message":"","jetpack_publicize_feature_enabled":true,"jetpack_social_post_already_shared":true,"jetpack_social_options":{"image_generator_settings":{"template":"highway","default_image_id":0,"enabled":false},"version":2}},"categories":[15,63],"tags":[],"class_list":{"0":"post-62637","1":"post","2":"type-post","3":"status-publish","4":"format-standard","5":"has-post-thumbnail","7":"category-michoacan","8":"category-politica"},"aioseo_notices":[],"jetpack_publicize_connections":[],"jetpack_featured_media_url":"https:\/\/mediagroup.mx\/wp-content\/uploads\/2025\/02\/WhatsApp-Image-2025-02-12-at-11.27.14-AM.jpeg","jetpack_sharing_enabled":true,"_links":{"self":[{"href":"https:\/\/mediagroup.mx\/index.php\/wp-json\/wp\/v2\/posts\/62637","targetHints":{"allow":["GET"]}}],"collection":[{"href":"https:\/\/mediagroup.mx\/index.php\/wp-json\/wp\/v2\/posts"}],"about":[{"href":"https:\/\/mediagroup.mx\/index.php\/wp-json\/wp\/v2\/types\/post"}],"author":[{"embeddable":true,"href":"https:\/\/mediagroup.mx\/index.php\/wp-json\/wp\/v2\/users\/2"}],"replies":[{"embeddable":true,"href":"https:\/\/mediagroup.mx\/index.php\/wp-json\/wp\/v2\/comments?post=62637"}],"version-history":[{"count":1,"href":"https:\/\/mediagroup.mx\/index.php\/wp-json\/wp\/v2\/posts\/62637\/revisions"}],"predecessor-version":[{"id":62639,"href":"https:\/\/mediagroup.mx\/index.php\/wp-json\/wp\/v2\/posts\/62637\/revisions\/62639"}],"wp:featuredmedia":[{"embeddable":true,"href":"https:\/\/mediagroup.mx\/index.php\/wp-json\/wp\/v2\/media\/62638"}],"wp:attachment":[{"href":"https:\/\/mediagroup.mx\/index.php\/wp-json\/wp\/v2\/media?parent=62637"}],"wp:term":[{"taxonomy":"category","embeddable":true,"href":"https:\/\/mediagroup.mx\/index.php\/wp-json\/wp\/v2\/categories?post=62637"},{"taxonomy":"post_tag","embeddable":true,"href":"https:\/\/mediagroup.mx\/index.php\/wp-json\/wp\/v2\/tags?post=62637"}],"curies":[{"name":"wp","href":"https:\/\/api.w.org\/{rel}","templated":true}]}}