{"id":62644,"date":"2025-02-12T20:56:50","date_gmt":"2025-02-13T02:56:50","guid":{"rendered":"https:\/\/mediagroup.mx\/?p=62644"},"modified":"2025-02-12T20:56:50","modified_gmt":"2025-02-13T02:56:50","slug":"se-trabaja-con-los-municipios-para-sumar-al-desarrollo-de-michoacan-desde-mc-grecia-jennifer-aguilar","status":"publish","type":"post","link":"https:\/\/mediagroup.mx\/index.php\/2025\/02\/12\/se-trabaja-con-los-municipios-para-sumar-al-desarrollo-de-michoacan-desde-mc-grecia-jennifer-aguilar\/","title":{"rendered":"Se trabaja con los municipios para sumar al desarrollo de Michoac\u00e1n desde MC: Grecia Jennifer Aguilar"},"content":{"rendered":"<p>En un encuentro significativo, la diputada Grecia Jennifer Aguilar Mercado se reuni\u00f3 con el presidente municipal de Charo, Gabriel Molinero, para discutir los proyectos que se avecinan para Michoac\u00e1n. La reuni\u00f3n se centr\u00f3 en la b\u00fasqueda de soluciones para impulsar el desarrollo de los municipios.<\/p>\n<p>La diputada Aguilar Mercado afirm\u00f3 que desde la LXXVI Legislatura Local, la bancada de Movimiento Ciudadano apoya siempre al desarrollo de los municipios. Para lograr esto, se est\u00e1n recorriendo el estado para conocer los planteamientos de la poblaci\u00f3n y escuchar a las autoridades municipales. De esta manera, se podr\u00e1n llevar sus propuestas al Pleno del Congreso.<\/p>\n<p>La reuni\u00f3n forma parte de la iniciativa de la Fuerza Naranja para impulsar el desarrollo de Michoac\u00e1n. Con este objetivo, se est\u00e1n llevando a cabo diferentes proyectos y acciones en todo el estado.<\/p>\n<p>La diputada Aguilar Mercado y el presidente municipal de Charo, Gabriel Molinero, trabajan juntos para hacer realidad estos proyectos y mejorar la calidad de vida de los michoacanos.<\/p>\n<p>La diputada naranja se comprometi\u00f3 a ser la voz de los municipios en el Congreso, llevando sus propuestas y necesidades al Pleno del Congreso. De esta manera, se busca garantizar que los municipios tengan una representaci\u00f3n efectiva en el Poder Legislativo y que sus necesidades sean atendidas de manera oportuna y efectiva.<\/p>\n<p><img loading=\"lazy\" decoding=\"async\" class=\"alignnone size-medium wp-image-62645\" src=\"https:\/\/mediagroup.mx\/wp-content\/uploads\/2025\/02\/WhatsApp-Image-2025-02-12-at-1.08.14-PM-240x300.jpeg\" alt=\"\" width=\"240\" height=\"300\" srcset=\"https:\/\/mediagroup.mx\/wp-content\/uploads\/2025\/02\/WhatsApp-Image-2025-02-12-at-1.08.14-PM-240x300.jpeg 240w, https:\/\/mediagroup.mx\/wp-content\/uploads\/2025\/02\/WhatsApp-Image-2025-02-12-at-1.08.14-PM-819x1024.jpeg 819w, https:\/\/mediagroup.mx\/wp-content\/uploads\/2025\/02\/WhatsApp-Image-2025-02-12-at-1.08.14-PM-768x960.jpeg 768w, https:\/\/mediagroup.mx\/wp-content\/uploads\/2025\/02\/WhatsApp-Image-2025-02-12-at-1.08.14-PM-1229x1536.jpeg 1229w, https:\/\/mediagroup.mx\/wp-content\/uploads\/2025\/02\/WhatsApp-Image-2025-02-12-at-1.08.14-PM-150x188.jpeg 150w, https:\/\/mediagroup.mx\/wp-content\/uploads\/2025\/02\/WhatsApp-Image-2025-02-12-at-1.08.14-PM-300x375.jpeg 300w, https:\/\/mediagroup.mx\/wp-content\/uploads\/2025\/02\/WhatsApp-Image-2025-02-12-at-1.08.14-PM-696x870.jpeg 696w, https:\/\/mediagroup.mx\/wp-content\/uploads\/2025\/02\/WhatsApp-Image-2025-02-12-at-1.08.14-PM-1068x1335.jpeg 1068w, https:\/\/mediagroup.mx\/wp-content\/uploads\/2025\/02\/WhatsApp-Image-2025-02-12-at-1.08.14-PM.jpeg 1280w\" sizes=\"auto, (max-width: 240px) 100vw, 240px\" \/><\/p>\n","protected":false},"excerpt":{"rendered":"<p>En un encuentro significativo, la diputada Grecia Jennifer Aguilar Mercado se reuni\u00f3 con el presidente municipal de Charo, Gabriel Molinero, para discutir los proyectos que se avecinan para Michoac\u00e1n. La reuni\u00f3n se centr\u00f3 en la b\u00fasqueda de soluciones para impulsar el desarrollo de los municipios. La diputada Aguilar Mercado afirm\u00f3 que desde la LXXVI Legislatura [&hellip;]<\/p>\n","protected":false},"author":2,"featured_media":62645,"comment_status":"closed","ping_status":"closed","sticky":false,"template":"","format":"standard","meta":{"om_disable_all_campaigns":false,"_monsterinsights_skip_tracking":false,"_monsterinsights_sitenote_active":false,"_monsterinsights_sitenote_note":"","_monsterinsights_sitenote_category":0,"_uf_show_specific_survey":0,"_uf_disable_surveys":false,"_jetpack_memberships_contains_paid_content":false,"footnotes":"","jetpack_publicize_message":"Se trabaja con los municipios para sumar al desarrollo de Michoac\u00e1n desde MC: Grecia Jennifer Aguilar\r\n\r\n-Se re\u00fane con el alcalde de Charo","jetpack_publicize_feature_enabled":true,"jetpack_social_post_already_shared":true,"jetpack_social_options":{"image_generator_settings":{"template":"highway","default_image_id":0,"enabled":false},"version":2}},"categories":[15,63],"tags":[],"class_list":{"0":"post-62644","1":"post","2":"type-post","3":"status-publish","4":"format-standard","5":"has-post-thumbnail","7":"category-michoacan","8":"category-politica"},"aioseo_notices":[],"jetpack_publicize_connections":[],"jetpack_featured_media_url":"https:\/\/mediagroup.mx\/wp-content\/uploads\/2025\/02\/WhatsApp-Image-2025-02-12-at-1.08.14-PM.jpeg","jetpack_sharing_enabled":true,"_links":{"self":[{"href":"https:\/\/mediagroup.mx\/index.php\/wp-json\/wp\/v2\/posts\/62644","targetHints":{"allow":["GET"]}}],"collection":[{"href":"https:\/\/mediagroup.mx\/index.php\/wp-json\/wp\/v2\/posts"}],"about":[{"href":"https:\/\/mediagroup.mx\/index.php\/wp-json\/wp\/v2\/types\/post"}],"author":[{"embeddable":true,"href":"https:\/\/mediagroup.mx\/index.php\/wp-json\/wp\/v2\/users\/2"}],"replies":[{"embeddable":true,"href":"https:\/\/mediagroup.mx\/index.php\/wp-json\/wp\/v2\/comments?post=62644"}],"version-history":[{"count":1,"href":"https:\/\/mediagroup.mx\/index.php\/wp-json\/wp\/v2\/posts\/62644\/revisions"}],"predecessor-version":[{"id":62646,"href":"https:\/\/mediagroup.mx\/index.php\/wp-json\/wp\/v2\/posts\/62644\/revisions\/62646"}],"wp:featuredmedia":[{"embeddable":true,"href":"https:\/\/mediagroup.mx\/index.php\/wp-json\/wp\/v2\/media\/62645"}],"wp:attachment":[{"href":"https:\/\/mediagroup.mx\/index.php\/wp-json\/wp\/v2\/media?parent=62644"}],"wp:term":[{"taxonomy":"category","embeddable":true,"href":"https:\/\/mediagroup.mx\/index.php\/wp-json\/wp\/v2\/categories?post=62644"},{"taxonomy":"post_tag","embeddable":true,"href":"https:\/\/mediagroup.mx\/index.php\/wp-json\/wp\/v2\/tags?post=62644"}],"curies":[{"name":"wp","href":"https:\/\/api.w.org\/{rel}","templated":true}]}}