{"id":62655,"date":"2025-02-13T17:59:31","date_gmt":"2025-02-13T23:59:31","guid":{"rendered":"https:\/\/mediagroup.mx\/?p=62655"},"modified":"2025-02-13T17:59:31","modified_gmt":"2025-02-13T23:59:31","slug":"mas-de-400-personas-candidatas-para-renovar-el-pje","status":"publish","type":"post","link":"https:\/\/mediagroup.mx\/index.php\/2025\/02\/13\/mas-de-400-personas-candidatas-para-renovar-el-pje\/","title":{"rendered":"M\u00e1s de 400 personas candidatas para renovar el PJE"},"content":{"rendered":"<p>Morelia, Michoac\u00e1n, a 12 de diciembre de 2025.- En una nueva fase de la hist\u00f3rica elecci\u00f3n para renovar el Poder Judicial local, el Congreso del Estado hizo entrega al Instituto Electoral de Michoac\u00e1n (IEM) de una lista de 425 candidatas y candidatos que aparecer\u00e1n en las boletas el pr\u00f3ximo 1 de junio, se\u00f1al\u00f3 la diputada Fabiola Alan\u00eds S\u00e1mano.<\/p>\n<p>La presidenta de la Junta de Coordinaci\u00f3n Pol\u00edtica del Congreso del Estado, junto con el presidente de la Mesa Directiva, el diputado Juan Antonio Maga\u00f1a de la Mora, y el secretario de Servicios Parlamentarios del Congreso michoacano, Fernando Chagolla Cort\u00e9s, hizo entrega al consejero Presidente del IEM, Ignacio Hurtado G\u00f3mez, del listado final de candidatas y candidatos a magistraturas y juzgados, que fueron revisados por cada uno de los comit\u00e9s de los tres poderes del estado.<\/p>\n<p>Cabe destacar que la lista final alcanza un n\u00famero que supera las 670 candidaturas, sin embargo, algunas personas aspirantes se inscribieron y fueron aceptadas en los tres comit\u00e9s (Ejecutivo, Legislativo y Judicial) por lo que su candidatura se triplica. Sin embargo, al considerar candidatas y candidatos \u00fanicos, el n\u00famero final es de 425 aspirantes: 151 para magistraturas y 274 para juzgados.<\/p>\n<p>Alan\u00eds S\u00e1mano destac\u00f3 que el siguiente paso es promover, difundir y garantizar que las y los michoacanos salgan a las urnas el pr\u00f3ximo 1 de junio, para participar en este evento hist\u00f3rico de elecci\u00f3n de integrantes del Poder Judicial de Michoac\u00e1n, y as\u00ed consolidar la democratizaci\u00f3n de la impartici\u00f3n de justicia en la entidad.<\/p>\n<p>Es momento para realizar un renovaci\u00f3n profunda de la acceso a la justicia en la entidad, para que el Poder Judicial de Michoac\u00e1n tambi\u00e9n se sume a la visi\u00f3n progresista y de avanzada de garantizar el respeto a los derechos de todas y todos los michoacanos sin distinci\u00f3n, de manera expedita y de forma sencilla, abund\u00f3 la tambi\u00e9n coordinadora del Grupo Parlamentario de Morena.<\/p>\n<p><img loading=\"lazy\" decoding=\"async\" class=\"alignnone size-medium wp-image-62656\" src=\"https:\/\/mediagroup.mx\/wp-content\/uploads\/2025\/02\/WhatsApp-Image-2025-02-13-at-9.23.35-AM-1-300x200.jpeg\" alt=\"\" width=\"300\" height=\"200\" srcset=\"https:\/\/mediagroup.mx\/wp-content\/uploads\/2025\/02\/WhatsApp-Image-2025-02-13-at-9.23.35-AM-1-300x200.jpeg 300w, https:\/\/mediagroup.mx\/wp-content\/uploads\/2025\/02\/WhatsApp-Image-2025-02-13-at-9.23.35-AM-1-1024x682.jpeg 1024w, https:\/\/mediagroup.mx\/wp-content\/uploads\/2025\/02\/WhatsApp-Image-2025-02-13-at-9.23.35-AM-1-768x512.jpeg 768w, https:\/\/mediagroup.mx\/wp-content\/uploads\/2025\/02\/WhatsApp-Image-2025-02-13-at-9.23.35-AM-1-1536x1023.jpeg 1536w, https:\/\/mediagroup.mx\/wp-content\/uploads\/2025\/02\/WhatsApp-Image-2025-02-13-at-9.23.35-AM-1-150x100.jpeg 150w, https:\/\/mediagroup.mx\/wp-content\/uploads\/2025\/02\/WhatsApp-Image-2025-02-13-at-9.23.35-AM-1-696x464.jpeg 696w, https:\/\/mediagroup.mx\/wp-content\/uploads\/2025\/02\/WhatsApp-Image-2025-02-13-at-9.23.35-AM-1-1068x712.jpeg 1068w, https:\/\/mediagroup.mx\/wp-content\/uploads\/2025\/02\/WhatsApp-Image-2025-02-13-at-9.23.35-AM-1.jpeg 1600w\" sizes=\"auto, (max-width: 300px) 100vw, 300px\" \/><\/p>\n","protected":false},"excerpt":{"rendered":"<p>Morelia, Michoac\u00e1n, a 12 de diciembre de 2025.- En una nueva fase de la hist\u00f3rica elecci\u00f3n para renovar el Poder Judicial local, el Congreso del Estado hizo entrega al Instituto Electoral de Michoac\u00e1n (IEM) de una lista de 425 candidatas y candidatos que aparecer\u00e1n en las boletas el pr\u00f3ximo 1 de junio, se\u00f1al\u00f3 la diputada [&hellip;]<\/p>\n","protected":false},"author":2,"featured_media":62656,"comment_status":"closed","ping_status":"closed","sticky":false,"template":"","format":"standard","meta":{"om_disable_all_campaigns":false,"_monsterinsights_skip_tracking":false,"_monsterinsights_sitenote_active":false,"_monsterinsights_sitenote_note":"","_monsterinsights_sitenote_category":0,"_uf_show_specific_survey":0,"_uf_disable_surveys":false,"_jetpack_memberships_contains_paid_content":false,"footnotes":"","jetpack_publicize_message":"M\u00e1s de 400 personas candidatas para renovar el PJE\r\n\r\n\u2022Difundir y garantizar la asistencia de las personas a las urnas, el siguiente paso: Fabiola Alan\u00eds\r\n\r\n\u2022Es un momento hist\u00f3rico para transformar al Poder Judicial en favor del pueblo, consider\u00f3 la coordinadora de la bancada de Morena","jetpack_publicize_feature_enabled":true,"jetpack_social_post_already_shared":true,"jetpack_social_options":{"image_generator_settings":{"template":"highway","default_image_id":0,"enabled":false},"version":2}},"categories":[15,63],"tags":[],"class_list":{"0":"post-62655","1":"post","2":"type-post","3":"status-publish","4":"format-standard","5":"has-post-thumbnail","7":"category-michoacan","8":"category-politica"},"aioseo_notices":[],"jetpack_publicize_connections":[],"jetpack_featured_media_url":"https:\/\/mediagroup.mx\/wp-content\/uploads\/2025\/02\/WhatsApp-Image-2025-02-13-at-9.23.35-AM-1.jpeg","jetpack_sharing_enabled":true,"_links":{"self":[{"href":"https:\/\/mediagroup.mx\/index.php\/wp-json\/wp\/v2\/posts\/62655","targetHints":{"allow":["GET"]}}],"collection":[{"href":"https:\/\/mediagroup.mx\/index.php\/wp-json\/wp\/v2\/posts"}],"about":[{"href":"https:\/\/mediagroup.mx\/index.php\/wp-json\/wp\/v2\/types\/post"}],"author":[{"embeddable":true,"href":"https:\/\/mediagroup.mx\/index.php\/wp-json\/wp\/v2\/users\/2"}],"replies":[{"embeddable":true,"href":"https:\/\/mediagroup.mx\/index.php\/wp-json\/wp\/v2\/comments?post=62655"}],"version-history":[{"count":1,"href":"https:\/\/mediagroup.mx\/index.php\/wp-json\/wp\/v2\/posts\/62655\/revisions"}],"predecessor-version":[{"id":62657,"href":"https:\/\/mediagroup.mx\/index.php\/wp-json\/wp\/v2\/posts\/62655\/revisions\/62657"}],"wp:featuredmedia":[{"embeddable":true,"href":"https:\/\/mediagroup.mx\/index.php\/wp-json\/wp\/v2\/media\/62656"}],"wp:attachment":[{"href":"https:\/\/mediagroup.mx\/index.php\/wp-json\/wp\/v2\/media?parent=62655"}],"wp:term":[{"taxonomy":"category","embeddable":true,"href":"https:\/\/mediagroup.mx\/index.php\/wp-json\/wp\/v2\/categories?post=62655"},{"taxonomy":"post_tag","embeddable":true,"href":"https:\/\/mediagroup.mx\/index.php\/wp-json\/wp\/v2\/tags?post=62655"}],"curies":[{"name":"wp","href":"https:\/\/api.w.org\/{rel}","templated":true}]}}