{"id":62658,"date":"2025-02-13T18:02:18","date_gmt":"2025-02-14T00:02:18","guid":{"rendered":"https:\/\/mediagroup.mx\/?p=62658"},"modified":"2025-02-13T18:02:18","modified_gmt":"2025-02-14T00:02:18","slug":"inicia-brissa-arroyo-mesa-de-trabajo-conjunta-con-derechos-humanos","status":"publish","type":"post","link":"https:\/\/mediagroup.mx\/index.php\/2025\/02\/13\/inicia-brissa-arroyo-mesa-de-trabajo-conjunta-con-derechos-humanos\/","title":{"rendered":"Inicia Brissa Arroyo mesa de trabajo conjunta con Derechos Humanos"},"content":{"rendered":"<div>Morelia, Michoac\u00e1n, a 12 de febrero de 2025.- La diputada local Brissa Arroyo, al remarcar que tiene \u201cla convicci\u00f3n de legislar con perspectiva de derechos humanos\u201d, inici\u00f3 mesas de trabajo coordinadas con la Comisi\u00f3n Estatal de Derechos Humanos, que permitan avanzar en este rubro.<\/div>\n<div><\/div>\n<div>La Congresista sostuvo una reuni\u00f3n de trabajo con el Presidente de la Comisi\u00f3n Estatal de los Derechos Humanos (CEDH), Marco Antonio Tinoco \u00c1lvarez, en donde se hizo \u00e9nfasis en la necesidad de seguir defendiendo los derechos humanos y avanzar hacia una sociedad m\u00e1s inclusiva.<\/div>\n<div><\/div>\n<div>Brissa Arroyo, integrante del Grupo Parlamentario del Partido de la Revoluci\u00f3n Democr\u00e1tica (GPPRD) en la 76 Legislatura, explic\u00f3 que peri\u00f3dicamente se estar\u00e1n realizando mesas de trabajo conjuntamente con la\u00a0 CEDH para avanzar hacia la construcci\u00f3n de una agenda legislativa con perspectiva de derechos humanos.<\/div>\n<div><\/div>\n<div>\u201cHe asumido el compromiso de legislar en serio, con la m\u00e1s alta responsabilidad atendiendo la parte social, con perspectiva de g\u00e9nero y ahora tambi\u00e9n con perspectiva de derechos humanos cuya agenda es\u00a0 irreductible\u201d, expres\u00f3 Brissa Arroyo.<\/div>\n<div><\/div>\n<div>De acuerdo con informaci\u00f3n de la CEDH, \u201cdentro del conjunto de derechos humanos no existen niveles ni jerarqu\u00edas pues todos tienen igual relevancia, por lo que el Estado se encuentra obligado a tratarlos en forma global y de manera justa y equitativa, en pie de igualdad y d\u00e1ndoles a todos el mismo peso\u201d.<\/div>\n<div><\/div>\n<div>\u00abEn M\u00e9xico se vela por los Derechos humanos de Ni\u00f1as, Ni\u00f1os y Adolescentes, derechos contra la trata de personas, derechos de las personas migrantes, derechos de las comunidades ind\u00edgenas, derecho a la salud, derecho al libre tr\u00e1nsito, derechos de los adultos mayores, entre\u00a0 muchos otros\u201d, destac\u00f3 la legisladora.<\/div>\n<div><img loading=\"lazy\" decoding=\"async\" class=\"alignnone size-medium wp-image-62659\" src=\"https:\/\/mediagroup.mx\/wp-content\/uploads\/2025\/02\/WhatsApp-Image-2025-02-13-at-9.25.19-AM-300x169.jpeg\" alt=\"\" width=\"300\" height=\"169\" srcset=\"https:\/\/mediagroup.mx\/wp-content\/uploads\/2025\/02\/WhatsApp-Image-2025-02-13-at-9.25.19-AM-300x169.jpeg 300w, https:\/\/mediagroup.mx\/wp-content\/uploads\/2025\/02\/WhatsApp-Image-2025-02-13-at-9.25.19-AM-1024x576.jpeg 1024w, https:\/\/mediagroup.mx\/wp-content\/uploads\/2025\/02\/WhatsApp-Image-2025-02-13-at-9.25.19-AM-768x432.jpeg 768w, https:\/\/mediagroup.mx\/wp-content\/uploads\/2025\/02\/WhatsApp-Image-2025-02-13-at-9.25.19-AM-150x84.jpeg 150w, https:\/\/mediagroup.mx\/wp-content\/uploads\/2025\/02\/WhatsApp-Image-2025-02-13-at-9.25.19-AM-696x392.jpeg 696w, https:\/\/mediagroup.mx\/wp-content\/uploads\/2025\/02\/WhatsApp-Image-2025-02-13-at-9.25.19-AM-1068x601.jpeg 1068w, https:\/\/mediagroup.mx\/wp-content\/uploads\/2025\/02\/WhatsApp-Image-2025-02-13-at-9.25.19-AM.jpeg 1280w\" sizes=\"auto, (max-width: 300px) 100vw, 300px\" \/> <img loading=\"lazy\" decoding=\"async\" class=\"alignnone size-medium wp-image-62660\" src=\"https:\/\/mediagroup.mx\/wp-content\/uploads\/2025\/02\/WhatsApp-Image-2025-02-13-at-9.25.18-AM-300x200.jpeg\" alt=\"\" width=\"300\" height=\"200\" srcset=\"https:\/\/mediagroup.mx\/wp-content\/uploads\/2025\/02\/WhatsApp-Image-2025-02-13-at-9.25.18-AM-300x200.jpeg 300w, https:\/\/mediagroup.mx\/wp-content\/uploads\/2025\/02\/WhatsApp-Image-2025-02-13-at-9.25.18-AM-1024x682.jpeg 1024w, https:\/\/mediagroup.mx\/wp-content\/uploads\/2025\/02\/WhatsApp-Image-2025-02-13-at-9.25.18-AM-768x511.jpeg 768w, https:\/\/mediagroup.mx\/wp-content\/uploads\/2025\/02\/WhatsApp-Image-2025-02-13-at-9.25.18-AM-150x100.jpeg 150w, https:\/\/mediagroup.mx\/wp-content\/uploads\/2025\/02\/WhatsApp-Image-2025-02-13-at-9.25.18-AM-696x464.jpeg 696w, https:\/\/mediagroup.mx\/wp-content\/uploads\/2025\/02\/WhatsApp-Image-2025-02-13-at-9.25.18-AM-1068x711.jpeg 1068w, https:\/\/mediagroup.mx\/wp-content\/uploads\/2025\/02\/WhatsApp-Image-2025-02-13-at-9.25.18-AM.jpeg 1500w\" sizes=\"auto, (max-width: 300px) 100vw, 300px\" \/><\/div>\n","protected":false},"excerpt":{"rendered":"<p>Morelia, Michoac\u00e1n, a 12 de febrero de 2025.- La diputada local Brissa Arroyo, al remarcar que tiene \u201cla convicci\u00f3n de legislar con perspectiva de derechos humanos\u201d, inici\u00f3 mesas de trabajo coordinadas con la Comisi\u00f3n Estatal de Derechos Humanos, que permitan avanzar en este rubro. La Congresista sostuvo una reuni\u00f3n de trabajo con el Presidente de [&hellip;]<\/p>\n","protected":false},"author":2,"featured_media":62659,"comment_status":"closed","ping_status":"closed","sticky":false,"template":"","format":"standard","meta":{"om_disable_all_campaigns":false,"_monsterinsights_skip_tracking":false,"_monsterinsights_sitenote_active":false,"_monsterinsights_sitenote_note":"","_monsterinsights_sitenote_category":0,"_uf_show_specific_survey":0,"_uf_disable_surveys":false,"_jetpack_memberships_contains_paid_content":false,"footnotes":"","jetpack_publicize_message":"Inicia Brissa Arroyo mesa de trabajo conjunta con Derechos Humanos\r\n\u2022Importante legislar con perspectiva de derechos humanos, destaca diputada\u00a0\r\n\u2022Destaca que se realizar\u00e1n mesas de trabajo para construir una agenda legislativa en el tema","jetpack_publicize_feature_enabled":true,"jetpack_social_post_already_shared":true,"jetpack_social_options":{"image_generator_settings":{"template":"highway","default_image_id":0,"enabled":false},"version":2}},"categories":[15,63],"tags":[],"class_list":{"0":"post-62658","1":"post","2":"type-post","3":"status-publish","4":"format-standard","5":"has-post-thumbnail","7":"category-michoacan","8":"category-politica"},"aioseo_notices":[],"jetpack_publicize_connections":[],"jetpack_featured_media_url":"https:\/\/mediagroup.mx\/wp-content\/uploads\/2025\/02\/WhatsApp-Image-2025-02-13-at-9.25.19-AM.jpeg","jetpack_sharing_enabled":true,"_links":{"self":[{"href":"https:\/\/mediagroup.mx\/index.php\/wp-json\/wp\/v2\/posts\/62658","targetHints":{"allow":["GET"]}}],"collection":[{"href":"https:\/\/mediagroup.mx\/index.php\/wp-json\/wp\/v2\/posts"}],"about":[{"href":"https:\/\/mediagroup.mx\/index.php\/wp-json\/wp\/v2\/types\/post"}],"author":[{"embeddable":true,"href":"https:\/\/mediagroup.mx\/index.php\/wp-json\/wp\/v2\/users\/2"}],"replies":[{"embeddable":true,"href":"https:\/\/mediagroup.mx\/index.php\/wp-json\/wp\/v2\/comments?post=62658"}],"version-history":[{"count":1,"href":"https:\/\/mediagroup.mx\/index.php\/wp-json\/wp\/v2\/posts\/62658\/revisions"}],"predecessor-version":[{"id":62661,"href":"https:\/\/mediagroup.mx\/index.php\/wp-json\/wp\/v2\/posts\/62658\/revisions\/62661"}],"wp:featuredmedia":[{"embeddable":true,"href":"https:\/\/mediagroup.mx\/index.php\/wp-json\/wp\/v2\/media\/62659"}],"wp:attachment":[{"href":"https:\/\/mediagroup.mx\/index.php\/wp-json\/wp\/v2\/media?parent=62658"}],"wp:term":[{"taxonomy":"category","embeddable":true,"href":"https:\/\/mediagroup.mx\/index.php\/wp-json\/wp\/v2\/categories?post=62658"},{"taxonomy":"post_tag","embeddable":true,"href":"https:\/\/mediagroup.mx\/index.php\/wp-json\/wp\/v2\/tags?post=62658"}],"curies":[{"name":"wp","href":"https:\/\/api.w.org\/{rel}","templated":true}]}}