{"id":62662,"date":"2025-02-13T18:04:46","date_gmt":"2025-02-14T00:04:46","guid":{"rendered":"https:\/\/mediagroup.mx\/?p=62662"},"modified":"2025-02-13T18:04:46","modified_gmt":"2025-02-14T00:04:46","slug":"el-congreso-del-estado-entrego-al-iem-el-listado-de-personas-aspirantes-a-participar-en-eleccion-judicial","status":"publish","type":"post","link":"https:\/\/mediagroup.mx\/index.php\/2025\/02\/13\/el-congreso-del-estado-entrego-al-iem-el-listado-de-personas-aspirantes-a-participar-en-eleccion-judicial\/","title":{"rendered":"El Congreso del Estado entreg\u00f3 al IEM el listado de personas aspirantes a participar en elecci\u00f3n judicial"},"content":{"rendered":"<p>Morelia, Michoac\u00e1n, a 12 de febrero del 2025.- Con la certeza de que el proceso para la elecci\u00f3n de magistradas y magistrados, jueces y juezas, del Poder Judicial de Michoac\u00e1n, se ha desarrollado con pulcritud, transparencia y eficacia, el Congreso del Estado de Michoac\u00e1n hizo entrega al Instituto Electoral de Michoac\u00e1n (IEM), el listado de las personas candidatas que participar\u00e1n en esta elecci\u00f3n.<\/p>\n<p>A trav\u00e9s del presidente de la Mesa Directiva del Congreso del Estado, el diputado Juan Antonio Maga\u00f1a de la Mora, fue que se entreg\u00f3 este listado al Consejero Presidente del IEM, Ignacio Hurtado G\u00f3mez.<\/p>\n<p>El diputado Maga\u00f1a de la Mora, destac\u00f3 que \u201ceste es un procedimiento in\u00e9dito e hist\u00f3rico para Michoac\u00e1n y para M\u00e9xico, en el cual hemos trabajado para que sea un proceso pulcro, transparente y que sin lugar a dudas ser\u00e1 garante del acceso a la justicia para todas y todos\u201d, agreg\u00f3.<\/p>\n<p>Por su parte, la presidenta de la Junta de Coordinaci\u00f3n Pol\u00edtica, la diputada Fabiola Alan\u00eds S\u00e1mano, se\u00f1alo que el IEM cuenta con todo el apoyo y respaldo del Congreso del Estado para la realizaci\u00f3n de esta elecci\u00f3n, e invit\u00f3 a las y los michoacanos a que el pr\u00f3ximo 1 de junio todas y todos participen.<\/p>\n<p>En esta recepci\u00f3n, tambi\u00e9n estuvieron presentes: el Secretario de Servicios Parlamentarios del Congreso del Estado, Fernando Chagolla Cort\u00e9s; el Consejero Presidente del IEM, Ignacio Hurtado G\u00f3mez; as\u00ed como consejeros y consejeras de este \u00f3rgano electoral.<\/p>\n<p><img loading=\"lazy\" decoding=\"async\" class=\"alignnone size-medium wp-image-62663\" src=\"https:\/\/mediagroup.mx\/wp-content\/uploads\/2025\/02\/WhatsApp-Image-2025-02-13-at-9.25.19-AM-1-300x200.jpeg\" alt=\"\" width=\"300\" height=\"200\" srcset=\"https:\/\/mediagroup.mx\/wp-content\/uploads\/2025\/02\/WhatsApp-Image-2025-02-13-at-9.25.19-AM-1-300x200.jpeg 300w, https:\/\/mediagroup.mx\/wp-content\/uploads\/2025\/02\/WhatsApp-Image-2025-02-13-at-9.25.19-AM-1-1024x682.jpeg 1024w, https:\/\/mediagroup.mx\/wp-content\/uploads\/2025\/02\/WhatsApp-Image-2025-02-13-at-9.25.19-AM-1-768x512.jpeg 768w, https:\/\/mediagroup.mx\/wp-content\/uploads\/2025\/02\/WhatsApp-Image-2025-02-13-at-9.25.19-AM-1-150x100.jpeg 150w, https:\/\/mediagroup.mx\/wp-content\/uploads\/2025\/02\/WhatsApp-Image-2025-02-13-at-9.25.19-AM-1-696x464.jpeg 696w, https:\/\/mediagroup.mx\/wp-content\/uploads\/2025\/02\/WhatsApp-Image-2025-02-13-at-9.25.19-AM-1-1068x712.jpeg 1068w, https:\/\/mediagroup.mx\/wp-content\/uploads\/2025\/02\/WhatsApp-Image-2025-02-13-at-9.25.19-AM-1.jpeg 1280w\" sizes=\"auto, (max-width: 300px) 100vw, 300px\" \/><\/p>\n","protected":false},"excerpt":{"rendered":"<p>Morelia, Michoac\u00e1n, a 12 de febrero del 2025.- Con la certeza de que el proceso para la elecci\u00f3n de magistradas y magistrados, jueces y juezas, del Poder Judicial de Michoac\u00e1n, se ha desarrollado con pulcritud, transparencia y eficacia, el Congreso del Estado de Michoac\u00e1n hizo entrega al Instituto Electoral de Michoac\u00e1n (IEM), el listado de [&hellip;]<\/p>\n","protected":false},"author":2,"featured_media":62663,"comment_status":"closed","ping_status":"closed","sticky":false,"template":"","format":"standard","meta":{"om_disable_all_campaigns":false,"_monsterinsights_skip_tracking":false,"_monsterinsights_sitenote_active":false,"_monsterinsights_sitenote_note":"","_monsterinsights_sitenote_category":0,"_uf_show_specific_survey":0,"_uf_disable_surveys":false,"_jetpack_memberships_contains_paid_content":false,"footnotes":"","jetpack_publicize_message":"El Congreso del Estado entreg\u00f3 al IEM el listado de personas aspirantes a participar en elecci\u00f3n judicial","jetpack_publicize_feature_enabled":true,"jetpack_social_post_already_shared":true,"jetpack_social_options":{"image_generator_settings":{"template":"highway","default_image_id":0,"enabled":false},"version":2}},"categories":[15,63],"tags":[],"class_list":{"0":"post-62662","1":"post","2":"type-post","3":"status-publish","4":"format-standard","5":"has-post-thumbnail","7":"category-michoacan","8":"category-politica"},"aioseo_notices":[],"jetpack_publicize_connections":[],"jetpack_featured_media_url":"https:\/\/mediagroup.mx\/wp-content\/uploads\/2025\/02\/WhatsApp-Image-2025-02-13-at-9.25.19-AM-1.jpeg","jetpack_sharing_enabled":true,"_links":{"self":[{"href":"https:\/\/mediagroup.mx\/index.php\/wp-json\/wp\/v2\/posts\/62662","targetHints":{"allow":["GET"]}}],"collection":[{"href":"https:\/\/mediagroup.mx\/index.php\/wp-json\/wp\/v2\/posts"}],"about":[{"href":"https:\/\/mediagroup.mx\/index.php\/wp-json\/wp\/v2\/types\/post"}],"author":[{"embeddable":true,"href":"https:\/\/mediagroup.mx\/index.php\/wp-json\/wp\/v2\/users\/2"}],"replies":[{"embeddable":true,"href":"https:\/\/mediagroup.mx\/index.php\/wp-json\/wp\/v2\/comments?post=62662"}],"version-history":[{"count":1,"href":"https:\/\/mediagroup.mx\/index.php\/wp-json\/wp\/v2\/posts\/62662\/revisions"}],"predecessor-version":[{"id":62664,"href":"https:\/\/mediagroup.mx\/index.php\/wp-json\/wp\/v2\/posts\/62662\/revisions\/62664"}],"wp:featuredmedia":[{"embeddable":true,"href":"https:\/\/mediagroup.mx\/index.php\/wp-json\/wp\/v2\/media\/62663"}],"wp:attachment":[{"href":"https:\/\/mediagroup.mx\/index.php\/wp-json\/wp\/v2\/media?parent=62662"}],"wp:term":[{"taxonomy":"category","embeddable":true,"href":"https:\/\/mediagroup.mx\/index.php\/wp-json\/wp\/v2\/categories?post=62662"},{"taxonomy":"post_tag","embeddable":true,"href":"https:\/\/mediagroup.mx\/index.php\/wp-json\/wp\/v2\/tags?post=62662"}],"curies":[{"name":"wp","href":"https:\/\/api.w.org\/{rel}","templated":true}]}}