{"id":62666,"date":"2025-02-13T18:07:05","date_gmt":"2025-02-14T00:07:05","guid":{"rendered":"https:\/\/mediagroup.mx\/?p=62666"},"modified":"2025-02-13T18:07:05","modified_gmt":"2025-02-14T00:07:05","slug":"presentan-convocatoria-para-la-condecoracion-a-la-mujer-michoacana-2025","status":"publish","type":"post","link":"https:\/\/mediagroup.mx\/index.php\/2025\/02\/13\/presentan-convocatoria-para-la-condecoracion-a-la-mujer-michoacana-2025\/","title":{"rendered":"Presentan Convocatoria para la \u201cCondecoraci\u00f3n a la Mujer Michoacana 2025\u201d."},"content":{"rendered":"<p>Morelia, Michoac\u00e1n, a 12 de febrero del 2025.- El Congreso del Estado, a trav\u00e9s de la Comisi\u00f3n de Igualdad Sustantiva y de G\u00e9nero de la 76 Legislatura, emiti\u00f3 la convocatoria p\u00fablica para la \u201cCondecoraci\u00f3n a la Mujer Michoacana 2025\u201d.<\/p>\n<p>La diputada Melba Edeyanira Albavera Padilla, presidenta de la Comisi\u00f3n de Igualdad Sustantiva y de G\u00e9nero, inform\u00f3 que este mi\u00e9rcoles dio inicio el registro de las propuestas y el cierre ser\u00e1 el pr\u00f3ximo 21 de febrero, para que la entrega de la condecoraci\u00f3n se lleve a cabo en Sesi\u00f3n Solemne el pr\u00f3ximo 6 de marzo.<\/p>\n<p>La legisladora local detall\u00f3 que \u201cesta condecoraci\u00f3n se entrega para conmemorar el d\u00eda internacional de la mujer en el mes de marzo de cada a\u00f1o, el cual se celebra como una jornada de reivindicacion de los derechos de las mujeres, pero sobre todo la lucha, la entrega y todo lo que hacemos por la sociedad\u201d.<\/p>\n<p>Por su parte, la diputada Brisa Ireri Arroyo Mart\u00ednez, integrante de la Comisi\u00f3n de Igualdad Sustantiva y de G\u00e9nero, manifest\u00f3 que esta convocatoria que hoy se emiti\u00f3 es de gran trascendencia, toda vez que es meritorio, pertinenen y oportuno, el reconocer la labor y la ardua tarea que tienen las mujere en el estado de Michoac\u00e1n, para defender los derechos de todas.<\/p>\n<p>\u201cHoy m\u00e1s que nunca se vuelve necesario el unir esfuerzos, el reconocer y valorar la trayectoria de muchas mujeres que se mantienen en el anonimato, mujeres que son activistas desde sus comunidades, municipios o colonias, que se encuentran enccabezando un proyecto y no saben que son lideresas, simplemente lo hacen por intuisi\u00f3n y eso es lo que debemos y tenemos que reconocer\u201d, asever\u00f3.<\/p>\n<p>Dicha convocatoria la podr\u00e1s encontrar en todas las redes oficiales del Congreso del Estado, as\u00ed como en el siguiente link: https:\/\/congresomich.site\/wp-content\/uploads\/2025\/02\/Convocatoria.pdf<\/p>\n<p><img loading=\"lazy\" decoding=\"async\" class=\"alignnone size-medium wp-image-62667\" src=\"https:\/\/mediagroup.mx\/wp-content\/uploads\/2025\/02\/WhatsApp-Image-2025-02-13-at-9.25.20-AM-300x168.jpeg\" alt=\"\" width=\"300\" height=\"168\" srcset=\"https:\/\/mediagroup.mx\/wp-content\/uploads\/2025\/02\/WhatsApp-Image-2025-02-13-at-9.25.20-AM-300x168.jpeg 300w, https:\/\/mediagroup.mx\/wp-content\/uploads\/2025\/02\/WhatsApp-Image-2025-02-13-at-9.25.20-AM-1024x574.jpeg 1024w, https:\/\/mediagroup.mx\/wp-content\/uploads\/2025\/02\/WhatsApp-Image-2025-02-13-at-9.25.20-AM-768x431.jpeg 768w, https:\/\/mediagroup.mx\/wp-content\/uploads\/2025\/02\/WhatsApp-Image-2025-02-13-at-9.25.20-AM-150x84.jpeg 150w, https:\/\/mediagroup.mx\/wp-content\/uploads\/2025\/02\/WhatsApp-Image-2025-02-13-at-9.25.20-AM-696x390.jpeg 696w, https:\/\/mediagroup.mx\/wp-content\/uploads\/2025\/02\/WhatsApp-Image-2025-02-13-at-9.25.20-AM-1068x599.jpeg 1068w, https:\/\/mediagroup.mx\/wp-content\/uploads\/2025\/02\/WhatsApp-Image-2025-02-13-at-9.25.20-AM.jpeg 1280w\" sizes=\"auto, (max-width: 300px) 100vw, 300px\" \/><\/p>\n","protected":false},"excerpt":{"rendered":"<p>Morelia, Michoac\u00e1n, a 12 de febrero del 2025.- El Congreso del Estado, a trav\u00e9s de la Comisi\u00f3n de Igualdad Sustantiva y de G\u00e9nero de la 76 Legislatura, emiti\u00f3 la convocatoria p\u00fablica para la \u201cCondecoraci\u00f3n a la Mujer Michoacana 2025\u201d. La diputada Melba Edeyanira Albavera Padilla, presidenta de la Comisi\u00f3n de Igualdad Sustantiva y de G\u00e9nero, [&hellip;]<\/p>\n","protected":false},"author":2,"featured_media":62667,"comment_status":"closed","ping_status":"closed","sticky":false,"template":"","format":"standard","meta":{"om_disable_all_campaigns":false,"_monsterinsights_skip_tracking":false,"_monsterinsights_sitenote_active":false,"_monsterinsights_sitenote_note":"","_monsterinsights_sitenote_category":0,"_uf_show_specific_survey":0,"_uf_disable_surveys":false,"_jetpack_memberships_contains_paid_content":false,"footnotes":"","jetpack_publicize_message":"Presentan Convocatoria para la \u201cCondecoraci\u00f3n a la Mujer Michoacana 2025\u201d.","jetpack_publicize_feature_enabled":true,"jetpack_social_post_already_shared":true,"jetpack_social_options":{"image_generator_settings":{"template":"highway","default_image_id":0,"enabled":false},"version":2}},"categories":[15,63],"tags":[],"class_list":{"0":"post-62666","1":"post","2":"type-post","3":"status-publish","4":"format-standard","5":"has-post-thumbnail","7":"category-michoacan","8":"category-politica"},"aioseo_notices":[],"jetpack_publicize_connections":[],"jetpack_featured_media_url":"https:\/\/mediagroup.mx\/wp-content\/uploads\/2025\/02\/WhatsApp-Image-2025-02-13-at-9.25.20-AM.jpeg","jetpack_sharing_enabled":true,"_links":{"self":[{"href":"https:\/\/mediagroup.mx\/index.php\/wp-json\/wp\/v2\/posts\/62666","targetHints":{"allow":["GET"]}}],"collection":[{"href":"https:\/\/mediagroup.mx\/index.php\/wp-json\/wp\/v2\/posts"}],"about":[{"href":"https:\/\/mediagroup.mx\/index.php\/wp-json\/wp\/v2\/types\/post"}],"author":[{"embeddable":true,"href":"https:\/\/mediagroup.mx\/index.php\/wp-json\/wp\/v2\/users\/2"}],"replies":[{"embeddable":true,"href":"https:\/\/mediagroup.mx\/index.php\/wp-json\/wp\/v2\/comments?post=62666"}],"version-history":[{"count":1,"href":"https:\/\/mediagroup.mx\/index.php\/wp-json\/wp\/v2\/posts\/62666\/revisions"}],"predecessor-version":[{"id":62668,"href":"https:\/\/mediagroup.mx\/index.php\/wp-json\/wp\/v2\/posts\/62666\/revisions\/62668"}],"wp:featuredmedia":[{"embeddable":true,"href":"https:\/\/mediagroup.mx\/index.php\/wp-json\/wp\/v2\/media\/62667"}],"wp:attachment":[{"href":"https:\/\/mediagroup.mx\/index.php\/wp-json\/wp\/v2\/media?parent=62666"}],"wp:term":[{"taxonomy":"category","embeddable":true,"href":"https:\/\/mediagroup.mx\/index.php\/wp-json\/wp\/v2\/categories?post=62666"},{"taxonomy":"post_tag","embeddable":true,"href":"https:\/\/mediagroup.mx\/index.php\/wp-json\/wp\/v2\/tags?post=62666"}],"curies":[{"name":"wp","href":"https:\/\/api.w.org\/{rel}","templated":true}]}}