{"id":62669,"date":"2025-02-13T18:10:22","date_gmt":"2025-02-14T00:10:22","guid":{"rendered":"https:\/\/mediagroup.mx\/?p=62669"},"modified":"2025-02-13T18:10:22","modified_gmt":"2025-02-14T00:10:22","slug":"condee-reconoce-impulso-al-deporte-en-la-administracion-de-yarabi-avila","status":"publish","type":"post","link":"https:\/\/mediagroup.mx\/index.php\/2025\/02\/13\/condee-reconoce-impulso-al-deporte-en-la-administracion-de-yarabi-avila\/","title":{"rendered":"CONDEE reconoce impulso al deporte en la administraci\u00f3n de Yarab\u00ed \u00c1vila"},"content":{"rendered":"<p>Morelia, Michoac\u00e1n, a 12 de febrero de 2025. &#8211; El Consejo Nacional del Deporte de la Educaci\u00f3n, A.C., (CONDDE) en voz del secretario general ejecutivo, Manuel Al\u00e1n Merodio Reza, reconoci\u00f3 el trabajo en pro del deporte que ha realizado la rectora de la Universidad Michoacana de San Nicol\u00e1s de Hidalgo (UMSNH), Yarab\u00ed \u00c1vila Gonz\u00e1lez, en el marco de la sesi\u00f3n plenaria que el organismo realiz\u00f3 en la entidad.<\/p>\n<p>La M\u00e1xima Casa de Estudios del estado fue sede de la reuni\u00f3n que congreg\u00f3 a directoras y directores del deporte universitario de diversas entidades del pa\u00eds y que tuvo como objetivo tratar las l\u00edneas de acci\u00f3n rumbo a la edici\u00f3n 2025 de la Universiada.<\/p>\n<p>Durante la sesi\u00f3n, el director general del CONDEE, Manuel Merodio, agradeci\u00f3 la presencia de las y los asistentes, lo que dijo, muestra la unidad que hay en las universidades que pertenecen al Consejo.<\/p>\n<p>De igual forma, reconoci\u00f3 la anfitrion\u00eda de la rectora de la UMSNH, Yarab\u00ed \u00c1vila, \u201cella siempre ha trabajado en pro del deporte, soy testigo en cuanto a la delegaci\u00f3n Michoac\u00e1n, de los trabajos que hacen aqu\u00ed, todos esos trabajos que hacen con mucho esfuerzo y que tambi\u00e9n han tenido muchas participaciones\u201d.<\/p>\n<p>El funcionario indic\u00f3 que, se continuar\u00e1 con los trabajos en la entidad para en un futuro traer la Universiada Nacional al estado.<\/p>\n<p>Por su parte, el presidente de la Comisi\u00f3n Nacional Deportiva Estudiantil de Instituciones Privadas (CONADEIP), Hugo Ricardo Dur\u00e1n Gonz\u00e1lez, se\u00f1al\u00f3 que Morelia es una ciudad comprometida por el deporte estudiantil.<\/p>\n<p>\u201cAgradecido con la Universidad definitivamente, un abrazo a la rectora, en tiempos dif\u00edciles para CONDDE el abrirle las puertas es muy importante, el darle el respaldo es muy importante y que sepa la rectora que tambi\u00e9n la CONADEI aqu\u00ed est\u00e1, dando el respaldo\u201d.<\/p>\n<p>El funcionario se\u00f1al\u00f3 que, se busca que ning\u00fan atleta estudiante de todo M\u00e9xico se quede sin tener la oportunidad de representar a su instituci\u00f3n y a sus valores institucionales.<\/p>\n<p>Por su parte, el secretario de Difusi\u00f3n Cultural y Extensi\u00f3n Universitaria de la UMSNH, Miguel \u00c1ngel Villa \u00c1lvarez, quien asisti\u00f3 en representaci\u00f3n de la rectora Yarab\u00ed \u00c1vila, destac\u00f3 la importancia de que la UMSNH sea sede de este tipo de asambleas, al referir que es muy relevante tener la anfitrion\u00eda de integrantes del CONDEE, de la CECUFID y de distintas universidades del pa\u00eds.<\/p>\n<p>\u201cEso nos coloca como epicentro en importancia de c\u00f3mo ha crecido el deporte universitario y mostrar c\u00f3mo en dos a\u00f1os de trabajo de la presente administraci\u00f3n se han ido consolidando la presencia de la Universidad Michoacana a nivel nacional y tambi\u00e9n el inter\u00e9s de nuestros atletas en las distintas disciplinas va creciendo\u00bb, apunt\u00f3.<\/p>\n<p>Por \u00faltimo, el funcionario nicolaita no descart\u00f3 que la Universidad Michoacana busque albergar una fase nacional de la Universiada. \u00abSer\u00eda lo ideal, ser los anfitriones en el futuro pr\u00f3ximo o inmediato\u201d.<\/p>\n<p><img loading=\"lazy\" decoding=\"async\" class=\"alignnone size-medium wp-image-62670\" src=\"https:\/\/mediagroup.mx\/wp-content\/uploads\/2025\/02\/WhatsApp-Image-2025-02-13-at-9.25.32-AM-300x200.jpeg\" alt=\"\" width=\"300\" height=\"200\" srcset=\"https:\/\/mediagroup.mx\/wp-content\/uploads\/2025\/02\/WhatsApp-Image-2025-02-13-at-9.25.32-AM-300x200.jpeg 300w, https:\/\/mediagroup.mx\/wp-content\/uploads\/2025\/02\/WhatsApp-Image-2025-02-13-at-9.25.32-AM-1024x684.jpeg 1024w, https:\/\/mediagroup.mx\/wp-content\/uploads\/2025\/02\/WhatsApp-Image-2025-02-13-at-9.25.32-AM-768x513.jpeg 768w, https:\/\/mediagroup.mx\/wp-content\/uploads\/2025\/02\/WhatsApp-Image-2025-02-13-at-9.25.32-AM-1536x1025.jpeg 1536w, https:\/\/mediagroup.mx\/wp-content\/uploads\/2025\/02\/WhatsApp-Image-2025-02-13-at-9.25.32-AM-2048x1367.jpeg 2048w, https:\/\/mediagroup.mx\/wp-content\/uploads\/2025\/02\/WhatsApp-Image-2025-02-13-at-9.25.32-AM-150x100.jpeg 150w, https:\/\/mediagroup.mx\/wp-content\/uploads\/2025\/02\/WhatsApp-Image-2025-02-13-at-9.25.32-AM-696x465.jpeg 696w, https:\/\/mediagroup.mx\/wp-content\/uploads\/2025\/02\/WhatsApp-Image-2025-02-13-at-9.25.32-AM-1068x713.jpeg 1068w, https:\/\/mediagroup.mx\/wp-content\/uploads\/2025\/02\/WhatsApp-Image-2025-02-13-at-9.25.32-AM-1920x1282.jpeg 1920w\" sizes=\"auto, (max-width: 300px) 100vw, 300px\" \/><\/p>\n","protected":false},"excerpt":{"rendered":"<p>Morelia, Michoac\u00e1n, a 12 de febrero de 2025. &#8211; El Consejo Nacional del Deporte de la Educaci\u00f3n, A.C., (CONDDE) en voz del secretario general ejecutivo, Manuel Al\u00e1n Merodio Reza, reconoci\u00f3 el trabajo en pro del deporte que ha realizado la rectora de la Universidad Michoacana de San Nicol\u00e1s de Hidalgo (UMSNH), Yarab\u00ed \u00c1vila Gonz\u00e1lez, en [&hellip;]<\/p>\n","protected":false},"author":2,"featured_media":62670,"comment_status":"closed","ping_status":"closed","sticky":false,"template":"","format":"standard","meta":{"om_disable_all_campaigns":false,"_monsterinsights_skip_tracking":false,"_monsterinsights_sitenote_active":false,"_monsterinsights_sitenote_note":"","_monsterinsights_sitenote_category":0,"_uf_show_specific_survey":0,"_uf_disable_surveys":false,"_jetpack_memberships_contains_paid_content":false,"footnotes":"","jetpack_publicize_message":"CONDEE reconoce impulso al deporte en la administraci\u00f3n de Yarab\u00ed \u00c1vila\r\n\r\n\u2022 La UMSNH recibi\u00f3 a directoras y directores del deporte universitario de diversas entidades del pa\u00eds para tratar las l\u00edneas de acci\u00f3n rumbo a la Universiada 2025.","jetpack_publicize_feature_enabled":true,"jetpack_social_post_already_shared":true,"jetpack_social_options":{"image_generator_settings":{"template":"highway","default_image_id":0,"enabled":false},"version":2}},"categories":[15,63],"tags":[],"class_list":{"0":"post-62669","1":"post","2":"type-post","3":"status-publish","4":"format-standard","5":"has-post-thumbnail","7":"category-michoacan","8":"category-politica"},"aioseo_notices":[],"jetpack_publicize_connections":[],"jetpack_featured_media_url":"https:\/\/mediagroup.mx\/wp-content\/uploads\/2025\/02\/WhatsApp-Image-2025-02-13-at-9.25.32-AM-scaled.jpeg","jetpack_sharing_enabled":true,"_links":{"self":[{"href":"https:\/\/mediagroup.mx\/index.php\/wp-json\/wp\/v2\/posts\/62669","targetHints":{"allow":["GET"]}}],"collection":[{"href":"https:\/\/mediagroup.mx\/index.php\/wp-json\/wp\/v2\/posts"}],"about":[{"href":"https:\/\/mediagroup.mx\/index.php\/wp-json\/wp\/v2\/types\/post"}],"author":[{"embeddable":true,"href":"https:\/\/mediagroup.mx\/index.php\/wp-json\/wp\/v2\/users\/2"}],"replies":[{"embeddable":true,"href":"https:\/\/mediagroup.mx\/index.php\/wp-json\/wp\/v2\/comments?post=62669"}],"version-history":[{"count":1,"href":"https:\/\/mediagroup.mx\/index.php\/wp-json\/wp\/v2\/posts\/62669\/revisions"}],"predecessor-version":[{"id":62671,"href":"https:\/\/mediagroup.mx\/index.php\/wp-json\/wp\/v2\/posts\/62669\/revisions\/62671"}],"wp:featuredmedia":[{"embeddable":true,"href":"https:\/\/mediagroup.mx\/index.php\/wp-json\/wp\/v2\/media\/62670"}],"wp:attachment":[{"href":"https:\/\/mediagroup.mx\/index.php\/wp-json\/wp\/v2\/media?parent=62669"}],"wp:term":[{"taxonomy":"category","embeddable":true,"href":"https:\/\/mediagroup.mx\/index.php\/wp-json\/wp\/v2\/categories?post=62669"},{"taxonomy":"post_tag","embeddable":true,"href":"https:\/\/mediagroup.mx\/index.php\/wp-json\/wp\/v2\/tags?post=62669"}],"curies":[{"name":"wp","href":"https:\/\/api.w.org\/{rel}","templated":true}]}}