{"id":62674,"date":"2025-02-13T19:14:26","date_gmt":"2025-02-14T01:14:26","guid":{"rendered":"https:\/\/mediagroup.mx\/?p=62674"},"modified":"2025-02-13T19:14:26","modified_gmt":"2025-02-14T01:14:26","slug":"teleferico-de-uruapan-se-construye-con-materia-prima-de-alta-calidad-sedum","status":"publish","type":"post","link":"https:\/\/mediagroup.mx\/index.php\/2025\/02\/13\/teleferico-de-uruapan-se-construye-con-materia-prima-de-alta-calidad-sedum\/","title":{"rendered":"Telef\u00e9rico de Uruapan se construye con materia prima de alta calidad: Sedum"},"content":{"rendered":"<p>Con el compromiso de ofrecer infraestructura segura, moderna y de la m\u00e1s alta calidad, el subsecretario de la Secretar\u00eda de Desarrollo Urbano y Movilidad (Sedum), Gener Cuauht\u00e9moc Cetina Guzm\u00e1n visit\u00f3 la planta BRUGG Fatzer, en Romanshorn, Suiza, donde verific\u00f3 la fabricaci\u00f3n del cable que sostendr\u00e1 las cabinas del telef\u00e9rico de Uruapan.<\/p>\n<p>Constat\u00f3 que las bobinas de cable ya se encuentren terminadas y listas para su env\u00edo el pr\u00f3ximo 21 de febrero, con llegada estimada a Uruapan a finales de marzo, as\u00ed como el proceso de fabricaci\u00f3n que garantizar\u00e1 la seguridad y eficiencia del sistema que incluye el cable de pararrayos, dise\u00f1ado para proteger toda la l\u00ednea del telef\u00e9rico, desde la estaci\u00f3n 1 hasta la 6, asegurando la operaci\u00f3n incluso en condiciones clim\u00e1ticas adversas.<\/p>\n<p>El subsecretario de la Sedum comprob\u00f3 que el cable tractor portante es de \u00faltima generaci\u00f3n, por lo que el telef\u00e9rico de Uruapan contar\u00e1 con el material m\u00e1s sofisticado en su tipo, reforzado con pol\u00edmeros pl\u00e1sticos que ofrecen mayor confort en el desplazamiento de las cabinas y una vida \u00fatil m\u00e1s prolongada.<\/p>\n<p>Aunado a lo anterior, fue testigo de las pruebas de resistencia y calidad que garantizan la confiabilidad y durabilidad del cable, cumpliendo con los m\u00e1s altos est\u00e1ndares internacionales.<\/p>\n<p>Cada bobina pesa 90 toneladas y su llegada a Uruapan representa un paso clave en la consolidaci\u00f3n de esta obra hist\u00f3rica que transformar\u00e1 la movilidad en ese municipio.<\/p>\n","protected":false},"excerpt":{"rendered":"<p>Con el compromiso de ofrecer infraestructura segura, moderna y de la m\u00e1s alta calidad, el subsecretario de la Secretar\u00eda de Desarrollo Urbano y Movilidad (Sedum), Gener Cuauht\u00e9moc Cetina Guzm\u00e1n visit\u00f3 la planta BRUGG Fatzer, en Romanshorn, Suiza, donde verific\u00f3 la fabricaci\u00f3n del cable que sostendr\u00e1 las cabinas del telef\u00e9rico de Uruapan. Constat\u00f3 que las bobinas [&hellip;]<\/p>\n","protected":false},"author":2,"featured_media":62676,"comment_status":"closed","ping_status":"closed","sticky":false,"template":"","format":"standard","meta":{"om_disable_all_campaigns":false,"_monsterinsights_skip_tracking":false,"_monsterinsights_sitenote_active":false,"_monsterinsights_sitenote_note":"","_monsterinsights_sitenote_category":0,"_uf_show_specific_survey":0,"_uf_disable_surveys":false,"_jetpack_memberships_contains_paid_content":false,"footnotes":"","jetpack_publicize_message":"Telef\u00e9rico de Uruapan se construye con materia prima de alta calidad: Sedum","jetpack_publicize_feature_enabled":true,"jetpack_social_post_already_shared":true,"jetpack_social_options":{"image_generator_settings":{"template":"highway","default_image_id":0,"enabled":false},"version":2}},"categories":[15],"tags":[],"class_list":{"0":"post-62674","1":"post","2":"type-post","3":"status-publish","4":"format-standard","5":"has-post-thumbnail","7":"category-michoacan"},"aioseo_notices":[],"jetpack_publicize_connections":[],"jetpack_featured_media_url":"https:\/\/mediagroup.mx\/wp-content\/uploads\/2025\/02\/fe015544-cbc9-4d0f-8301-d84bbf64d4f1.jpeg","jetpack_sharing_enabled":true,"_links":{"self":[{"href":"https:\/\/mediagroup.mx\/index.php\/wp-json\/wp\/v2\/posts\/62674","targetHints":{"allow":["GET"]}}],"collection":[{"href":"https:\/\/mediagroup.mx\/index.php\/wp-json\/wp\/v2\/posts"}],"about":[{"href":"https:\/\/mediagroup.mx\/index.php\/wp-json\/wp\/v2\/types\/post"}],"author":[{"embeddable":true,"href":"https:\/\/mediagroup.mx\/index.php\/wp-json\/wp\/v2\/users\/2"}],"replies":[{"embeddable":true,"href":"https:\/\/mediagroup.mx\/index.php\/wp-json\/wp\/v2\/comments?post=62674"}],"version-history":[{"count":1,"href":"https:\/\/mediagroup.mx\/index.php\/wp-json\/wp\/v2\/posts\/62674\/revisions"}],"predecessor-version":[{"id":62677,"href":"https:\/\/mediagroup.mx\/index.php\/wp-json\/wp\/v2\/posts\/62674\/revisions\/62677"}],"wp:featuredmedia":[{"embeddable":true,"href":"https:\/\/mediagroup.mx\/index.php\/wp-json\/wp\/v2\/media\/62676"}],"wp:attachment":[{"href":"https:\/\/mediagroup.mx\/index.php\/wp-json\/wp\/v2\/media?parent=62674"}],"wp:term":[{"taxonomy":"category","embeddable":true,"href":"https:\/\/mediagroup.mx\/index.php\/wp-json\/wp\/v2\/categories?post=62674"},{"taxonomy":"post_tag","embeddable":true,"href":"https:\/\/mediagroup.mx\/index.php\/wp-json\/wp\/v2\/tags?post=62674"}],"curies":[{"name":"wp","href":"https:\/\/api.w.org\/{rel}","templated":true}]}}