{"id":62686,"date":"2025-02-12T15:11:50","date_gmt":"2025-02-12T21:11:50","guid":{"rendered":"https:\/\/mediagroup.mx\/?p=62686"},"modified":"2025-02-14T15:13:42","modified_gmt":"2025-02-14T21:13:42","slug":"gpprd-en-coordinacion-con-ayuntamiento-de-caracuaro-anuncia-fiesta-de-ceniza","status":"publish","type":"post","link":"https:\/\/mediagroup.mx\/index.php\/2025\/02\/12\/gpprd-en-coordinacion-con-ayuntamiento-de-caracuaro-anuncia-fiesta-de-ceniza\/","title":{"rendered":"GPPRD\u00a0 en coordinaci\u00f3n con Ayuntamiento de Car\u00e1cuaro anuncia Fiesta de Ceniza\u00a0"},"content":{"rendered":"<div>Morelia, Michoac\u00e1n, 12 de febrero de 2025.-\u00a0 \u00a0Como una muestra de respaldo a los Ayuntamientos,\u00a0 la diputada local Brissa Arroyo Mart\u00ednez y el diputado local Octavio Ocampo C\u00f3rdova integrantes del Grupo Parlamentario del Partido de la Revoluci\u00f3n Democr\u00e1tica (GPPRD) en la 76 Legislatura, acompa\u00f1aron al Presidente municipal de Car\u00e1cuaro, Hever Tentory Garc\u00eda, para dar a conocer conjuntamente la Fiesta de la Ceniza 2025 que se realizar\u00e1 del 28 de febrero al 12 de marzo.<\/div>\n<div><\/div>\n<div>En conferencia de prensa que se desarroll\u00f3 en el Sal\u00f3n de Recepciones del Congreso del Estado,\u00a0 la diputada local Brissa Arroyo Mart\u00ednez, destac\u00f3 que la festividad del Se\u00f1or de Car\u00e1cuaro es de las m\u00e1s concurridas porque llegan hasta 500 mil visitantes de la regi\u00f3n Tierra Caliente, de otras entidades y del extranjero fortaleciendo as\u00ed el turismo religioso.<\/div>\n<div><\/div>\n<div>La Congresista agreg\u00f3 que tambi\u00e9n reviste una gran importancia hist\u00f3rica porque en Car\u00e1cuaro vivi\u00f3 el h\u00e9roe de la Independencia el General\u00edsimo Jos\u00e9 Mar\u00eda Morelos y Pav\u00f3n.<\/div>\n<div><\/div>\n<div>De su parte, el diputado local y coordinador del GPPRD, Octavio Ocampo mencion\u00f3 es una oportunidad para disfrutar esta gran fiesta, recorrer este municipio hist\u00f3rico,\u00a0 conocer la gastronom\u00eda, las actividades culturales y la calidez de la gente.<\/div>\n<div><\/div>\n<div>\u201cQuiero reiterar al Ayuntamiento de Car\u00e1cuaro el acompa\u00f1amiento de nuestro Grupo Parlamentario,\u00a0 somos aliados de los municipios, las administraciones municipales cuentan con nosotros desde el Poder Legislativo\u201d, expres\u00f3 Ocampo.<\/div>\n<div><\/div>\n<div><\/div>\n<div>El Presidente Municipal de Car\u00e1cuaro, Hever Tentory Garc\u00eda, inform\u00f3 que<\/div>\n<div>del 28 de febrero al 12 de marzo se realizar\u00e1 la Fiesta de Ceniza 2025 por lo que exhort\u00f3 a la ciudadan\u00eda para asistir a esta celebraci\u00f3n.<\/div>\n<div><\/div>\n<div>Hever Tentory dio a conocer que el Ayuntamiento ha sido cuidadoso de la organizaci\u00f3n y de aspectos como la seguridad para lo cual se\u00a0 ha previsto un operativo conjunto con las corporaciones policiales para\u00a0 salvaguardar la integridad de los visitantes, que haya saldo blanco y se pueda tener un ambiente de armon\u00eda.<\/div>\n<div><\/div>\n<div>Mencion\u00f3 que adem\u00e1s de la celebraci\u00f3n religiosa por\u00a0 la fiesta de Ceniza y el Cristo monumental, el visitante puede apreciar\u00a0 la Casa de Morelos y el Puente del R\u00edo Car\u00e1cuaro.<\/div>\n<div><\/div>\n<div>Asistieron a esta conferencia Miguel \u00c1ngel Godinez Gardu\u00f1o, coordinador del evento y contralor municipal, Silvia C\u00e1rdenas Plancarte, S\u00edndica del Ayuntamiento, entre otros funcionarios municipales.<\/div>\n<div><img loading=\"lazy\" decoding=\"async\" class=\"alignnone size-medium wp-image-62688\" src=\"https:\/\/mediagroup.mx\/wp-content\/uploads\/2025\/02\/WhatsApp-Image-2025-02-13-at-9.26.28-AM-300x200.jpeg\" alt=\"\" width=\"300\" height=\"200\" srcset=\"https:\/\/mediagroup.mx\/wp-content\/uploads\/2025\/02\/WhatsApp-Image-2025-02-13-at-9.26.28-AM-300x200.jpeg 300w, https:\/\/mediagroup.mx\/wp-content\/uploads\/2025\/02\/WhatsApp-Image-2025-02-13-at-9.26.28-AM-1024x683.jpeg 1024w, https:\/\/mediagroup.mx\/wp-content\/uploads\/2025\/02\/WhatsApp-Image-2025-02-13-at-9.26.28-AM-768x512.jpeg 768w, https:\/\/mediagroup.mx\/wp-content\/uploads\/2025\/02\/WhatsApp-Image-2025-02-13-at-9.26.28-AM-150x100.jpeg 150w, https:\/\/mediagroup.mx\/wp-content\/uploads\/2025\/02\/WhatsApp-Image-2025-02-13-at-9.26.28-AM-696x464.jpeg 696w, https:\/\/mediagroup.mx\/wp-content\/uploads\/2025\/02\/WhatsApp-Image-2025-02-13-at-9.26.28-AM-1068x712.jpeg 1068w, https:\/\/mediagroup.mx\/wp-content\/uploads\/2025\/02\/WhatsApp-Image-2025-02-13-at-9.26.28-AM.jpeg 1500w\" sizes=\"auto, (max-width: 300px) 100vw, 300px\" \/><\/div>\n","protected":false},"excerpt":{"rendered":"<p>Morelia, Michoac\u00e1n, 12 de febrero de 2025.-\u00a0 \u00a0Como una muestra de respaldo a los Ayuntamientos,\u00a0 la diputada local Brissa Arroyo Mart\u00ednez y el diputado local Octavio Ocampo C\u00f3rdova integrantes del Grupo Parlamentario del Partido de la Revoluci\u00f3n Democr\u00e1tica (GPPRD) en la 76 Legislatura, acompa\u00f1aron al Presidente municipal de Car\u00e1cuaro, Hever Tentory Garc\u00eda, para dar a [&hellip;]<\/p>\n","protected":false},"author":2,"featured_media":62688,"comment_status":"closed","ping_status":"closed","sticky":false,"template":"","format":"standard","meta":{"om_disable_all_campaigns":false,"_monsterinsights_skip_tracking":false,"_monsterinsights_sitenote_active":false,"_monsterinsights_sitenote_note":"","_monsterinsights_sitenote_category":0,"_uf_show_specific_survey":0,"_uf_disable_surveys":false,"_jetpack_memberships_contains_paid_content":false,"footnotes":"","jetpack_publicize_message":"GPPRD\u00a0 en coordinaci\u00f3n con Ayuntamiento de Car\u00e1cuaro anuncia Fiesta de Ceniza\u00a0\r\n\r\n\r\n\u2022El GPPRD\u00a0 es un aliado de los municipios\u00a0\r\n\u2022Se esperan 500\u00a0 mil visitantes en esta festividad\u00a0","jetpack_publicize_feature_enabled":true,"jetpack_social_post_already_shared":true,"jetpack_social_options":{"image_generator_settings":{"template":"highway","default_image_id":0,"enabled":false},"version":2}},"categories":[15,63],"tags":[],"class_list":{"0":"post-62686","1":"post","2":"type-post","3":"status-publish","4":"format-standard","5":"has-post-thumbnail","7":"category-michoacan","8":"category-politica"},"aioseo_notices":[],"jetpack_publicize_connections":[],"jetpack_featured_media_url":"https:\/\/mediagroup.mx\/wp-content\/uploads\/2025\/02\/WhatsApp-Image-2025-02-13-at-9.26.28-AM.jpeg","jetpack_sharing_enabled":true,"_links":{"self":[{"href":"https:\/\/mediagroup.mx\/index.php\/wp-json\/wp\/v2\/posts\/62686","targetHints":{"allow":["GET"]}}],"collection":[{"href":"https:\/\/mediagroup.mx\/index.php\/wp-json\/wp\/v2\/posts"}],"about":[{"href":"https:\/\/mediagroup.mx\/index.php\/wp-json\/wp\/v2\/types\/post"}],"author":[{"embeddable":true,"href":"https:\/\/mediagroup.mx\/index.php\/wp-json\/wp\/v2\/users\/2"}],"replies":[{"embeddable":true,"href":"https:\/\/mediagroup.mx\/index.php\/wp-json\/wp\/v2\/comments?post=62686"}],"version-history":[{"count":1,"href":"https:\/\/mediagroup.mx\/index.php\/wp-json\/wp\/v2\/posts\/62686\/revisions"}],"predecessor-version":[{"id":62689,"href":"https:\/\/mediagroup.mx\/index.php\/wp-json\/wp\/v2\/posts\/62686\/revisions\/62689"}],"wp:featuredmedia":[{"embeddable":true,"href":"https:\/\/mediagroup.mx\/index.php\/wp-json\/wp\/v2\/media\/62688"}],"wp:attachment":[{"href":"https:\/\/mediagroup.mx\/index.php\/wp-json\/wp\/v2\/media?parent=62686"}],"wp:term":[{"taxonomy":"category","embeddable":true,"href":"https:\/\/mediagroup.mx\/index.php\/wp-json\/wp\/v2\/categories?post=62686"},{"taxonomy":"post_tag","embeddable":true,"href":"https:\/\/mediagroup.mx\/index.php\/wp-json\/wp\/v2\/tags?post=62686"}],"curies":[{"name":"wp","href":"https:\/\/api.w.org\/{rel}","templated":true}]}}