{"id":62693,"date":"2025-02-13T15:16:31","date_gmt":"2025-02-13T21:16:31","guid":{"rendered":"https:\/\/mediagroup.mx\/?p=62693"},"modified":"2025-02-14T15:17:44","modified_gmt":"2025-02-14T21:17:44","slug":"invitan-diputadas-tere-herrera-y-belinda-hurtado-a-participar-en-convocatoria-por-la-familia","status":"publish","type":"post","link":"https:\/\/mediagroup.mx\/index.php\/2025\/02\/13\/invitan-diputadas-tere-herrera-y-belinda-hurtado-a-participar-en-convocatoria-por-la-familia\/","title":{"rendered":"Invitan diputadas Tere Herrera y Belinda Hurtado a participar en convocatoria por la familia"},"content":{"rendered":"<p>Morelia, Michoac\u00e1n, a 13 de febrero del 2025.- Las diputadas Teresita Herrera Maldonado y Belinda Hurtado Mar\u00edn, que integran la Comisi\u00f3n para el Desarrollo Integral de la Familia en el Congreso del Estado, invitan a participar en la convocatoria \u201cReconocimiento a las Buenas Pr\u00e1cticas con Enfoque de Familia\u201d.<\/p>\n<p>Tere Herrera explic\u00f3 que la finalidad de esta convocatoria es fomentar, visibilizar y reconocer las pr\u00e1cticas que contribuyen a un desarrollo de las familias en Michoac\u00e1n.<\/p>\n<p>\u201cQueremos que muchas personas participen con sus ideas y proyectos para que podamos en conjunto establecer cambios desde el Congreso del Estado en beneficio de las y los michoacanos\u201d.<\/p>\n<p>Se\u00f1al\u00f3 que la invitaci\u00f3n a participar est\u00e1 abierta para instituciones p\u00fablicas, privadas y sociedad civil que desean implementar proyectos, programas o acciones destinados a la atenci\u00f3n de problem\u00e1ticas que viven personas en estado vulnerable.<\/p>\n<p>Las diputadas detallaron que quienes deseen participar en esta convocatoria tienen hasta el 17 de febrero para presentar sus proyectos; y los mejores 4 recibir\u00e1n un reconocimiento especial por parte de las diputadas que integran la Comisi\u00f3n para el Desarrollo Integral de la Familia.<\/p>\n<p>Asimismo, el proyecto con mejor puntuaci\u00f3n de cada categor\u00eda recibir\u00e1 un reconocimiento en la ceremonia conmemorativa el 28 de febrero en el Congreso del Estado.<\/p>\n<p>Los interesados pueden consultar las bases en el siguiente enlace: https:\/\/forms.gle\/MLpQX7S1ENAegYe6A<\/p>\n<p><img loading=\"lazy\" decoding=\"async\" class=\"alignnone size-medium wp-image-62694\" src=\"https:\/\/mediagroup.mx\/wp-content\/uploads\/2025\/02\/WhatsApp-Image-2025-02-13-at-11.29.06-AM-232x300.jpeg\" alt=\"\" width=\"232\" height=\"300\" srcset=\"https:\/\/mediagroup.mx\/wp-content\/uploads\/2025\/02\/WhatsApp-Image-2025-02-13-at-11.29.06-AM-232x300.jpeg 232w, https:\/\/mediagroup.mx\/wp-content\/uploads\/2025\/02\/WhatsApp-Image-2025-02-13-at-11.29.06-AM-791x1024.jpeg 791w, https:\/\/mediagroup.mx\/wp-content\/uploads\/2025\/02\/WhatsApp-Image-2025-02-13-at-11.29.06-AM-768x994.jpeg 768w, https:\/\/mediagroup.mx\/wp-content\/uploads\/2025\/02\/WhatsApp-Image-2025-02-13-at-11.29.06-AM-1187x1536.jpeg 1187w, https:\/\/mediagroup.mx\/wp-content\/uploads\/2025\/02\/WhatsApp-Image-2025-02-13-at-11.29.06-AM-150x194.jpeg 150w, https:\/\/mediagroup.mx\/wp-content\/uploads\/2025\/02\/WhatsApp-Image-2025-02-13-at-11.29.06-AM-300x388.jpeg 300w, https:\/\/mediagroup.mx\/wp-content\/uploads\/2025\/02\/WhatsApp-Image-2025-02-13-at-11.29.06-AM-696x901.jpeg 696w, https:\/\/mediagroup.mx\/wp-content\/uploads\/2025\/02\/WhatsApp-Image-2025-02-13-at-11.29.06-AM-1068x1383.jpeg 1068w, https:\/\/mediagroup.mx\/wp-content\/uploads\/2025\/02\/WhatsApp-Image-2025-02-13-at-11.29.06-AM.jpeg 1236w\" sizes=\"auto, (max-width: 232px) 100vw, 232px\" \/><\/p>\n","protected":false},"excerpt":{"rendered":"<p>Morelia, Michoac\u00e1n, a 13 de febrero del 2025.- Las diputadas Teresita Herrera Maldonado y Belinda Hurtado Mar\u00edn, que integran la Comisi\u00f3n para el Desarrollo Integral de la Familia en el Congreso del Estado, invitan a participar en la convocatoria \u201cReconocimiento a las Buenas Pr\u00e1cticas con Enfoque de Familia\u201d. Tere Herrera explic\u00f3 que la finalidad de [&hellip;]<\/p>\n","protected":false},"author":2,"featured_media":62694,"comment_status":"closed","ping_status":"closed","sticky":false,"template":"","format":"standard","meta":{"om_disable_all_campaigns":false,"_monsterinsights_skip_tracking":false,"_monsterinsights_sitenote_active":false,"_monsterinsights_sitenote_note":"","_monsterinsights_sitenote_category":0,"_uf_show_specific_survey":0,"_uf_disable_surveys":false,"_jetpack_memberships_contains_paid_content":false,"footnotes":"","jetpack_publicize_message":"Invitan diputadas Tere Herrera y Belinda Hurtado a participar en convocatoria por la familia","jetpack_publicize_feature_enabled":true,"jetpack_social_post_already_shared":true,"jetpack_social_options":{"image_generator_settings":{"template":"highway","default_image_id":0,"enabled":false},"version":2}},"categories":[15,63],"tags":[],"class_list":{"0":"post-62693","1":"post","2":"type-post","3":"status-publish","4":"format-standard","5":"has-post-thumbnail","7":"category-michoacan","8":"category-politica"},"aioseo_notices":[],"jetpack_publicize_connections":[],"jetpack_featured_media_url":"https:\/\/mediagroup.mx\/wp-content\/uploads\/2025\/02\/WhatsApp-Image-2025-02-13-at-11.29.06-AM.jpeg","jetpack_sharing_enabled":true,"_links":{"self":[{"href":"https:\/\/mediagroup.mx\/index.php\/wp-json\/wp\/v2\/posts\/62693","targetHints":{"allow":["GET"]}}],"collection":[{"href":"https:\/\/mediagroup.mx\/index.php\/wp-json\/wp\/v2\/posts"}],"about":[{"href":"https:\/\/mediagroup.mx\/index.php\/wp-json\/wp\/v2\/types\/post"}],"author":[{"embeddable":true,"href":"https:\/\/mediagroup.mx\/index.php\/wp-json\/wp\/v2\/users\/2"}],"replies":[{"embeddable":true,"href":"https:\/\/mediagroup.mx\/index.php\/wp-json\/wp\/v2\/comments?post=62693"}],"version-history":[{"count":1,"href":"https:\/\/mediagroup.mx\/index.php\/wp-json\/wp\/v2\/posts\/62693\/revisions"}],"predecessor-version":[{"id":62695,"href":"https:\/\/mediagroup.mx\/index.php\/wp-json\/wp\/v2\/posts\/62693\/revisions\/62695"}],"wp:featuredmedia":[{"embeddable":true,"href":"https:\/\/mediagroup.mx\/index.php\/wp-json\/wp\/v2\/media\/62694"}],"wp:attachment":[{"href":"https:\/\/mediagroup.mx\/index.php\/wp-json\/wp\/v2\/media?parent=62693"}],"wp:term":[{"taxonomy":"category","embeddable":true,"href":"https:\/\/mediagroup.mx\/index.php\/wp-json\/wp\/v2\/categories?post=62693"},{"taxonomy":"post_tag","embeddable":true,"href":"https:\/\/mediagroup.mx\/index.php\/wp-json\/wp\/v2\/tags?post=62693"}],"curies":[{"name":"wp","href":"https:\/\/api.w.org\/{rel}","templated":true}]}}