{"id":62696,"date":"2025-02-13T15:18:23","date_gmt":"2025-02-13T21:18:23","guid":{"rendered":"https:\/\/mediagroup.mx\/?p=62696"},"modified":"2025-02-14T17:29:35","modified_gmt":"2025-02-14T23:29:35","slug":"diputados-aprueban-glosa-del-tercer-informe-de-gobierno-en-materia-de-derechos-indigenas-y-afromexicanos","status":"publish","type":"post","link":"https:\/\/mediagroup.mx\/index.php\/2025\/02\/13\/diputados-aprueban-glosa-del-tercer-informe-de-gobierno-en-materia-de-derechos-indigenas-y-afromexicanos\/","title":{"rendered":"Diputados aprueban Glosa del Tercer Informe de Gobierno en materia de derechos ind\u00edgenas y afromexicanos"},"content":{"rendered":"<p>Morelia, Michoac\u00e1n, a 13 de febrero 2025.- Con el fin de garantizar el ejercicio efectivo y el respeto a los derechos de los pueblos originarios de Michoac\u00e1n, la Comisi\u00f3n de Derechos Ind\u00edgenas y Afromexicanos aprob\u00f3 el dictamen que informa del estado que guarda la Administraci\u00f3n P\u00fablica Estatal, correspondiente al tercer a\u00f1o de ejercicio del Gobierno del Estado.<\/p>\n<p>Al respecto, los diputados Er\u00e9ndira Isauro Hern\u00e1ndez y Conrado Paz Torres, presidenta e integrante de esta Comisi\u00f3n, ratificaron su compromiso de promover, desde su funci\u00f3n legislativa, la justicia social para todos los pueblos y comunidades ind\u00edgenas, adem\u00e1s de garantizar el reconocimiento y fortalecimiento de los autogobiernos y la administraci\u00f3n directa de sus presupuestos.<\/p>\n<p>La presidenta de la Comisi\u00f3n, Er\u00e9ndira Isauro reconoci\u00f3 la labor del Ejecutivo del Estado para privilegiar acuerdos y un trabajo coordinado con las comunidades originarias, brindando soluciones pac\u00edficas y velando por el respeto a los derechos de los pueblos de Michoac\u00e1n.<\/p>\n<p>En su turno, el diputado Conrado Paz Torres destac\u00f3 los avances que se han tenido en la materia, particularmente con la promoci\u00f3n de los derechos ind\u00edgenas en diversos municipios michoacanos; no obstante, consider\u00f3 prioritario impulsar m\u00e1s acciones de gobierno que cierren las brechas de desigualdad econ\u00f3mica y social que a\u00fan prevalecen en las comunidades originarias.<\/p>\n<p>Cabe se\u00f1alar que durante el estudio y an\u00e1lisis de esta Glosa del Tercer Informe de Gobierno, ambos legisladores conocieron que desde el inicio de la actual administraci\u00f3n, m\u00e1s de 30 comunidades han establecido el autogobierno y la administraci\u00f3n de sus presupuestos.<\/p>\n<p>Entre otros aspectos, tambi\u00e9n se inform\u00f3 del proceso de certificaci\u00f3n de sus elementos de seguridad, conocidos como kuarichas, adem\u00e1s del apoyo a comunidades ind\u00edgenas con equipos de defensa y seguridad, as\u00ed como la construcci\u00f3n, remodelaci\u00f3n y ampliaci\u00f3n de las instalaciones de la guardia comunal.<\/p>\n<p>Para garantizar el desarrollo cultural con respeto a la identidad y a la diversidad, se reconoci\u00f3 a portadores, promotores y artesanos de los pueblos originarios, buscando con ello el fortalecimiento de los lazos de identidad de las comunidades ind\u00edgenas de Michoac\u00e1n.<\/p>\n<p>De lo anteriormente expuesto, ambos legisladores acordaron reunirse con algunos secretarios y funcionarios del Ejecutivo del Estado, a fin de unir esfuerzos para extender el universo de beneficiarios de todas las acciones de gobierno que garanticen el pleno ejercicio de los derechos de los pueblos ind\u00edgenas y afromexicanos de Michoac\u00e1n.<\/p>\n<p><img loading=\"lazy\" decoding=\"async\" class=\"alignnone size-medium wp-image-62697\" src=\"https:\/\/mediagroup.mx\/wp-content\/uploads\/2025\/02\/WhatsApp-Image-2025-02-13-at-4.54.08-PM-300x200.jpeg\" alt=\"\" width=\"300\" height=\"200\" srcset=\"https:\/\/mediagroup.mx\/wp-content\/uploads\/2025\/02\/WhatsApp-Image-2025-02-13-at-4.54.08-PM-300x200.jpeg 300w, https:\/\/mediagroup.mx\/wp-content\/uploads\/2025\/02\/WhatsApp-Image-2025-02-13-at-4.54.08-PM-1024x683.jpeg 1024w, https:\/\/mediagroup.mx\/wp-content\/uploads\/2025\/02\/WhatsApp-Image-2025-02-13-at-4.54.08-PM-768x512.jpeg 768w, https:\/\/mediagroup.mx\/wp-content\/uploads\/2025\/02\/WhatsApp-Image-2025-02-13-at-4.54.08-PM-150x100.jpeg 150w, https:\/\/mediagroup.mx\/wp-content\/uploads\/2025\/02\/WhatsApp-Image-2025-02-13-at-4.54.08-PM-696x464.jpeg 696w, https:\/\/mediagroup.mx\/wp-content\/uploads\/2025\/02\/WhatsApp-Image-2025-02-13-at-4.54.08-PM-1068x712.jpeg 1068w, https:\/\/mediagroup.mx\/wp-content\/uploads\/2025\/02\/WhatsApp-Image-2025-02-13-at-4.54.08-PM.jpeg 1080w\" sizes=\"auto, (max-width: 300px) 100vw, 300px\" \/><\/p>\n","protected":false},"excerpt":{"rendered":"<p>Morelia, Michoac\u00e1n, a 13 de febrero 2025.- Con el fin de garantizar el ejercicio efectivo y el respeto a los derechos de los pueblos originarios de Michoac\u00e1n, la Comisi\u00f3n de Derechos Ind\u00edgenas y Afromexicanos aprob\u00f3 el dictamen que informa del estado que guarda la Administraci\u00f3n P\u00fablica Estatal, correspondiente al tercer a\u00f1o de ejercicio del Gobierno [&hellip;]<\/p>\n","protected":false},"author":2,"featured_media":62697,"comment_status":"closed","ping_status":"closed","sticky":false,"template":"","format":"standard","meta":{"om_disable_all_campaigns":false,"_monsterinsights_skip_tracking":false,"_monsterinsights_sitenote_active":false,"_monsterinsights_sitenote_note":"","_monsterinsights_sitenote_category":0,"_uf_show_specific_survey":0,"_uf_disable_surveys":false,"_jetpack_memberships_contains_paid_content":false,"footnotes":"","jetpack_publicize_message":"Diputados aprueban Glosa del Tercer Informe de Gobierno en materia de derechos ind\u00edgenas y afromexicanos\r\n*Los Diputados Er\u00e9ndira Isauro y Conrado Paz, refrendaron su compromiso de promover la justicia social para todos los pueblos y comunidades ind\u00edgenas y afromexicanas en la entidad.","jetpack_publicize_feature_enabled":true,"jetpack_social_post_already_shared":true,"jetpack_social_options":{"image_generator_settings":{"template":"highway","default_image_id":0,"enabled":false},"version":2}},"categories":[15,63],"tags":[],"class_list":{"0":"post-62696","1":"post","2":"type-post","3":"status-publish","4":"format-standard","5":"has-post-thumbnail","7":"category-michoacan","8":"category-politica"},"aioseo_notices":[],"jetpack_publicize_connections":[],"jetpack_featured_media_url":"https:\/\/mediagroup.mx\/wp-content\/uploads\/2025\/02\/WhatsApp-Image-2025-02-13-at-4.54.08-PM.jpeg","jetpack_sharing_enabled":true,"_links":{"self":[{"href":"https:\/\/mediagroup.mx\/index.php\/wp-json\/wp\/v2\/posts\/62696","targetHints":{"allow":["GET"]}}],"collection":[{"href":"https:\/\/mediagroup.mx\/index.php\/wp-json\/wp\/v2\/posts"}],"about":[{"href":"https:\/\/mediagroup.mx\/index.php\/wp-json\/wp\/v2\/types\/post"}],"author":[{"embeddable":true,"href":"https:\/\/mediagroup.mx\/index.php\/wp-json\/wp\/v2\/users\/2"}],"replies":[{"embeddable":true,"href":"https:\/\/mediagroup.mx\/index.php\/wp-json\/wp\/v2\/comments?post=62696"}],"version-history":[{"count":1,"href":"https:\/\/mediagroup.mx\/index.php\/wp-json\/wp\/v2\/posts\/62696\/revisions"}],"predecessor-version":[{"id":62698,"href":"https:\/\/mediagroup.mx\/index.php\/wp-json\/wp\/v2\/posts\/62696\/revisions\/62698"}],"wp:featuredmedia":[{"embeddable":true,"href":"https:\/\/mediagroup.mx\/index.php\/wp-json\/wp\/v2\/media\/62697"}],"wp:attachment":[{"href":"https:\/\/mediagroup.mx\/index.php\/wp-json\/wp\/v2\/media?parent=62696"}],"wp:term":[{"taxonomy":"category","embeddable":true,"href":"https:\/\/mediagroup.mx\/index.php\/wp-json\/wp\/v2\/categories?post=62696"},{"taxonomy":"post_tag","embeddable":true,"href":"https:\/\/mediagroup.mx\/index.php\/wp-json\/wp\/v2\/tags?post=62696"}],"curies":[{"name":"wp","href":"https:\/\/api.w.org\/{rel}","templated":true}]}}