{"id":62788,"date":"2025-02-18T10:15:47","date_gmt":"2025-02-18T16:15:47","guid":{"rendered":"https:\/\/mediagroup.mx\/?p=62788"},"modified":"2025-02-18T10:15:47","modified_gmt":"2025-02-18T16:15:47","slug":"shakira-sale-del-hospital-y-continua-su-recuperacion-tras-suspension-de-concierto","status":"publish","type":"post","link":"https:\/\/mediagroup.mx\/index.php\/2025\/02\/18\/shakira-sale-del-hospital-y-continua-su-recuperacion-tras-suspension-de-concierto\/","title":{"rendered":"Shakira sale del hospital y contin\u00faa su recuperaci\u00f3n tras suspensi\u00f3n de concierto"},"content":{"rendered":"<p class=\"body-graf\" style=\"text-align: justify;\"><strong>Shakira<\/strong>\u00a0tuvo que suspender su esperado concierto en Lima, Per\u00fa, debido a complicaciones de salud y es que se vio obligada a seguir las recomendaciones m\u00e9dicas y no subirse al escenario.<\/p>\n<p class=\"body-graf\" style=\"text-align: justify;\">A trav\u00e9s de un mensaje en sus redes sociales, la cantante colombiana agradeci\u00f3 a sus seguidores por su apoyo y expres\u00f3 lo dif\u00edcil que hab\u00eda sido tomar la decisi\u00f3n de no realizar el concierto.<\/p>\n<section class=\"blockquote\">\n<blockquote class=\"blockquote__quote\" cite=\"https:\/\/www.telemundo.com\/shows\/en-casa-con-telemundo\/famosos\/shakira\"><p>\u00abGracias a todos por sus mensajes de cari\u00f1o. Me dan mucha fuerza. Los quiero con el alma\u00bb.<\/p>\n<p>&nbsp;<\/p>\n<p><small class=\"blockquote__source\">SHAKIRA<\/small><\/p><\/blockquote>\n<\/section>\n<p class=\"body-graf\" style=\"text-align: justify;\">El motivo detr\u00e1s de la suspensi\u00f3n fue un fuerte dolor abdominal, lo que llev\u00f3 a Shakira a ser hospitalizada de emergencia por un problema gastrointestinal.<\/p>\n<p class=\"body-graf\" style=\"text-align: justify;\">Afortunadamente, la artista ya ha sido dada de alta y se encuentra en proceso de recuperaci\u00f3n.<\/p>\n<p class=\"body-graf\" style=\"text-align: justify;\">A pesar de este contratiempo, la cantante se ha mostrado optimista y agradecida por la preocupaci\u00f3n de su p\u00fablico, quien ha estado pendiente de su estado de salud.<\/p>\n<section class=\"inline-video inline-video--in-body\" data-testid=\"inline-video\">\n<div class=\"inline-video__background\">\n<div class=\"inline-video__player\">\n<div class=\"styles_gridStackWrapper__Z_AMc styles_videoContainer___xc7B video-container paused\" data-testid=\"gamma-video-player\">\n<div id=\"jwplayer-1\" class=\"jwplayer jw-reset jw-state-idle jw-stretch-uniform jw-flag-aspect-mode jw-skin-gamma jw-floating-dismissible jw-flag-user-inactive jw-breakpoint-4\" style=\"text-align: justify;\" tabindex=\"0\" role=\"application\" aria-label=\"Reproductor de Video\" aria-describedby=\"jw-jwplayer-1-shortcuts-tooltip-explanation\">\n<div class=\"jw-wrapper jw-reset\">\n<div class=\"jw-controls jw-reset\">\n<div class=\"jw-display jw-reset\">\n<div class=\"jw-display-container jw-reset\">\n<div class=\"jw-display-controls jw-reset\">\n<div class=\"jw-display-icon-container jw-display-icon-display jw-reset\">\n<div class=\"jw-icon jw-icon-display jw-button-color jw-reset\" tabindex=\"0\" role=\"button\" aria-label=\"Reproducir\">V\u00eda: Telemundo<\/div>\n<\/div>\n<\/div>\n<\/div>\n<\/div>\n<div class=\"jw-nextup-container jw-reset\">\n<div class=\"jw-nextup jw-background-color jw-reset\"><\/div>\n<\/div>\n<\/div>\n<\/div>\n<\/div>\n<\/div>\n<\/div>\n<\/div>\n<\/section>\n","protected":false},"excerpt":{"rendered":"<p>Shakira\u00a0tuvo que suspender su esperado concierto en Lima, Per\u00fa, debido a complicaciones de salud y es que se vio obligada a seguir las recomendaciones m\u00e9dicas y no subirse al escenario. A trav\u00e9s de un mensaje en sus redes sociales, la cantante colombiana agradeci\u00f3 a sus seguidores por su apoyo y expres\u00f3 lo dif\u00edcil que hab\u00eda [&hellip;]<\/p>\n","protected":false},"author":2,"featured_media":62789,"comment_status":"closed","ping_status":"closed","sticky":false,"template":"","format":"standard","meta":{"om_disable_all_campaigns":false,"_monsterinsights_skip_tracking":false,"_monsterinsights_sitenote_active":false,"_monsterinsights_sitenote_note":"","_monsterinsights_sitenote_category":0,"_uf_show_specific_survey":0,"_uf_disable_surveys":false,"_jetpack_memberships_contains_paid_content":false,"footnotes":"","jetpack_publicize_message":"Shakira sale del hospital y contin\u00faa su recuperaci\u00f3n tras suspensi\u00f3n de concierto","jetpack_publicize_feature_enabled":true,"jetpack_social_post_already_shared":true,"jetpack_social_options":{"image_generator_settings":{"template":"highway","default_image_id":0,"enabled":false},"version":2}},"categories":[21],"tags":[],"class_list":{"0":"post-62788","1":"post","2":"type-post","3":"status-publish","4":"format-standard","5":"has-post-thumbnail","7":"category-entretenimiento"},"aioseo_notices":[],"jetpack_publicize_connections":[],"jetpack_featured_media_url":"https:\/\/mediagroup.mx\/wp-content\/uploads\/2025\/02\/Captura-de-pantalla-2025-02-18-a-las-10.13.59.png","jetpack_sharing_enabled":true,"_links":{"self":[{"href":"https:\/\/mediagroup.mx\/index.php\/wp-json\/wp\/v2\/posts\/62788","targetHints":{"allow":["GET"]}}],"collection":[{"href":"https:\/\/mediagroup.mx\/index.php\/wp-json\/wp\/v2\/posts"}],"about":[{"href":"https:\/\/mediagroup.mx\/index.php\/wp-json\/wp\/v2\/types\/post"}],"author":[{"embeddable":true,"href":"https:\/\/mediagroup.mx\/index.php\/wp-json\/wp\/v2\/users\/2"}],"replies":[{"embeddable":true,"href":"https:\/\/mediagroup.mx\/index.php\/wp-json\/wp\/v2\/comments?post=62788"}],"version-history":[{"count":1,"href":"https:\/\/mediagroup.mx\/index.php\/wp-json\/wp\/v2\/posts\/62788\/revisions"}],"predecessor-version":[{"id":62790,"href":"https:\/\/mediagroup.mx\/index.php\/wp-json\/wp\/v2\/posts\/62788\/revisions\/62790"}],"wp:featuredmedia":[{"embeddable":true,"href":"https:\/\/mediagroup.mx\/index.php\/wp-json\/wp\/v2\/media\/62789"}],"wp:attachment":[{"href":"https:\/\/mediagroup.mx\/index.php\/wp-json\/wp\/v2\/media?parent=62788"}],"wp:term":[{"taxonomy":"category","embeddable":true,"href":"https:\/\/mediagroup.mx\/index.php\/wp-json\/wp\/v2\/categories?post=62788"},{"taxonomy":"post_tag","embeddable":true,"href":"https:\/\/mediagroup.mx\/index.php\/wp-json\/wp\/v2\/tags?post=62788"}],"curies":[{"name":"wp","href":"https:\/\/api.w.org\/{rel}","templated":true}]}}