{"id":62794,"date":"2025-02-18T10:43:51","date_gmt":"2025-02-18T16:43:51","guid":{"rendered":"https:\/\/mediagroup.mx\/?p=62794"},"modified":"2025-02-18T10:43:51","modified_gmt":"2025-02-18T16:43:51","slug":"presidenta-claudia-sheinbaum-en-marzo-comienza-distribucion-de-la-compra-consolidada-de-medicamentos-2025-2026","status":"publish","type":"post","link":"https:\/\/mediagroup.mx\/index.php\/2025\/02\/18\/presidenta-claudia-sheinbaum-en-marzo-comienza-distribucion-de-la-compra-consolidada-de-medicamentos-2025-2026\/","title":{"rendered":"Presidenta Claudia Sheinbaum: en marzo comienza distribuci\u00f3n de la compra consolidada de medicamentos 2025-2026"},"content":{"rendered":"<p style=\"text-align: justify;\">El Gobierno de M\u00e9xico, a trav\u00e9s de la Secretar\u00eda de Salud, inform\u00f3 que a partir del 3 de marzo comenzar\u00e1 la distribuci\u00f3n de medicamentos en hospitales y el 5 de marzo en unidades de salud, como parte de la Compra Consolidada de Medicamentos e Insumos M\u00e9dicos 2025-2026<\/p>\n<p style=\"text-align: justify;\">Ante esto, la Presidenta de M\u00e9xico, Claudia Sheinbaum Pardo, asever\u00f3 que el objetivo es que todos los medicamentos sean gratuitos para las y los mexicanos.<\/p>\n<p style=\"text-align: justify;\">\u201cEl paciente, el objetivo es que no gaste absolutamente nada en ning\u00fan medicamento, sino que todos los medicamentos sean gratuitos, independiente de si es un cuadro b\u00e1sico o un cuadro m\u00e1s complejo, la gratuidad en la atenci\u00f3n de la salud es constitucional\u201d.<\/p>\n<p style=\"text-align: justify;\">\u201cEsta compra, es la compra que va a ser para los pr\u00f3ximos dos a\u00f1os que representa un monto muy significativo y que c\u00f3mo lo explic\u00f3 aqu\u00ed Eduardo (Clark, subsecretario de Integraci\u00f3n y Desarrollo del Sector Salud), el objetivo es que en marzo podamos ir resarciendo esta falta de medicamentos que hay en algunos lugares por este proceso del cierre del 2024 e inicio del 2025\u201d, puntualiz\u00f3.<\/p>\n<p style=\"text-align: justify;\">La Jefa del Ejecutivo Federal, destac\u00f3 que en comparaci\u00f3n con el periodo neoliberal donde solo ingresaban 6 mil personas a las residencias m\u00e9dicos en todo el pa\u00eds, con la Cuarta Transformaci\u00f3n se triplic\u00f3 esta cifra ya que a la fecha se forman 18 mil 799 especialistas.<\/p>\n<p style=\"text-align: justify;\">\u201cDurante a\u00f1os se cerr\u00f3 la puerta a m\u00e9dicos, medicas generales que quer\u00edan especializarse, en esta absurda idea de que si cierras el ingreso entonces vas a tener estudiantes de excelencia, esa era la primera y la segunda pues que no daban dinero para becas, tan sencillo como eso (&#8230;) En el 2011 solo ingresaban 6 mil personas a la residencia en todo el pa\u00eds, la residencia es la especialidad (&#8230;) hoy se est\u00e1n formando 18 mil 799 \u00bfqu\u00e9 cambio? pues sencillamente un reconocimiento de que el pa\u00eds requiere m\u00e9dicos especialistas y que tienen que formarse en las instituciones p\u00fablicas\u201d.<\/p>\n<p style=\"text-align: justify;\">\u201cA diferencia de los 6 mil hoy se est\u00e1n formado poco de tres veces m\u00e1s, \u00bfqu\u00e9 es lo que estamos dejando para el futuro? M\u00e9dicos especialistas para el pa\u00eds\u201d, agreg\u00f3.<\/p>\n","protected":false},"excerpt":{"rendered":"<p>El Gobierno de M\u00e9xico, a trav\u00e9s de la Secretar\u00eda de Salud, inform\u00f3 que a partir del 3 de marzo comenzar\u00e1 la distribuci\u00f3n de medicamentos en hospitales y el 5 de marzo en unidades de salud, como parte de la Compra Consolidada de Medicamentos e Insumos M\u00e9dicos 2025-2026 Ante esto, la Presidenta de M\u00e9xico, Claudia Sheinbaum [&hellip;]<\/p>\n","protected":false},"author":2,"featured_media":62795,"comment_status":"closed","ping_status":"closed","sticky":false,"template":"","format":"standard","meta":{"om_disable_all_campaigns":false,"_monsterinsights_skip_tracking":false,"_monsterinsights_sitenote_active":false,"_monsterinsights_sitenote_note":"","_monsterinsights_sitenote_category":0,"_uf_show_specific_survey":0,"_uf_disable_surveys":false,"_jetpack_memberships_contains_paid_content":false,"footnotes":"","jetpack_publicize_message":"Presidenta Claudia Sheinbaum: en marzo comienza distribuci\u00f3n de la compra consolidada de medicamentos 2025-2026","jetpack_publicize_feature_enabled":true,"jetpack_social_post_already_shared":true,"jetpack_social_options":{"image_generator_settings":{"template":"highway","default_image_id":0,"enabled":false},"version":2}},"categories":[23,20],"tags":[],"class_list":{"0":"post-62794","1":"post","2":"type-post","3":"status-publish","4":"format-standard","5":"has-post-thumbnail","7":"category-nacional","8":"category-salud"},"aioseo_notices":[],"jetpack_publicize_connections":[],"jetpack_featured_media_url":"https:\/\/mediagroup.mx\/wp-content\/uploads\/2025\/02\/WhatsApp-Image-2025-02-18-at-10.19.13-AM.jpeg","jetpack_sharing_enabled":true,"_links":{"self":[{"href":"https:\/\/mediagroup.mx\/index.php\/wp-json\/wp\/v2\/posts\/62794","targetHints":{"allow":["GET"]}}],"collection":[{"href":"https:\/\/mediagroup.mx\/index.php\/wp-json\/wp\/v2\/posts"}],"about":[{"href":"https:\/\/mediagroup.mx\/index.php\/wp-json\/wp\/v2\/types\/post"}],"author":[{"embeddable":true,"href":"https:\/\/mediagroup.mx\/index.php\/wp-json\/wp\/v2\/users\/2"}],"replies":[{"embeddable":true,"href":"https:\/\/mediagroup.mx\/index.php\/wp-json\/wp\/v2\/comments?post=62794"}],"version-history":[{"count":1,"href":"https:\/\/mediagroup.mx\/index.php\/wp-json\/wp\/v2\/posts\/62794\/revisions"}],"predecessor-version":[{"id":62796,"href":"https:\/\/mediagroup.mx\/index.php\/wp-json\/wp\/v2\/posts\/62794\/revisions\/62796"}],"wp:featuredmedia":[{"embeddable":true,"href":"https:\/\/mediagroup.mx\/index.php\/wp-json\/wp\/v2\/media\/62795"}],"wp:attachment":[{"href":"https:\/\/mediagroup.mx\/index.php\/wp-json\/wp\/v2\/media?parent=62794"}],"wp:term":[{"taxonomy":"category","embeddable":true,"href":"https:\/\/mediagroup.mx\/index.php\/wp-json\/wp\/v2\/categories?post=62794"},{"taxonomy":"post_tag","embeddable":true,"href":"https:\/\/mediagroup.mx\/index.php\/wp-json\/wp\/v2\/tags?post=62794"}],"curies":[{"name":"wp","href":"https:\/\/api.w.org\/{rel}","templated":true}]}}