{"id":62799,"date":"2025-02-18T11:01:49","date_gmt":"2025-02-18T17:01:49","guid":{"rendered":"https:\/\/mediagroup.mx\/?p=62799"},"modified":"2025-02-18T11:01:49","modified_gmt":"2025-02-18T17:01:49","slug":"juan-carlos-barragan-presenta-iniciativa-para-proteger-a-ninas-ninos-y-adolescentes","status":"publish","type":"post","link":"https:\/\/mediagroup.mx\/index.php\/2025\/02\/18\/juan-carlos-barragan-presenta-iniciativa-para-proteger-a-ninas-ninos-y-adolescentes\/","title":{"rendered":"Juan Carlos Barrag\u00e1n presenta iniciativa para proteger a ni\u00f1as, ni\u00f1os y adolescentes"},"content":{"rendered":"<p>Morelia, Michoac\u00e1n, a 18 de febrero de 2025.- Con la finalidad de proteger a las ni\u00f1as, ni\u00f1os y adolescentes, el vicepresidente del Congreso del Estado, Juan Carlos Barrag\u00e1n, present\u00f3 una iniciativa que busca reforzar las medidas de seguridad en establecimientos de hospedaje y medios de transporte, con el objetivo de prevenir actos de violencia, explotaci\u00f3n y abusos contra menores de edad.<\/p>\n<p>La propuesta establece que los prestadores de servicios tur\u00edsticos estar\u00e1n obligados a solicitar la identificaci\u00f3n oficial de los padres, madres o tutores legales, as\u00ed como el acta de nacimiento del menor, para acreditar la relaci\u00f3n filial o tutelar cuando est\u00e9n acompa\u00f1ados por menores de edad.<\/p>\n<p>\u201cEn caso de que la ni\u00f1a, ni\u00f1o o adolescente no est\u00e9 acompa\u00f1ado por sus padres o tutores legales, ser\u00e1 indispensable presentar una autorizaci\u00f3n por escrito, emitida ante fedatario p\u00fablico, en la que se detallen los motivos del hospedaje\u201d, explic\u00f3 el legislador.<\/p>\n<p>De igual manera, las disposiciones aplicar\u00e1n para menores de edad que viajen por medios de transporte terrestre o a\u00e9reo, con el prop\u00f3sito de garantizar el inter\u00e9s superior de la ni\u00f1ez y prevenir cualquier tipo de violencia, como el abuso sexual infantil, la trata de personas, la pedofilia, la explotaci\u00f3n o cualquier otra forma de agresi\u00f3n que vulnere sus derechos.<\/p>\n<p>En caso de incumplimiento, remarc\u00f3, \u201clas sanciones que se plantean ser\u00e1n severas\u201d, y detall\u00f3 que los transportistas enfrentar\u00e1n la cancelaci\u00f3n de sus concesiones o permisos, mientras que los prestadores de servicios de hospedaje podr\u00edan ser multados con montos que oscilan entre los 217 mil y 542 mil pesos.<\/p>\n<p>\u201cEsta iniciativa busca garantizar la seguridad y el bienestar de nuestras ni\u00f1as, ni\u00f1os y adolescentes, fortaleciendo los mecanismos legales para su protecci\u00f3n y asegurando que los prestadores de servicios cumplan con est\u00e1ndares de seguridad y responsabilidad social\u201d, destac\u00f3 Barrag\u00e1n.<\/p>\n<p>Detall\u00f3 que de acuerdo con datos del Fondo de las Naciones Unidas para la Infancia (UNICEF), el 28 por ciento de las v\u00edctimas de trata en el mundo son menores de edad, especialmente ni\u00f1as, ni\u00f1os y adolescentes. En Am\u00e9rica Latina, abund\u00f3, pa\u00edses como M\u00e9xico enfrentan un contexto alarmante: entre 2015 y 2024, se identificaron 2 mil 438 v\u00edctimas de trata menores de edad, de las cuales el 81 por ciento eran mujeres.<\/p>\n<p>En Michoac\u00e1n, \u201caproximadamente el 10 por ciento de las personas desaparecidas son menores de edad, un indicador que podr\u00eda estar vinculado a delitos graves como la trata infantil\u201d, explic\u00f3.<\/p>\n<p><img loading=\"lazy\" decoding=\"async\" class=\"alignnone size-medium wp-image-62800\" src=\"https:\/\/mediagroup.mx\/wp-content\/uploads\/2025\/02\/WhatsApp-Image-2025-02-18-at-10.09.24-AM-300x200.jpeg\" alt=\"\" width=\"300\" height=\"200\" srcset=\"https:\/\/mediagroup.mx\/wp-content\/uploads\/2025\/02\/WhatsApp-Image-2025-02-18-at-10.09.24-AM-300x200.jpeg 300w, https:\/\/mediagroup.mx\/wp-content\/uploads\/2025\/02\/WhatsApp-Image-2025-02-18-at-10.09.24-AM-1024x682.jpeg 1024w, https:\/\/mediagroup.mx\/wp-content\/uploads\/2025\/02\/WhatsApp-Image-2025-02-18-at-10.09.24-AM-768x512.jpeg 768w, https:\/\/mediagroup.mx\/wp-content\/uploads\/2025\/02\/WhatsApp-Image-2025-02-18-at-10.09.24-AM-1536x1023.jpeg 1536w, https:\/\/mediagroup.mx\/wp-content\/uploads\/2025\/02\/WhatsApp-Image-2025-02-18-at-10.09.24-AM-150x100.jpeg 150w, https:\/\/mediagroup.mx\/wp-content\/uploads\/2025\/02\/WhatsApp-Image-2025-02-18-at-10.09.24-AM-696x464.jpeg 696w, https:\/\/mediagroup.mx\/wp-content\/uploads\/2025\/02\/WhatsApp-Image-2025-02-18-at-10.09.24-AM-1068x712.jpeg 1068w, https:\/\/mediagroup.mx\/wp-content\/uploads\/2025\/02\/WhatsApp-Image-2025-02-18-at-10.09.24-AM.jpeg 1600w\" sizes=\"auto, (max-width: 300px) 100vw, 300px\" \/><\/p>\n","protected":false},"excerpt":{"rendered":"<p>Morelia, Michoac\u00e1n, a 18 de febrero de 2025.- Con la finalidad de proteger a las ni\u00f1as, ni\u00f1os y adolescentes, el vicepresidente del Congreso del Estado, Juan Carlos Barrag\u00e1n, present\u00f3 una iniciativa que busca reforzar las medidas de seguridad en establecimientos de hospedaje y medios de transporte, con el objetivo de prevenir actos de violencia, explotaci\u00f3n [&hellip;]<\/p>\n","protected":false},"author":2,"featured_media":62800,"comment_status":"closed","ping_status":"closed","sticky":false,"template":"","format":"standard","meta":{"om_disable_all_campaigns":false,"_monsterinsights_skip_tracking":false,"_monsterinsights_sitenote_active":false,"_monsterinsights_sitenote_note":"","_monsterinsights_sitenote_category":0,"_uf_show_specific_survey":0,"_uf_disable_surveys":false,"_jetpack_memberships_contains_paid_content":false,"footnotes":"","jetpack_publicize_message":"Juan Carlos Barrag\u00e1n presenta iniciativa para proteger a ni\u00f1as, ni\u00f1os y adolescentes\r\n*Plantea que clientes de hoteles, autobuses y aviones deber\u00e1n comprobar parentesco cuando viajen con menores de edad","jetpack_publicize_feature_enabled":true,"jetpack_social_post_already_shared":true,"jetpack_social_options":{"image_generator_settings":{"template":"highway","default_image_id":0,"enabled":false},"version":2}},"categories":[15,63],"tags":[],"class_list":{"0":"post-62799","1":"post","2":"type-post","3":"status-publish","4":"format-standard","5":"has-post-thumbnail","7":"category-michoacan","8":"category-politica"},"aioseo_notices":[],"jetpack_publicize_connections":[],"jetpack_featured_media_url":"https:\/\/mediagroup.mx\/wp-content\/uploads\/2025\/02\/WhatsApp-Image-2025-02-18-at-10.09.24-AM.jpeg","jetpack_sharing_enabled":true,"_links":{"self":[{"href":"https:\/\/mediagroup.mx\/index.php\/wp-json\/wp\/v2\/posts\/62799","targetHints":{"allow":["GET"]}}],"collection":[{"href":"https:\/\/mediagroup.mx\/index.php\/wp-json\/wp\/v2\/posts"}],"about":[{"href":"https:\/\/mediagroup.mx\/index.php\/wp-json\/wp\/v2\/types\/post"}],"author":[{"embeddable":true,"href":"https:\/\/mediagroup.mx\/index.php\/wp-json\/wp\/v2\/users\/2"}],"replies":[{"embeddable":true,"href":"https:\/\/mediagroup.mx\/index.php\/wp-json\/wp\/v2\/comments?post=62799"}],"version-history":[{"count":1,"href":"https:\/\/mediagroup.mx\/index.php\/wp-json\/wp\/v2\/posts\/62799\/revisions"}],"predecessor-version":[{"id":62801,"href":"https:\/\/mediagroup.mx\/index.php\/wp-json\/wp\/v2\/posts\/62799\/revisions\/62801"}],"wp:featuredmedia":[{"embeddable":true,"href":"https:\/\/mediagroup.mx\/index.php\/wp-json\/wp\/v2\/media\/62800"}],"wp:attachment":[{"href":"https:\/\/mediagroup.mx\/index.php\/wp-json\/wp\/v2\/media?parent=62799"}],"wp:term":[{"taxonomy":"category","embeddable":true,"href":"https:\/\/mediagroup.mx\/index.php\/wp-json\/wp\/v2\/categories?post=62799"},{"taxonomy":"post_tag","embeddable":true,"href":"https:\/\/mediagroup.mx\/index.php\/wp-json\/wp\/v2\/tags?post=62799"}],"curies":[{"name":"wp","href":"https:\/\/api.w.org\/{rel}","templated":true}]}}