{"id":62866,"date":"2025-02-20T09:32:41","date_gmt":"2025-02-20T15:32:41","guid":{"rendered":"https:\/\/mediagroup.mx\/?p=62866"},"modified":"2025-02-20T09:32:41","modified_gmt":"2025-02-20T15:32:41","slug":"banxico-recorta-a-0-6-su-pronostico-de-crecimiento-para-el-pib-de-mexico-en-2025","status":"publish","type":"post","link":"https:\/\/mediagroup.mx\/index.php\/2025\/02\/20\/banxico-recorta-a-0-6-su-pronostico-de-crecimiento-para-el-pib-de-mexico-en-2025\/","title":{"rendered":"Banxico recorta a 0.6% su pron\u00f3stico de crecimiento para el PIB de M\u00e9xico en 2025"},"content":{"rendered":"<p style=\"text-align: justify;\">El\u00a0<b>Banco de M\u00e9xico<\/b>\u00a0(<b>Banxico<\/b>) recort\u00f3 su estimaci\u00f3n de crecimiento para el Producto Interno Bruto (PIB) de este a\u00f1o, para dejarla en 0.6% puntual desde el 1.2% que estim\u00f3 en noviembre.<\/p>\n<p style=\"text-align: justify;\">Este ajuste incorpora el efecto aritm\u00e9tico que tendr\u00e1 en la\u00a0<b>actividad econ\u00f3mica<\/b>\u00a0la reducci\u00f3n observada en el \u00faltimo trimestre del a\u00f1o pasado; el bajo dinamismo del\u00a0<a title=\"Consumo privado tuvo mejora modesta en noviembre, pese a desaliento en ventas minoristas\" href=\"https:\/\/www.eleconomista.com.mx\/empresas\/consumo-privado-tuvo-mejora-modesta-noviembre-pese-desaliento-ventas-minoristas-20250205-745070.html\" target=\"_blank\" rel=\"noopener\">consumo privado\u00a0<\/a>y de la inversi\u00f3n privada que continuar\u00e1 en la primera mitad del 2025; as\u00ed como la consolidaci\u00f3n fiscal anunciada para este a\u00f1o.<\/p>\n<p style=\"text-align: justify;\">Bajo estas condiciones, estimaron que la econom\u00eda podr\u00eda registrar un intervalo de crecimiento que fluctuar\u00eda entre el -0.2% y el 1.4 por ciento, un escenario que no contempla a\u00fan \u201c<a title=\"Sheinbaum conf\u00eda en que la pausa de los aranceles de Trump se prolongue &quot;permanentemente&quot;\" href=\"https:\/\/www.eleconomista.com.mx\/politica\/sheinbaum-confia-pausa-aranceles-trump-prolongue-permanentemente-20250205-745031.html\" target=\"_blank\" rel=\"noopener\">las medidas que puede anunciar Estados Unidos en materia comercial<\/a>\u201d.<\/p>\n<p style=\"text-align: justify;\">\u201cSer\u00eda apresurado adelantar conclusiones respecto a estas medidas\u201d, subray\u00f3 la Gobernadora de Banco de M\u00e9xico, Victoria Rodr\u00edguez Ceja en la presentaci\u00f3n del Informe Trimestral.<\/p>\n<p style=\"text-align: justify;\">De acuerdo con el economista jefe para Am\u00e9rica Latina en el banco de inversi\u00f3n XP, Marco Oviedo, estas previsiones traen impl\u00edcita una recesi\u00f3n t\u00e9cnica con dos trimestres consecutivos en contracci\u00f3n. En el citado banco privado anticipan por ahora un crecimiento de 1 por ciento.<\/p>\n<p style=\"text-align: justify;\">La banquera central inform\u00f3 en la conferencia que para el a\u00f1o pr\u00f3ximo consideran que se presentar\u00eda \u201cun mayor ritmo de expansi\u00f3n\u201d que llevar\u00eda al<b>\u00a0PIB\u00a0<\/b>a registrar un crecimiento de 1.8%, dentro de un intervalo de variabilidad de 1% a 2.6 por ciento. Este pron\u00f3stico se mantuvo sin cambio respecto del anticipado en noviembre.<\/p>\n<p style=\"text-align: justify;\">Desde su perspectiva, \u201cla relocalizaci\u00f3n de algunas empresas que est\u00e1 en marcha\u201d puede resultar en un crecimiento m\u00e1s acelerado del previsto y es un riesgo al alza de los m\u00e1s importantes considerados\u201d.<\/p>\n<p style=\"text-align: justify;\">Pero nuevamente acot\u00f3 que \u201cestas expectativas est\u00e1n sujetas a una importante incertidumbre (\u2026) ante la posibilidad de que se impongan aranceles por parte de Estados Unidos a las exportaciones de nuestro pa\u00eds\u201d<\/p>\n<p style=\"text-align: justify;\">Para la economista en M\u00e9xico de BNP Paribas, Pamela D\u00edaz, el estancamiento en la inversi\u00f3n privada por la incertidumbre en torno a la\u00a0<b>pol\u00edtica comercial<\/b>\u00a0seguir\u00e1 prevaleciente este a\u00f1o pesando en la actividad econ\u00f3mica y se resolver\u00e1 en 2026.<\/p>\n<p style=\"text-align: justify;\">La gobernadora\u00a0<a title=\"Marco regulatorio para combatir el financiamiento al terrorismo en M\u00e9xico es robusto\" href=\"https:\/\/www.eleconomista.com.mx\/economia\/marco-regulatorio-combatir-financiamiento-terrorismo-mexico-robusto-20250219-747100.html\" target=\"_blank\" rel=\"noopener\">Rodr\u00edguez Ceja<\/a>\u00a0coment\u00f3 que este escenario de debilitamiento en la actividad econ\u00f3mica ayudar\u00e1 a reducir la presi\u00f3n en la demanda agregada y en la inflaci\u00f3n.<\/p>\n<p style=\"text-align: justify;\">Pero hizo un llamado a que el debilitamiento de la actividad econ\u00f3mica no minimice \u201cel importante avance que hemos tenido en el proceso desinflacionario\u201d.<\/p>\n<p style=\"text-align: justify;\">Subray\u00f3 que continuar\u00e1n calibrando la restricci\u00f3n monetaria y podr\u00edan considerar reducir la tasa en una magnitud similar a la de febrero, de 50 puntos. Y subray\u00f3 que el sesgo de la pol\u00edtica monetaria seguir\u00e1 restrictivo en tanto logren llevar a la inflaci\u00f3n al objetivo puntual de 3 por ciento.<\/p>\n<h2 style=\"text-align: justify;\">Reto para inflaci\u00f3n ya no es tan complejo como el de los choques globales<\/h2>\n<p style=\"text-align: justify;\">La banquera central explic\u00f3 que \u201cactualmente estamos en una nueva etapa donde el reto es llevar a la inflaci\u00f3n de los niveles del promedio hist\u00f3ricos en los que ahora se encuentra a la meta de tres por ciento.<\/p>\n<p style=\"text-align: justify;\">Hoy tenemos niveles de inflaci\u00f3n sin duda m\u00e1s bajos de los observados en el complejo episodio vivido a nivel global, cuando los choques de la pandemia y el contexto internacional detonaron niveles no vistos en dos d\u00e9cadas, puntualiz\u00f3.<\/p>\n<p style=\"text-align: justify;\">Evidenci\u00f3 que los niveles de\u00a0<b>inflaci\u00f3n<\/b> observada est\u00e1n en promedios hist\u00f3ricos de 2003 a 2019. El a\u00f1o 2003 fue cuando se estableci\u00f3 el objetivo puntual de inflaci\u00f3n en 3 por ciento.<\/p>\n<p style=\"text-align: justify;\">Destac\u00f3 que en enero de este a\u00f1o, la inflaci\u00f3n alcanz\u00f3 una variaci\u00f3n anual de 3.59%, un nivel que no ve\u00edamos desde principios del 2021 y que contrasta con el pico alcanzado en septiembre del 2022, cuando toc\u00f3 una fluctuaci\u00f3n de 8.7 por ciento.<\/p>\n<p style=\"text-align: justify;\">Tom\u00f3 el caso de la inflaci\u00f3n subyacente, que es el indicador de la inflaci\u00f3n m\u00e1s pura, para advertir que alcanz\u00f3 un registro anual de 3.66% en enero, que es cercano al promedio hist\u00f3rico de 3.65 por ciento.<\/p>\n<p style=\"text-align: justify;\">\u201cYa no es necesario el nivel de apretamiento monetario que demandaron las anteriores etapas para combatir la inflaci\u00f3n derivada de los choques globales\u201d, sentenci\u00f3.<\/p>\n<h2 style=\"text-align: justify;\">Inflaci\u00f3n sigue en tratamiento, pero ya no est\u00e1 en terapia intensiva<\/h2>\n<p style=\"text-align: justify;\">Los subgobernadores Galia Borja, Omar Mej\u00eda y Gabriel Cuadra se\u00f1alaron que no tienen un diferencial objetivo respecto de la tasa de Estados Unidos.<\/p>\n<p style=\"text-align: justify;\">La subgobernadora Borja afirm\u00f3 que una tasa en 9.50% no es prueba de complacencia ante la inflaci\u00f3n actual, subray\u00f3 que el diferencial de tasas nominales con la Fed es de 500 puntos base, cercano a los 400 puntos base hist\u00f3ricos. Record\u00f3 que el ciclo de apretamiento de Banxico inicio en junio del 2023 y la Fed lo hizo mucho m\u00e1s tarde, en marzo del 2024, lo que da un muy buen espacio para recortar.<\/p>\n<p style=\"text-align: justify;\">El subgobernador Cuadra, reci\u00e9n integrado a la Junta de Gobierno pero con amplia experiencia por su carrera en el instituto central, enfatiz\u00f3 que no est\u00e1n c\u00f3modos con los niveles actuales de inflaci\u00f3n.<\/p>\n<p style=\"text-align: justify;\">\u201cLo ilustrar\u00eda con una analog\u00eda (\u2026) es como si tuvi\u00e9ramos un enfermo muy grave con inflaciones elevadas y lo ten\u00edamos en terapia intensiva. Tras una mejora significativa, con inflaciones debajo de 4% pero arriba de 3%, lo sacamos de terapia intensiva. No lo mandamos a su casa, pero lo mantenemos en tratamiento todav\u00eda con una pol\u00edtica monetaria restrictiva\u201d, explic\u00f3.<\/p>\n<p style=\"text-align: justify;\">Sobre las decisiones de pol\u00edtica monetaria dijo que dependen de las condiciones macroecon\u00f3micas de M\u00e9xico y Estados Unidos. All\u00e1, su actividad econ\u00f3mica muestra resiliencia y en el caso de M\u00e9xico muestra aton\u00eda. Aqu\u00ed tenemos una pol\u00edtica restrictiva y all\u00e1, est\u00e1n cerca de la neutralidad.<\/p>\n<p style=\"text-align: justify;\">\u201cComo tenemos condiciones distintas, lo normal es que tengamos decisiones diferentes (&#8230;) As\u00ed que no tenemos por qu\u00e9 seguir\u00a0<a title=\"Minutas de la Fed: Posible impacto de pol\u00edticas de Trump eleva preocupaci\u00f3n por la inflaci\u00f3n\" href=\"https:\/\/www.eleconomista.com.mx\/economia\/minutas-fed-posible-impacto-politicas-trump-eleva-preocupacion-inflacion-20250219-747052.html\" target=\"_blank\" rel=\"noopener\">mec\u00e1nicamente a la Fed<\/a>\u201d.<\/p>\n<p style=\"text-align: justify;\">Por su parte, el subgobernador Mej\u00eda dijo que el recorte de 50 puntos aplicado en febrero y la expectativa de seguir con cortes de esa misma magnitud \u201cguarda congruencia\u201d con el panorama econ\u00f3mico, de desinflaci\u00f3n as\u00ed como el grado de restricci\u00f3n monetaria acumulada.<\/p>\n<p style=\"text-align: justify;\">Consider\u00f3 que los ajustes en la tasa han sido \u201cbastante bien comunicada, bien entendidos por el mercado y la calibraci\u00f3n guarda prudencia con el panorama inflacionario\u201d.<\/p>\n<p style=\"text-align: justify;\">Refiri\u00f3 que estos riesgos pueden ser atendidos con un menor nivel de restricci\u00f3n, pues hay m\u00e1rgenes para ajustarlo.<\/p>\n<p style=\"text-align: justify;\">El subgobernador<b>\u00a0Jonathan Heath<\/b> subray\u00f3 que la pol\u00edtica monetaria se mantiene restrictiva y dijo es poco lo que puede agregar a las observaciones de sus compa\u00f1eros, lo que fue interpretado por analistas de BNP Paribas y el banco de inversi\u00f3n XP como que tambi\u00e9n se sumar\u00e1 a un recorte de 50 puntos para marzo.<\/p>\n<p>V\u00eda: El Economista<\/p>\n","protected":false},"excerpt":{"rendered":"<p>El\u00a0Banco de M\u00e9xico\u00a0(Banxico) recort\u00f3 su estimaci\u00f3n de crecimiento para el Producto Interno Bruto (PIB) de este a\u00f1o, para dejarla en 0.6% puntual desde el 1.2% que estim\u00f3 en noviembre. Este ajuste incorpora el efecto aritm\u00e9tico que tendr\u00e1 en la\u00a0actividad econ\u00f3mica\u00a0la reducci\u00f3n observada en el \u00faltimo trimestre del a\u00f1o pasado; el bajo dinamismo del\u00a0consumo privado\u00a0y de [&hellip;]<\/p>\n","protected":false},"author":2,"featured_media":62867,"comment_status":"closed","ping_status":"closed","sticky":false,"template":"","format":"standard","meta":{"om_disable_all_campaigns":false,"_monsterinsights_skip_tracking":false,"_monsterinsights_sitenote_active":false,"_monsterinsights_sitenote_note":"","_monsterinsights_sitenote_category":0,"_uf_show_specific_survey":0,"_uf_disable_surveys":false,"_jetpack_memberships_contains_paid_content":false,"footnotes":"","jetpack_publicize_message":"Banxico recorta a 0.6% su pron\u00f3stico de crecimiento para el PIB de M\u00e9xico en 2025","jetpack_publicize_feature_enabled":true,"jetpack_social_post_already_shared":true,"jetpack_social_options":{"image_generator_settings":{"template":"highway","default_image_id":0,"enabled":false},"version":2}},"categories":[6],"tags":[],"class_list":{"0":"post-62866","1":"post","2":"type-post","3":"status-publish","4":"format-standard","5":"has-post-thumbnail","7":"category-global"},"aioseo_notices":[],"jetpack_publicize_connections":[],"jetpack_featured_media_url":"https:\/\/mediagroup.mx\/wp-content\/uploads\/2025\/02\/Captura-de-pantalla-2025-02-20-a-las-09.31.12.png","jetpack_sharing_enabled":true,"_links":{"self":[{"href":"https:\/\/mediagroup.mx\/index.php\/wp-json\/wp\/v2\/posts\/62866","targetHints":{"allow":["GET"]}}],"collection":[{"href":"https:\/\/mediagroup.mx\/index.php\/wp-json\/wp\/v2\/posts"}],"about":[{"href":"https:\/\/mediagroup.mx\/index.php\/wp-json\/wp\/v2\/types\/post"}],"author":[{"embeddable":true,"href":"https:\/\/mediagroup.mx\/index.php\/wp-json\/wp\/v2\/users\/2"}],"replies":[{"embeddable":true,"href":"https:\/\/mediagroup.mx\/index.php\/wp-json\/wp\/v2\/comments?post=62866"}],"version-history":[{"count":1,"href":"https:\/\/mediagroup.mx\/index.php\/wp-json\/wp\/v2\/posts\/62866\/revisions"}],"predecessor-version":[{"id":62868,"href":"https:\/\/mediagroup.mx\/index.php\/wp-json\/wp\/v2\/posts\/62866\/revisions\/62868"}],"wp:featuredmedia":[{"embeddable":true,"href":"https:\/\/mediagroup.mx\/index.php\/wp-json\/wp\/v2\/media\/62867"}],"wp:attachment":[{"href":"https:\/\/mediagroup.mx\/index.php\/wp-json\/wp\/v2\/media?parent=62866"}],"wp:term":[{"taxonomy":"category","embeddable":true,"href":"https:\/\/mediagroup.mx\/index.php\/wp-json\/wp\/v2\/categories?post=62866"},{"taxonomy":"post_tag","embeddable":true,"href":"https:\/\/mediagroup.mx\/index.php\/wp-json\/wp\/v2\/tags?post=62866"}],"curies":[{"name":"wp","href":"https:\/\/api.w.org\/{rel}","templated":true}]}}