{"id":62875,"date":"2025-02-20T09:55:37","date_gmt":"2025-02-20T15:55:37","guid":{"rendered":"https:\/\/mediagroup.mx\/?p=62875"},"modified":"2025-02-20T09:55:37","modified_gmt":"2025-02-20T15:55:37","slug":"eliminacion-del-milan-mancha-noche-de-record-para-gimenez","status":"publish","type":"post","link":"https:\/\/mediagroup.mx\/index.php\/2025\/02\/20\/eliminacion-del-milan-mancha-noche-de-record-para-gimenez\/","title":{"rendered":"Eliminaci\u00f3n del Mil\u00e1n mancha noche de r\u00e9cord para Gim\u00e9nez"},"content":{"rendered":"<p class=\"s-s\" style=\"text-align: justify;\">El Mil\u00e1n es una causa perdida. Aunque Santiago Gim\u00e9nez continu\u00f3 su racha goleadora en la actual Liga de Campeones y entr\u00f3 en la historia de los delanteros mexicanos, sus esfuerzos fueron en vano. Los\u00a0<em>rossoneros\u00a0<\/em>fueron eliminados en la ronda clasificatoria a octavos de final, luego de empatar 1-1 con el Feyenoord en el partido de vuelta, resultado que no bast\u00f3 para remontar el 1-0 en contra de la ida en Rotterdam (2-1 global).<\/p>\n<p style=\"text-align: justify;\">El tanto madrugador de Gim\u00e9nez impuls\u00f3 a los locales y le permiti\u00f3 convertirse en el futbolista trico-lor con m\u00e1s anotaciones en una temporada de la\u00a0<em>Champions<\/em>. El efecto, sin embargo, dur\u00f3 poco, ya que su compa\u00f1ero Theo Hern\u00e1ndez fue expulsado en la segunda mitad y el Feyenoord logr\u00f3 igualar la serie con un remate de Juli\u00e1n Carranza (73) para avanzar a la siguiente ronda. Givairo Read, del cuadro neerland\u00e9s, tambi\u00e9n recibi\u00f3 la tarjeta roja en el descuento.<\/p>\n<p class=\"sumario\" style=\"text-align: justify;\">Decepcionados<\/p>\n<p class=\"s-s\" style=\"text-align: justify;\"><q>Estamos muy decepcionados. Comenzamos bien y anotamos de inmediato. Parec\u00eda que el Feyenoord no pod\u00eda hacernos da\u00f1o<\/q>, declar\u00f3\u00a0<em>Chaquito<\/em>\u00a0y rest\u00f3 importancia a la expulsi\u00f3n que les dej\u00f3 con 10 hombres.\u00a0<q>Hoy (ayer) lo sufri\u00f3 Theo, pero le puede ocurrir a cualquiera, esto es futbol. Tenemos el m\u00e1ximo respeto por \u00e9l. Le daremos todo nuestro apoyo<\/q>.<\/p>\n<p style=\"text-align: justify;\">Transferido al Mil\u00e1n el mes pasado en una operaci\u00f3n que alcanz\u00f3 31 millones de d\u00f3lares, Gim\u00e9nez anot\u00f3 para los\u00a0<em>rossoneros<\/em>\u00a0a los 40 segundos del duelo en San Siro. Durante su festejo, levant\u00f3 las manos en se\u00f1al de disculpa a sus ex aficionados tras marcar de cabeza en el \u00e1rea chica. Fue su sexto gol en siete partidos de la Liga de Campeones esta campa\u00f1a; con ello, super\u00f3 las cosechas de cinco tantos de Hugo S\u00e1nchez (Real Madrid) en las ediciones de 1988-1989 y 1990-1991, y Javier Hern\u00e1ndez (Bayer Leverkusen) en 2015-2016.<\/p>\n<p style=\"text-align: justify;\">En la capital alemana, el Bayern M\u00fanich logr\u00f3 su clasificaci\u00f3n a octavos tras empatar\u00a0<em>in extremis<\/em>\u00a0con el Celtic (1-1, 3-2 global), resultado que revalid\u00f3 la victoria del club alem\u00e1n en la ida 2-1 en Escocia.<\/p>\n<p style=\"text-align: justify;\">El equipo dirigido por Vincent Kompany se enfrentar\u00e1 al Leverkusen o al Atl\u00e9tico de Madrid por un puesto en cuartos de final de la m\u00e1xima competencia europea. El sorteo ser\u00e1 el viernes.<\/p>\n<p style=\"text-align: justify;\">El canadiense Alphonso Davies aprovech\u00f3 un rechace del arquero Kasper Schmeichel, a remate de cabeza de Leon Goretzka, para lograr la igualada en el \u00faltimo de los cuatro minutos del tiempo a\u00f1adido. Nicolas Kuhn puso adelante al Celtic media hora antes (63).<\/p>\n<p style=\"text-align: justify;\">Mientras, el Atalanta, vigente monarca de la Liga de Europa, volvi\u00f3 a caer ante el Brujas (1-3, 2-5 global) en el Gewiss Stadium y se qued\u00f3 fuera de la\u00a0<em>Champions\u00a0<\/em>luego del 2-1 en tierras belgas. Los de B\u00e9rgamo necesitaban reaccionar para acceder a octavos, pero el primer golpe fue de su adversario. Chemsdine Talbi convirti\u00f3 un doblete (3 y 27) y Ferran Jutgla cerr\u00f3 la cuenta (45+3). S\u00f3lo Ademola Lookman logr\u00f3 acercar a los locales (46).<\/p>\n<p style=\"text-align: justify;\">Finalmente, el Benfica hizo valer un empate frente al M\u00f3naco (3-3, 4-3 global) para seguir vivo.<\/p>\n<p>V\u00eda: La Jornada<\/p>\n","protected":false},"excerpt":{"rendered":"<p>El Mil\u00e1n es una causa perdida. Aunque Santiago Gim\u00e9nez continu\u00f3 su racha goleadora en la actual Liga de Campeones y entr\u00f3 en la historia de los delanteros mexicanos, sus esfuerzos fueron en vano. Los\u00a0rossoneros\u00a0fueron eliminados en la ronda clasificatoria a octavos de final, luego de empatar 1-1 con el Feyenoord en el partido de vuelta, [&hellip;]<\/p>\n","protected":false},"author":2,"featured_media":62876,"comment_status":"closed","ping_status":"closed","sticky":false,"template":"","format":"standard","meta":{"om_disable_all_campaigns":false,"_monsterinsights_skip_tracking":false,"_monsterinsights_sitenote_active":false,"_monsterinsights_sitenote_note":"","_monsterinsights_sitenote_category":0,"_uf_show_specific_survey":0,"_uf_disable_surveys":false,"_jetpack_memberships_contains_paid_content":false,"footnotes":"","jetpack_publicize_message":"Eliminaci\u00f3n del Mil\u00e1n mancha noche de r\u00e9cord para Gim\u00e9nez","jetpack_publicize_feature_enabled":true,"jetpack_social_post_already_shared":true,"jetpack_social_options":{"image_generator_settings":{"template":"highway","default_image_id":0,"enabled":false},"version":2}},"categories":[19],"tags":[],"class_list":{"0":"post-62875","1":"post","2":"type-post","3":"status-publish","4":"format-standard","5":"has-post-thumbnail","7":"category-deportes"},"aioseo_notices":[],"jetpack_publicize_connections":[],"jetpack_featured_media_url":"https:\/\/mediagroup.mx\/wp-content\/uploads\/2025\/02\/a11n1dep-1_mini.jpeg","jetpack_sharing_enabled":true,"_links":{"self":[{"href":"https:\/\/mediagroup.mx\/index.php\/wp-json\/wp\/v2\/posts\/62875","targetHints":{"allow":["GET"]}}],"collection":[{"href":"https:\/\/mediagroup.mx\/index.php\/wp-json\/wp\/v2\/posts"}],"about":[{"href":"https:\/\/mediagroup.mx\/index.php\/wp-json\/wp\/v2\/types\/post"}],"author":[{"embeddable":true,"href":"https:\/\/mediagroup.mx\/index.php\/wp-json\/wp\/v2\/users\/2"}],"replies":[{"embeddable":true,"href":"https:\/\/mediagroup.mx\/index.php\/wp-json\/wp\/v2\/comments?post=62875"}],"version-history":[{"count":1,"href":"https:\/\/mediagroup.mx\/index.php\/wp-json\/wp\/v2\/posts\/62875\/revisions"}],"predecessor-version":[{"id":62877,"href":"https:\/\/mediagroup.mx\/index.php\/wp-json\/wp\/v2\/posts\/62875\/revisions\/62877"}],"wp:featuredmedia":[{"embeddable":true,"href":"https:\/\/mediagroup.mx\/index.php\/wp-json\/wp\/v2\/media\/62876"}],"wp:attachment":[{"href":"https:\/\/mediagroup.mx\/index.php\/wp-json\/wp\/v2\/media?parent=62875"}],"wp:term":[{"taxonomy":"category","embeddable":true,"href":"https:\/\/mediagroup.mx\/index.php\/wp-json\/wp\/v2\/categories?post=62875"},{"taxonomy":"post_tag","embeddable":true,"href":"https:\/\/mediagroup.mx\/index.php\/wp-json\/wp\/v2\/tags?post=62875"}],"curies":[{"name":"wp","href":"https:\/\/api.w.org\/{rel}","templated":true}]}}