{"id":62880,"date":"2025-02-20T10:31:06","date_gmt":"2025-02-20T16:31:06","guid":{"rendered":"https:\/\/mediagroup.mx\/?p=62880"},"modified":"2025-02-20T10:31:06","modified_gmt":"2025-02-20T16:31:06","slug":"columna-de-libre-expresion-por-carlos-alberto-monge","status":"publish","type":"post","link":"https:\/\/mediagroup.mx\/index.php\/2025\/02\/20\/columna-de-libre-expresion-por-carlos-alberto-monge\/","title":{"rendered":"Columna de Libre Expresi\u00f3n por Carlos Alberto Monge"},"content":{"rendered":"<p><strong><em><u>LIBRE EXPRESI\u00d3N\u2026<\/u><\/em><\/strong><\/p>\n<p><strong><em>Por: Carlos Alberto Monge Monta\u00f1o.<\/em><\/strong><\/p>\n<p><strong>\u00a0<\/strong><\/p>\n<p><strong>El m\u00e1s corrupto<\/strong><\/p>\n<p><em>\u00a0<\/em><\/p>\n<p><em>\u201cEn un esp\u00edritu corrompido no cabe el honor\u201d. T\u00e1cito (55 \u2013 115) Historiador romano.<\/em><\/p>\n<p>&nbsp;<\/p>\n<p>Por si a alguien le queda alguna duda, Transparencia Internacional confirm\u00f3 que el gobierno de Andr\u00e9s Manuel L\u00f3pez Obrador es el m\u00e1s corrupto en la historia nacional.<\/p>\n<p>El \u00cdndice de Percepci\u00f3n de la Corrupci\u00f3n detalla que M\u00e9xico apenas alcanz\u00f3 26 de 100 puntos posibles, coloc\u00e1ndolo en la posici\u00f3n 140 de un total de 180 pa\u00edses evaluados.<\/p>\n<p>El informe que se realiza cada 2 a\u00f1os advierte que del 2022 al 2024, durante el gobierno del que combatir\u00eda la corrupci\u00f3n barriendo las escaleras de arriba para abajo, tuvo un retroceso de 5 puntos.<\/p>\n<p>Conste, este \u00edndice de percepci\u00f3n sobre la corrupci\u00f3n fue utilizado como referente por L\u00f3pez Obrador en sus discursos propagand\u00edsticos. Por ejemplo, en su primer mensaje ya como presidente de M\u00e9xico en 2018 se\u00f1al\u00f3 que \u201cseg\u00fan la \u00faltima medici\u00f3n de Transparencia Internacional ocupamos el lugar 135 en comparaci\u00f3n con 176 pa\u00edses evaluados y pasamos a ese sitio luego de estar en el lugar 59 en el 2000, subir al 70 en el 2006, escalar al 106 en el 2012 y llegar en 2017 a la vergonzosa posici\u00f3n en que nos encontramos\u201d.<\/p>\n<p>As\u00ed de contundente y claro, el de L\u00f3pez Obrador es el sexenio que puso a M\u00e9xico en el peor lugar en la historia. Sin embargo, ni \u00e9l ni su feligres\u00eda tienen la m\u00ednima dignidad para reconocerlo. Por eso inmediatamente la presidenta y s\u00fabdita del tabasque\u00f1o Claudia Sheinbaum, se manifest\u00f3 sorprendida y de inmediato us\u00f3 las trilladas excusas para defender a su jefe, dijo que \u201cafortunadamente la percepci\u00f3n de la gente es distinta\u201d, y seg\u00fan ella, \u201clo que hay es un\u00a0cambio de r\u00e9gimen, del\u00a0r\u00e9gimen de corrupci\u00f3n\u00a0y\u00a0privilegios\u00a0a un\u00a0r\u00e9gimen de honestidad\u00a0y de\u00a0servicio al pueblo\u201d.<\/p>\n<p>Cl\u00e1sico de quienes est\u00e1n en el poder emanados de esta mezcolanza Morena, en el pasado, desde la oposici\u00f3n, todos estos \u00edndices eran v\u00e1lidos, ahora que son ellos los empoderados, los responsables, nada importa, s\u00f3lo sus dichos.<\/p>\n<p>Transparencia Mexicana puntualiz\u00f3 estos resultados. Por ejemplo, nos recuerda que la mejor evaluaci\u00f3n lograda por M\u00e9xico fue en el 2014 cuando alcanz\u00f3 35 de 100 puntos posibles.<\/p>\n<p>En 2018, al final del gobierno de Enrique Pe\u00f1a Nieto se lleg\u00f3 al peor momento logrando s\u00f3lo 28 puntos, pero L\u00f3pez Obrador instal\u00f3 el p\u00e9simo r\u00e9cord.<\/p>\n<p>Detalla adem\u00e1s que el \u201c\u00cdndice de Percepci\u00f3n de la Corrupci\u00f3n 2024 contemplan informaci\u00f3n de 13 fuentes independientes para los a\u00f1os 2023 y 2024. Al integrar distintas mediciones y dos a\u00f1os en una sola estimaci\u00f3n, se evita que un solo evento o esc\u00e1ndalo de corrupci\u00f3n altere la calificaci\u00f3n de un pa\u00eds. Lo que mide el \u00cdndice de Percepci\u00f3n de la Corrupci\u00f3n es la tendencia y no casos espec\u00edficos\u201d.<\/p>\n<p>Adem\u00e1s, argumenta que el INEGI inform\u00f3 en el 2023 que el 83% de mexicanos considera que la corrupci\u00f3n sigue siendo un problema frecuente o muy frecuente y 6 de cada 10 se\u00f1alaron que fueron v\u00edctimas de corrupci\u00f3n o extorsi\u00f3n.<\/p>\n<p>Transparencia Mexicana destac\u00f3 5 argumentos para explicar los resultados del \u00cdndice de Percepci\u00f3n de la Corrupci\u00f3n:<\/p>\n<ol>\n<li>\u201cIncertidumbre sobre el alcance y la implementaci\u00f3n de las reformas en materia de transparencia, anticorrupci\u00f3n y al Poder Judicial\u201d.<\/li>\n<li>\u201cImpunidad en casos como Odebrecht, Pemex Agronitrogenados (la red encabezada por Lozoya), la Estafa Maestra y casos de corrupci\u00f3n de gran calado como los agrupados bajo el nombre de Segalmex\u201d,\u00a0donde se presume un desv\u00edo de recursos de cuando menos 15 mil millones de pesos, el doble de la Estafa Maestra en tiempos de Pe\u00f1a Nieto.<\/li>\n<li>\u201cBajos niveles de sanci\u00f3n en materia de responsabilidades administrativas identificadas por los \u00f3rganos de fiscalizaci\u00f3n superior\u201d.<\/li>\n<li>\u201cCreciente n\u00famero de casos de corrupci\u00f3n a nivel estatal que involucran al crimen organizado\u201d.<\/li>\n<li>\u201cEmpresas identificadas como \u201cfantasma\u201d o controladas por el crimen organizado siguen siendo contratadas por los gobiernos\u201d.<\/li>\n<\/ol>\n<p>A todo eso hay que sumar los sobres amarillos con dinero mal habido y sin declarar, que ha sido demostrado, recibieron los hermanos y personas cercanas a Andr\u00e9s Manuel L\u00f3pez Obrador para favorecerlo y \u201capoyarlo\u201d en sus campa\u00f1as proselitistas.<\/p>\n<p>Seguramente tambi\u00e9n influyeron los trabajos period\u00edsticos que con documentos y grabaciones evidenciaron el tr\u00e1fico de influencias implementado por los hijos de L\u00f3pez Obrador para beneficiarse a s\u00ed mismos y a sus amigos.<\/p>\n<p>Y claro, seguramente influy\u00f3 el c\u00famulo de mentiras que cada d\u00eda pronunciaba el entonces inquilino de Palacio Nacional, Spin-Taller de Comunicaci\u00f3n Pol\u00edtica, liderada por Luis Estrada le contabiliz\u00f3 un promedio de 88 diarias. Como ejemplo, baste recordar que asegur\u00f3 que ya hab\u00eda federalizado la n\u00f3mina magisterial en Michoac\u00e1n.<\/p>\n<p>Como ya se los hab\u00eda comentado en varios momentos del pasado sexenio, no tengo duda de que el gobierno de Andr\u00e9s Manuel L\u00f3pez Obrador es el m\u00e1s corrupto de la historia, pero, el que reci\u00e9n comenz\u00f3 con Claudia Sheinbaum podr\u00eda resultar peor debido a las reformas con tintes dictatoriales que con Morena y aliados ya realiz\u00f3 en varias \u00e1reas fundamentales, como en el Poder Judicial y con la aniquilaci\u00f3n de organismos ciudadanos.<\/p>\n<p>&nbsp;<\/p>\n<p>Con la esperanza de que haya una pr\u00f3xima vez\u2026 me despido, gracias.<\/p>\n<p>&nbsp;<\/p>\n<p><img loading=\"lazy\" decoding=\"async\" class=\"alignnone size-medium wp-image-62881\" src=\"https:\/\/mediagroup.mx\/wp-content\/uploads\/2025\/02\/WhatsApp-Image-2025-02-20-at-9.40.34-AM-300x200.jpeg\" alt=\"\" width=\"300\" height=\"200\" srcset=\"https:\/\/mediagroup.mx\/wp-content\/uploads\/2025\/02\/WhatsApp-Image-2025-02-20-at-9.40.34-AM-300x200.jpeg 300w, https:\/\/mediagroup.mx\/wp-content\/uploads\/2025\/02\/WhatsApp-Image-2025-02-20-at-9.40.34-AM-150x100.jpeg 150w, https:\/\/mediagroup.mx\/wp-content\/uploads\/2025\/02\/WhatsApp-Image-2025-02-20-at-9.40.34-AM.jpeg 469w\" sizes=\"auto, (max-width: 300px) 100vw, 300px\" \/><\/p>\n","protected":false},"excerpt":{"rendered":"<p>LIBRE EXPRESI\u00d3N\u2026 Por: Carlos Alberto Monge Monta\u00f1o. \u00a0 El m\u00e1s corrupto \u00a0 \u201cEn un esp\u00edritu corrompido no cabe el honor\u201d. T\u00e1cito (55 \u2013 115) Historiador romano. &nbsp; Por si a alguien le queda alguna duda, Transparencia Internacional confirm\u00f3 que el gobierno de Andr\u00e9s Manuel L\u00f3pez Obrador es el m\u00e1s corrupto en la historia nacional. El [&hellip;]<\/p>\n","protected":false},"author":2,"featured_media":62881,"comment_status":"closed","ping_status":"closed","sticky":false,"template":"","format":"standard","meta":{"om_disable_all_campaigns":false,"_monsterinsights_skip_tracking":false,"_monsterinsights_sitenote_active":false,"_monsterinsights_sitenote_note":"","_monsterinsights_sitenote_category":0,"_uf_show_specific_survey":0,"_uf_disable_surveys":false,"_jetpack_memberships_contains_paid_content":false,"footnotes":"","jetpack_publicize_message":"Columna de Libre Expresi\u00f3n por Carlos Alberto Monge presenta: \"El m\u00e1s corrupto\"","jetpack_publicize_feature_enabled":true,"jetpack_social_post_already_shared":true,"jetpack_social_options":{"image_generator_settings":{"template":"highway","default_image_id":0,"enabled":false},"version":2}},"categories":[23,63],"tags":[],"class_list":{"0":"post-62880","1":"post","2":"type-post","3":"status-publish","4":"format-standard","5":"has-post-thumbnail","7":"category-nacional","8":"category-politica"},"aioseo_notices":[],"jetpack_publicize_connections":[],"jetpack_featured_media_url":"https:\/\/mediagroup.mx\/wp-content\/uploads\/2025\/02\/WhatsApp-Image-2025-02-20-at-9.40.34-AM.jpeg","jetpack_sharing_enabled":true,"_links":{"self":[{"href":"https:\/\/mediagroup.mx\/index.php\/wp-json\/wp\/v2\/posts\/62880","targetHints":{"allow":["GET"]}}],"collection":[{"href":"https:\/\/mediagroup.mx\/index.php\/wp-json\/wp\/v2\/posts"}],"about":[{"href":"https:\/\/mediagroup.mx\/index.php\/wp-json\/wp\/v2\/types\/post"}],"author":[{"embeddable":true,"href":"https:\/\/mediagroup.mx\/index.php\/wp-json\/wp\/v2\/users\/2"}],"replies":[{"embeddable":true,"href":"https:\/\/mediagroup.mx\/index.php\/wp-json\/wp\/v2\/comments?post=62880"}],"version-history":[{"count":1,"href":"https:\/\/mediagroup.mx\/index.php\/wp-json\/wp\/v2\/posts\/62880\/revisions"}],"predecessor-version":[{"id":62882,"href":"https:\/\/mediagroup.mx\/index.php\/wp-json\/wp\/v2\/posts\/62880\/revisions\/62882"}],"wp:featuredmedia":[{"embeddable":true,"href":"https:\/\/mediagroup.mx\/index.php\/wp-json\/wp\/v2\/media\/62881"}],"wp:attachment":[{"href":"https:\/\/mediagroup.mx\/index.php\/wp-json\/wp\/v2\/media?parent=62880"}],"wp:term":[{"taxonomy":"category","embeddable":true,"href":"https:\/\/mediagroup.mx\/index.php\/wp-json\/wp\/v2\/categories?post=62880"},{"taxonomy":"post_tag","embeddable":true,"href":"https:\/\/mediagroup.mx\/index.php\/wp-json\/wp\/v2\/tags?post=62880"}],"curies":[{"name":"wp","href":"https:\/\/api.w.org\/{rel}","templated":true}]}}