{"id":62888,"date":"2025-02-20T10:55:18","date_gmt":"2025-02-20T16:55:18","guid":{"rendered":"https:\/\/mediagroup.mx\/?p=62888"},"modified":"2025-02-20T10:55:18","modified_gmt":"2025-02-20T16:55:18","slug":"reforma-constitucional-de-gobierno-digital-fortalecera-confianza-ciudadana-bedolla","status":"publish","type":"post","link":"https:\/\/mediagroup.mx\/index.php\/2025\/02\/20\/reforma-constitucional-de-gobierno-digital-fortalecera-confianza-ciudadana-bedolla\/","title":{"rendered":"Reforma constitucional de Gobierno Digital fortalecer\u00e1 confianza ciudadana: Bedolla"},"content":{"rendered":"<p style=\"text-align: justify;\">Con la reforma constitucional para la obligatoriedad de implementar el Gobierno Digital en todos los niveles de gobierno, \u00f3rganos aut\u00f3nomos y Poderes, se eficientizar\u00e1n los recursos p\u00fablicos y se fortalece la participaci\u00f3n y confianza ciudadana, destac\u00f3 el gobernador Alfredo Ram\u00edrez Bedolla.<\/p>\n<p style=\"text-align: justify;\">El mandatario explic\u00f3 que permitir\u00e1 aumentar la recaudaci\u00f3n derivado del pago de tr\u00e1mites, como el caso del refrendo vehicular, certificados catastrales o de temas educativos, por mencionar algunos; as\u00ed como la simplificaci\u00f3n de los mismos, al tiempo que se combate la corrupci\u00f3n y se fortalece la transparencia y rendici\u00f3n de cuentas.<\/p>\n<p style=\"text-align: justify;\">Ram\u00edrez Bedolla resalt\u00f3 que al hacer m\u00e1s eficiente el proceso tambi\u00e9n se mejorar\u00e1 la calidad de vida de la poblaci\u00f3n, ya que evitar\u00e1 los traslados desde el interior del estado a la capital al realizarse de manera digital desde cualquier dispositivo m\u00f3vil, mientras se fortalece la confianza de los ciudadanos en las instituciones.<\/p>\n<p style=\"text-align: justify;\">La iniciativa reforma constitucional de Gobierno Digital, firmada y enviada al Congreso local el mi\u00e9rcoles de esta semana, forma parte del Plan Morelos presentado el a\u00f1o pasado por el gobernador de Michoac\u00e1n.<\/p>\n","protected":false},"excerpt":{"rendered":"<p>Con la reforma constitucional para la obligatoriedad de implementar el Gobierno Digital en todos los niveles de gobierno, \u00f3rganos aut\u00f3nomos y Poderes, se eficientizar\u00e1n los recursos p\u00fablicos y se fortalece la participaci\u00f3n y confianza ciudadana, destac\u00f3 el gobernador Alfredo Ram\u00edrez Bedolla. El mandatario explic\u00f3 que permitir\u00e1 aumentar la recaudaci\u00f3n derivado del pago de tr\u00e1mites, como [&hellip;]<\/p>\n","protected":false},"author":2,"featured_media":62889,"comment_status":"closed","ping_status":"closed","sticky":false,"template":"","format":"standard","meta":{"om_disable_all_campaigns":false,"_monsterinsights_skip_tracking":false,"_monsterinsights_sitenote_active":false,"_monsterinsights_sitenote_note":"","_monsterinsights_sitenote_category":0,"_uf_show_specific_survey":0,"_uf_disable_surveys":false,"_jetpack_memberships_contains_paid_content":false,"footnotes":"","jetpack_publicize_message":"Reforma constitucional de Gobierno Digital fortalecer\u00e1 confianza ciudadana: Bedolla","jetpack_publicize_feature_enabled":true,"jetpack_social_post_already_shared":true,"jetpack_social_options":{"image_generator_settings":{"template":"highway","default_image_id":0,"enabled":false},"version":2}},"categories":[15],"tags":[],"class_list":{"0":"post-62888","1":"post","2":"type-post","3":"status-publish","4":"format-standard","5":"has-post-thumbnail","7":"category-michoacan"},"aioseo_notices":[],"jetpack_publicize_connections":[],"jetpack_featured_media_url":"https:\/\/mediagroup.mx\/wp-content\/uploads\/2025\/02\/WhatsApp-Image-2025-02-20-at-10.53.55-AM.jpeg","jetpack_sharing_enabled":true,"_links":{"self":[{"href":"https:\/\/mediagroup.mx\/index.php\/wp-json\/wp\/v2\/posts\/62888","targetHints":{"allow":["GET"]}}],"collection":[{"href":"https:\/\/mediagroup.mx\/index.php\/wp-json\/wp\/v2\/posts"}],"about":[{"href":"https:\/\/mediagroup.mx\/index.php\/wp-json\/wp\/v2\/types\/post"}],"author":[{"embeddable":true,"href":"https:\/\/mediagroup.mx\/index.php\/wp-json\/wp\/v2\/users\/2"}],"replies":[{"embeddable":true,"href":"https:\/\/mediagroup.mx\/index.php\/wp-json\/wp\/v2\/comments?post=62888"}],"version-history":[{"count":1,"href":"https:\/\/mediagroup.mx\/index.php\/wp-json\/wp\/v2\/posts\/62888\/revisions"}],"predecessor-version":[{"id":62890,"href":"https:\/\/mediagroup.mx\/index.php\/wp-json\/wp\/v2\/posts\/62888\/revisions\/62890"}],"wp:featuredmedia":[{"embeddable":true,"href":"https:\/\/mediagroup.mx\/index.php\/wp-json\/wp\/v2\/media\/62889"}],"wp:attachment":[{"href":"https:\/\/mediagroup.mx\/index.php\/wp-json\/wp\/v2\/media?parent=62888"}],"wp:term":[{"taxonomy":"category","embeddable":true,"href":"https:\/\/mediagroup.mx\/index.php\/wp-json\/wp\/v2\/categories?post=62888"},{"taxonomy":"post_tag","embeddable":true,"href":"https:\/\/mediagroup.mx\/index.php\/wp-json\/wp\/v2\/tags?post=62888"}],"curies":[{"name":"wp","href":"https:\/\/api.w.org\/{rel}","templated":true}]}}