{"id":62891,"date":"2025-02-20T13:15:51","date_gmt":"2025-02-20T19:15:51","guid":{"rendered":"https:\/\/mediagroup.mx\/?p=62891"},"modified":"2025-02-20T13:15:51","modified_gmt":"2025-02-20T19:15:51","slug":"alexis-velazquez-coordinador-de-alcaldes-de-morena-destaca-reunion-clave-entre-alfredo-ramirez-bedolla-raul-moron-y-adan-augusto-lopez-hernandez","status":"publish","type":"post","link":"https:\/\/mediagroup.mx\/index.php\/2025\/02\/20\/alexis-velazquez-coordinador-de-alcaldes-de-morena-destaca-reunion-clave-entre-alfredo-ramirez-bedolla-raul-moron-y-adan-augusto-lopez-hernandez\/","title":{"rendered":"Alexis Vel\u00e1zquez, coordinador de alcaldes de Morena, destaca reuni\u00f3n clave entre Alfredo Ram\u00edrez Bedolla, Ra\u00fal Mor\u00f3n y Ad\u00e1n Augusto L\u00f3pez Hern\u00e1ndez"},"content":{"rendered":"<p style=\"text-align: justify;\">\u201cEn Morena no hay lugar para corrientes internas ni luchas fratricidas. Lo que vemos en este encuentro es un llamado a la unidad, a trabajar por el bienestar de Michoac\u00e1n y a garantizar la solidez de los proyectos que transformar\u00e1n el estado\u201d,<\/p>\n<p style=\"text-align: justify;\">En el marco de la percepci\u00f3n pol\u00edtica en Morena Michoac\u00e1n, donde algunos sectores se\u00f1alan la existencia de dos grupos al interior del partido, una reciente reuni\u00f3n entre el gobernador Alfredo Ram\u00edrez Bedolla, el senador Ra\u00fal Mor\u00f3n y el presidente de la JUCOPO, Ad\u00e1n Augusto L\u00f3pez Hern\u00e1ndez, destaca como un momento clave. Seg\u00fan Alexis Vel\u00e1zquez, coordinador de alcaldes de Morena, esta reuni\u00f3n no debe ser vista bajo la \u00f3ptica de una \u201csucesi\u00f3n adelantada\u201d.<\/p>\n<p style=\"text-align: justify;\">\u201cEs importante que todos comprendamos que el gobernador Ram\u00edrez Bedolla sigue trabajando con la misma convicci\u00f3n que cuando asumi\u00f3 el cargo. A\u00fan queda la mitad de su mandato, y los grandes proyectos de la transformaci\u00f3n en Michoac\u00e1n apenas est\u00e1n por llegar. Este es un momento para consolidar el trabajo y no para especulaciones pol\u00edticas que no ayudan a la unidad del partido\u201d, se\u00f1al\u00f3 Vel\u00e1zquez.<\/p>\n<p style=\"text-align: justify;\">El coordinador de alcaldes de Morena subray\u00f3 que la reuni\u00f3n entre Bedolla, Mor\u00f3n y L\u00f3pez Hern\u00e1ndez no refleja ninguna ruptura ni divisi\u00f3n al interior del partido, sino que reafirma el compromiso del gobernador con los principios de la Cuarta Transformaci\u00f3n. \u201cEn Morena no hay lugar para corrientes internas ni luchas fratricidas. Lo que vemos en este encuentro es un llamado a la unidad, a trabajar por el bienestar de Michoac\u00e1n y a garantizar la solidez de los proyectos que transformar\u00e1n el estado\u201d, a\u00f1adi\u00f3 Vel\u00e1zquez.<\/p>\n<p style=\"text-align: justify;\">Por \u00faltimo, Alexis Vel\u00e1zquez expres\u00f3 que la reuni\u00f3n es una clara muestra de la voluntad del gobierno de la transformaci\u00f3n para trabajar de la mano con todos los liderazgos del estado. \u201cEste es un gobierno que entiende que la unidad es fundamental para seguir avanzando. La transformaci\u00f3n no es obra de un solo hombre, es una labor colectiva y, por eso, el gobernador ha mostrado siempre apertura para sumar esfuerzos y caminar juntos hacia el futuro que Michoac\u00e1n merece\u201d, concluy\u00f3 Vel\u00e1zquez.<\/p>\n","protected":false},"excerpt":{"rendered":"<p>\u201cEn Morena no hay lugar para corrientes internas ni luchas fratricidas. Lo que vemos en este encuentro es un llamado a la unidad, a trabajar por el bienestar de Michoac\u00e1n y a garantizar la solidez de los proyectos que transformar\u00e1n el estado\u201d, En el marco de la percepci\u00f3n pol\u00edtica en Morena Michoac\u00e1n, donde algunos sectores [&hellip;]<\/p>\n","protected":false},"author":2,"featured_media":62892,"comment_status":"closed","ping_status":"closed","sticky":false,"template":"","format":"standard","meta":{"om_disable_all_campaigns":false,"_monsterinsights_skip_tracking":false,"_monsterinsights_sitenote_active":false,"_monsterinsights_sitenote_note":"","_monsterinsights_sitenote_category":0,"_uf_show_specific_survey":0,"_uf_disable_surveys":false,"_jetpack_memberships_contains_paid_content":false,"footnotes":"","jetpack_publicize_message":"Alexis Vel\u00e1zquez, coordinador de alcaldes de Morena, destaca reuni\u00f3n clave entre Alfredo Ram\u00edrez Bedolla, Ra\u00fal Mor\u00f3n y Ad\u00e1n Augusto L\u00f3pez Hern\u00e1ndez","jetpack_publicize_feature_enabled":true,"jetpack_social_post_already_shared":true,"jetpack_social_options":{"image_generator_settings":{"template":"highway","default_image_id":0,"enabled":false},"version":2}},"categories":[15],"tags":[],"class_list":{"0":"post-62891","1":"post","2":"type-post","3":"status-publish","4":"format-standard","5":"has-post-thumbnail","7":"category-michoacan"},"aioseo_notices":[],"jetpack_publicize_connections":[],"jetpack_featured_media_url":"https:\/\/mediagroup.mx\/wp-content\/uploads\/2025\/02\/Captura-de-pantalla-2025-02-20-a-las-13.14.34.png","jetpack_sharing_enabled":true,"_links":{"self":[{"href":"https:\/\/mediagroup.mx\/index.php\/wp-json\/wp\/v2\/posts\/62891","targetHints":{"allow":["GET"]}}],"collection":[{"href":"https:\/\/mediagroup.mx\/index.php\/wp-json\/wp\/v2\/posts"}],"about":[{"href":"https:\/\/mediagroup.mx\/index.php\/wp-json\/wp\/v2\/types\/post"}],"author":[{"embeddable":true,"href":"https:\/\/mediagroup.mx\/index.php\/wp-json\/wp\/v2\/users\/2"}],"replies":[{"embeddable":true,"href":"https:\/\/mediagroup.mx\/index.php\/wp-json\/wp\/v2\/comments?post=62891"}],"version-history":[{"count":1,"href":"https:\/\/mediagroup.mx\/index.php\/wp-json\/wp\/v2\/posts\/62891\/revisions"}],"predecessor-version":[{"id":62893,"href":"https:\/\/mediagroup.mx\/index.php\/wp-json\/wp\/v2\/posts\/62891\/revisions\/62893"}],"wp:featuredmedia":[{"embeddable":true,"href":"https:\/\/mediagroup.mx\/index.php\/wp-json\/wp\/v2\/media\/62892"}],"wp:attachment":[{"href":"https:\/\/mediagroup.mx\/index.php\/wp-json\/wp\/v2\/media?parent=62891"}],"wp:term":[{"taxonomy":"category","embeddable":true,"href":"https:\/\/mediagroup.mx\/index.php\/wp-json\/wp\/v2\/categories?post=62891"},{"taxonomy":"post_tag","embeddable":true,"href":"https:\/\/mediagroup.mx\/index.php\/wp-json\/wp\/v2\/tags?post=62891"}],"curies":[{"name":"wp","href":"https:\/\/api.w.org\/{rel}","templated":true}]}}