{"id":62894,"date":"2025-02-20T13:16:58","date_gmt":"2025-02-20T19:16:58","guid":{"rendered":"https:\/\/mediagroup.mx\/?p=62894"},"modified":"2025-02-20T13:16:58","modified_gmt":"2025-02-20T19:16:58","slug":"la-violencia-contra-las-juventudes-no-sera-normalizada-giulianna-bugarini-presenta-iniciativa-para-combatir-el-juvenicidio","status":"publish","type":"post","link":"https:\/\/mediagroup.mx\/index.php\/2025\/02\/20\/la-violencia-contra-las-juventudes-no-sera-normalizada-giulianna-bugarini-presenta-iniciativa-para-combatir-el-juvenicidio\/","title":{"rendered":"La violencia contra las juventudes no ser\u00e1 normalizada: Giulianna Bugarini presenta iniciativa para combatir el juvenicidio"},"content":{"rendered":"<p style=\"text-align: justify;\">La diputada Giulianna Bugarini subi\u00f3 a la tribuna del Congreso del Estado de Michoac\u00e1n para presentar una iniciativa hist\u00f3rica que busca tipificar el delito de juvenicidio en el C\u00f3digo Penal del Estado. \u201cLa violencia contra nuestros j\u00f3venes no ser\u00e1 normalizada\u201d, afirm\u00f3 Bugarini con contundencia, subrayando la urgencia de actuar ante la creciente violencia que afecta a este sector de la poblaci\u00f3n.<\/p>\n<p style=\"text-align: justify;\">Con un discurso apasionado, la legisladora destac\u00f3 que la Cuarta Transformaci\u00f3n ha logrado abrir puertas para m\u00e1s de 3.5 millones de j\u00f3venes en todo el pa\u00eds, brind\u00e1ndoles la oportunidad de estudiar, capacitarse y, en el futuro cercano, acceder a una vivienda propia.<\/p>\n<p style=\"text-align: justify;\">Sin embargo, lament\u00f3 que los recientes hechos de violencia en Morelia sigan cobrando vidas j\u00f3venes. \u201cAyer, dos j\u00f3venes fueron asesinados en un bar de Morelia; el domingo pasado, varios m\u00e1s fueron atacados a balazos mientras practicaban f\u00fatbol, una actividad que deber\u00eda ser un espacio seguro para el esparcimiento\u201d, se\u00f1al\u00f3.<\/p>\n<p style=\"text-align: justify;\">Por ello, present\u00f3 la iniciativa para que el juvenicidio sea considerado un delito, buscando as\u00ed prevenir y sancionar la violencia dirigida contra las y los j\u00f3venes, y evitar que m\u00e1s vidas se pierdan de forma injusta.<\/p>\n<p style=\"text-align: justify;\">\u201cLa tipificaci\u00f3n del juvenicidio no es solo un acto de justicia, es un mensaje claro: las y los j\u00f3venes son el futuro y su vida tiene un valor incalculable. No permitiremos que sean v\u00edctimas de la violencia, ni que el miedo les arrebate su posibilidad de so\u00f1ar y construir su futuro\u201d, agreg\u00f3 la diputada.<\/p>\n<p style=\"text-align: justify;\">Con esta reforma, Bugarini Torres refuerza el compromiso de la Cuarta Transformaci\u00f3n por brindar a las y los j\u00f3venes las oportunidades que necesitan para crecer y desarrollarse, alej\u00e1ndolos de las garras de la violencia. \u201cCada joven que pierde la vida en estas circunstancias es una p\u00e9rdida para la sociedad. No podemos permitir que se siga repitiendo esta tragedia\u201d, concluy\u00f3.<\/p>\n","protected":false},"excerpt":{"rendered":"<p>La diputada Giulianna Bugarini subi\u00f3 a la tribuna del Congreso del Estado de Michoac\u00e1n para presentar una iniciativa hist\u00f3rica que busca tipificar el delito de juvenicidio en el C\u00f3digo Penal del Estado. \u201cLa violencia contra nuestros j\u00f3venes no ser\u00e1 normalizada\u201d, afirm\u00f3 Bugarini con contundencia, subrayando la urgencia de actuar ante la creciente violencia que afecta [&hellip;]<\/p>\n","protected":false},"author":2,"featured_media":62895,"comment_status":"closed","ping_status":"closed","sticky":false,"template":"","format":"standard","meta":{"om_disable_all_campaigns":false,"_monsterinsights_skip_tracking":false,"_monsterinsights_sitenote_active":false,"_monsterinsights_sitenote_note":"","_monsterinsights_sitenote_category":0,"_uf_show_specific_survey":0,"_uf_disable_surveys":false,"_jetpack_memberships_contains_paid_content":false,"footnotes":"","jetpack_publicize_message":"La violencia contra las juventudes no ser\u00e1 normalizada: Giulianna Bugarini presenta iniciativa para combatir el juvenicidio","jetpack_publicize_feature_enabled":true,"jetpack_social_post_already_shared":true,"jetpack_social_options":{"image_generator_settings":{"template":"highway","default_image_id":0,"enabled":false},"version":2}},"categories":[15],"tags":[],"class_list":{"0":"post-62894","1":"post","2":"type-post","3":"status-publish","4":"format-standard","5":"has-post-thumbnail","7":"category-michoacan"},"aioseo_notices":[],"jetpack_publicize_connections":[],"jetpack_featured_media_url":"https:\/\/mediagroup.mx\/wp-content\/uploads\/2025\/02\/WhatsApp-Image-2025-02-20-at-1.07.48-PM-scaled.jpeg","jetpack_sharing_enabled":true,"_links":{"self":[{"href":"https:\/\/mediagroup.mx\/index.php\/wp-json\/wp\/v2\/posts\/62894","targetHints":{"allow":["GET"]}}],"collection":[{"href":"https:\/\/mediagroup.mx\/index.php\/wp-json\/wp\/v2\/posts"}],"about":[{"href":"https:\/\/mediagroup.mx\/index.php\/wp-json\/wp\/v2\/types\/post"}],"author":[{"embeddable":true,"href":"https:\/\/mediagroup.mx\/index.php\/wp-json\/wp\/v2\/users\/2"}],"replies":[{"embeddable":true,"href":"https:\/\/mediagroup.mx\/index.php\/wp-json\/wp\/v2\/comments?post=62894"}],"version-history":[{"count":1,"href":"https:\/\/mediagroup.mx\/index.php\/wp-json\/wp\/v2\/posts\/62894\/revisions"}],"predecessor-version":[{"id":62896,"href":"https:\/\/mediagroup.mx\/index.php\/wp-json\/wp\/v2\/posts\/62894\/revisions\/62896"}],"wp:featuredmedia":[{"embeddable":true,"href":"https:\/\/mediagroup.mx\/index.php\/wp-json\/wp\/v2\/media\/62895"}],"wp:attachment":[{"href":"https:\/\/mediagroup.mx\/index.php\/wp-json\/wp\/v2\/media?parent=62894"}],"wp:term":[{"taxonomy":"category","embeddable":true,"href":"https:\/\/mediagroup.mx\/index.php\/wp-json\/wp\/v2\/categories?post=62894"},{"taxonomy":"post_tag","embeddable":true,"href":"https:\/\/mediagroup.mx\/index.php\/wp-json\/wp\/v2\/tags?post=62894"}],"curies":[{"name":"wp","href":"https:\/\/api.w.org\/{rel}","templated":true}]}}