{"id":62926,"date":"2025-02-20T10:15:09","date_gmt":"2025-02-20T16:15:09","guid":{"rendered":"https:\/\/mediagroup.mx\/?p=62926"},"modified":"2025-02-21T10:17:42","modified_gmt":"2025-02-21T16:17:42","slug":"melba-albavera-presenta-iniciativa-que-busca-poner-alto-al-acoso-sexual-en-espacios-publicos","status":"publish","type":"post","link":"https:\/\/mediagroup.mx\/index.php\/2025\/02\/20\/melba-albavera-presenta-iniciativa-que-busca-poner-alto-al-acoso-sexual-en-espacios-publicos\/","title":{"rendered":"Melba Albavera presenta iniciativa que busca poner alto al acoso sexual en espacios P\u00fablicos"},"content":{"rendered":"<p>Morelia, Michoac\u00e1n, a 20 de febrero del 2025.- \u201cTodas las mujeres hemos sufrido en alg\u00fan momento de nuestra vida, alg\u00fan tipo de violencia hacia nuestra persona, ya sea f\u00edsica, sexual y\/o psicol\u00f3gica, sobre todo en espacios p\u00fablicos como el transporte, los parques, los mercados o centros comerciales, limitando as\u00ed nuestra libertad de movilidad y desenvolvimiento en la vida p\u00fablica\u201d, afirm\u00f3 la diputada Melba Edeyanira Albavera Padilla, al presentar ante el pleno una Iniciativa con Proyecto de Decreto que busca poner un alto a las violencias que enfrentan de manera cotidiana.<\/p>\n<p>Con esta iniciativa se busca adicionar el art\u00edculo 13 Bis. y se adiciona tambi\u00e9n la fracci\u00f3n IV al art\u00edculo 17, ambos de la de la Ley por una Vida Libre de Violencia para las Mujeres en el Estado de Michoac\u00e1n de Ocampo; y se adiciona un segundo p\u00e1rrafo al art\u00edculo 169 bis, del para el Estado de Michoac\u00e1n de Ocampo.<\/p>\n<p>Puntualiz\u00f3 que \u201c\u00e9stas conductas, adem\u00e1s de constituir un delito transgreden nuestros derechos humanos, bienestar f\u00edsico, sexual, psicol\u00f3gico y social, son acciones unidireccionales, es decir, no son consentidas por la v\u00edctima, y se encuentran normalizadas en la mayor\u00eda de la ciudadan\u00eda de nuestro pa\u00eds\u201d.<\/p>\n<p>Agreg\u00f3 que \u201calgunas de las pr\u00e1cticas que se consideran como acoso sexual en espacios p\u00fablicos, son: miradas lascivas, piropos, silbidos, besos, bocinazos, jadeos y otros ruidos, gestos obscenos, comentarios sexuales, fotograf\u00edas y grabaciones del cuerpo, no consentidas y con connotaci\u00f3n sexual, tocamientos, persecuci\u00f3n y arrinconamiento y exhibicionismo\u201d.<\/p>\n<p>La legisladora puntualiz\u00f3 que \u201cde acuerdo con la Encuesta Nacional de Seguridad P\u00fablica Urbana emitida por el INEGI, durante el primer semestre de 2024, se estima que 17.1 % de las personas de 18 a\u00f1os y m\u00e1s en zonas urbanas fue v\u00edctima de al menos un tipo de acoso y\/o violencia sexual en lugares p\u00fablicos y un 11.7 fue v\u00edctima de piropos groseros u ofensivos de tipo sexual o sobre su cuerpo, o bien, la molestaron u ofendieron en lugares p\u00fablicos\u201d.<\/p>\n<p>\u201cCorresponde a este Poder Legislativo dar visibilidad y sancionar este tipo de violencia, a pesar que se han tomado medidas para combatirlo, aun se advierten hechos de violencia por motivos de g\u00e9nero, que evidencian la necesidad de reforzar las acciones inmediatas tendientes a detener las conductas lesivas hacia las mujeres, a trav\u00e9s de las cuales se pueda evitar la comisi\u00f3n de hechos delictivos graves tales como el abuso sexual, las lesiones o incluso el feminicidio\u201d, finaliz\u00f3 la diputada local.<\/p>\n<p><img loading=\"lazy\" decoding=\"async\" class=\"alignnone size-medium wp-image-62927\" src=\"https:\/\/mediagroup.mx\/wp-content\/uploads\/2025\/02\/WhatsApp-Image-2025-02-20-at-11.31.59-AM-300x168.jpeg\" alt=\"\" width=\"300\" height=\"168\" srcset=\"https:\/\/mediagroup.mx\/wp-content\/uploads\/2025\/02\/WhatsApp-Image-2025-02-20-at-11.31.59-AM-300x168.jpeg 300w, https:\/\/mediagroup.mx\/wp-content\/uploads\/2025\/02\/WhatsApp-Image-2025-02-20-at-11.31.59-AM-1024x574.jpeg 1024w, https:\/\/mediagroup.mx\/wp-content\/uploads\/2025\/02\/WhatsApp-Image-2025-02-20-at-11.31.59-AM-768x431.jpeg 768w, https:\/\/mediagroup.mx\/wp-content\/uploads\/2025\/02\/WhatsApp-Image-2025-02-20-at-11.31.59-AM-150x84.jpeg 150w, https:\/\/mediagroup.mx\/wp-content\/uploads\/2025\/02\/WhatsApp-Image-2025-02-20-at-11.31.59-AM-696x390.jpeg 696w, https:\/\/mediagroup.mx\/wp-content\/uploads\/2025\/02\/WhatsApp-Image-2025-02-20-at-11.31.59-AM-1068x599.jpeg 1068w, https:\/\/mediagroup.mx\/wp-content\/uploads\/2025\/02\/WhatsApp-Image-2025-02-20-at-11.31.59-AM.jpeg 1280w\" sizes=\"auto, (max-width: 300px) 100vw, 300px\" \/><\/p>\n","protected":false},"excerpt":{"rendered":"<p>Morelia, Michoac\u00e1n, a 20 de febrero del 2025.- \u201cTodas las mujeres hemos sufrido en alg\u00fan momento de nuestra vida, alg\u00fan tipo de violencia hacia nuestra persona, ya sea f\u00edsica, sexual y\/o psicol\u00f3gica, sobre todo en espacios p\u00fablicos como el transporte, los parques, los mercados o centros comerciales, limitando as\u00ed nuestra libertad de movilidad y desenvolvimiento [&hellip;]<\/p>\n","protected":false},"author":2,"featured_media":62927,"comment_status":"closed","ping_status":"closed","sticky":false,"template":"","format":"standard","meta":{"om_disable_all_campaigns":false,"_monsterinsights_skip_tracking":false,"_monsterinsights_sitenote_active":false,"_monsterinsights_sitenote_note":"","_monsterinsights_sitenote_category":0,"_uf_show_specific_survey":0,"_uf_disable_surveys":false,"_jetpack_memberships_contains_paid_content":false,"footnotes":"","jetpack_publicize_message":"Melba Albavera presenta iniciativa que busca poner alto al acoso sexual en espacios P\u00fablicos\r\n*Plante\u00f3 ante el pleno modificaciones a la Ley por una Vida Libre de Violencia para las Mujeres en el Estado y el C\u00f3digo Penal","jetpack_publicize_feature_enabled":true,"jetpack_social_post_already_shared":true,"jetpack_social_options":{"image_generator_settings":{"template":"highway","default_image_id":0,"enabled":false},"version":2}},"categories":[15,63],"tags":[],"class_list":{"0":"post-62926","1":"post","2":"type-post","3":"status-publish","4":"format-standard","5":"has-post-thumbnail","7":"category-michoacan","8":"category-politica"},"aioseo_notices":[],"jetpack_publicize_connections":[],"jetpack_featured_media_url":"https:\/\/mediagroup.mx\/wp-content\/uploads\/2025\/02\/WhatsApp-Image-2025-02-20-at-11.31.59-AM.jpeg","jetpack_sharing_enabled":true,"_links":{"self":[{"href":"https:\/\/mediagroup.mx\/index.php\/wp-json\/wp\/v2\/posts\/62926","targetHints":{"allow":["GET"]}}],"collection":[{"href":"https:\/\/mediagroup.mx\/index.php\/wp-json\/wp\/v2\/posts"}],"about":[{"href":"https:\/\/mediagroup.mx\/index.php\/wp-json\/wp\/v2\/types\/post"}],"author":[{"embeddable":true,"href":"https:\/\/mediagroup.mx\/index.php\/wp-json\/wp\/v2\/users\/2"}],"replies":[{"embeddable":true,"href":"https:\/\/mediagroup.mx\/index.php\/wp-json\/wp\/v2\/comments?post=62926"}],"version-history":[{"count":1,"href":"https:\/\/mediagroup.mx\/index.php\/wp-json\/wp\/v2\/posts\/62926\/revisions"}],"predecessor-version":[{"id":62928,"href":"https:\/\/mediagroup.mx\/index.php\/wp-json\/wp\/v2\/posts\/62926\/revisions\/62928"}],"wp:featuredmedia":[{"embeddable":true,"href":"https:\/\/mediagroup.mx\/index.php\/wp-json\/wp\/v2\/media\/62927"}],"wp:attachment":[{"href":"https:\/\/mediagroup.mx\/index.php\/wp-json\/wp\/v2\/media?parent=62926"}],"wp:term":[{"taxonomy":"category","embeddable":true,"href":"https:\/\/mediagroup.mx\/index.php\/wp-json\/wp\/v2\/categories?post=62926"},{"taxonomy":"post_tag","embeddable":true,"href":"https:\/\/mediagroup.mx\/index.php\/wp-json\/wp\/v2\/tags?post=62926"}],"curies":[{"name":"wp","href":"https:\/\/api.w.org\/{rel}","templated":true}]}}