{"id":62929,"date":"2025-02-20T10:19:39","date_gmt":"2025-02-20T16:19:39","guid":{"rendered":"https:\/\/mediagroup.mx\/?p=62929"},"modified":"2025-02-21T10:24:57","modified_gmt":"2025-02-21T16:24:57","slug":"inaugura-congreso-del-estado-jornadas-de-atencion-ciudadana-y-gestoria-para-estar-mas-cerca-de-las-y-los-michoacanos","status":"publish","type":"post","link":"https:\/\/mediagroup.mx\/index.php\/2025\/02\/20\/inaugura-congreso-del-estado-jornadas-de-atencion-ciudadana-y-gestoria-para-estar-mas-cerca-de-las-y-los-michoacanos\/","title":{"rendered":"Inaugura Congreso del Estado Jornadas de Atenci\u00f3n Ciudadana y Gestor\u00eda, para estar m\u00e1s cerca de las y los michoacanos"},"content":{"rendered":"<p>Morelia, Michoac\u00e1n, a 20 de febrero del 2025.- Con la premisa de ser un Poder cercano a la gente, que contribuya al desarrollo social, educativo, jur\u00eddico, a la salud de las y los michoacanos, as\u00ed como a la gesti\u00f3n con diversas instituciones p\u00fablicas, el Congreso del Estado, a trav\u00e9s de la coordinaci\u00f3n de Atenci\u00f3n Ciudadana y Gestor\u00eda, instal\u00f3 diversos m\u00f3dulos en el marco de las \u201cJornadas de Atenci\u00f3n Ciudadana y Gestor\u00eda\u201d.<\/p>\n<p>En la inauguraci\u00f3n de estas jornadas, el diputado Juan Antonio Maga\u00f1a de la Mora, presidente de la Mesa Directiva del Congreso del Estado, aplaudi\u00f3 el trabajo de la coordinaci\u00f3n de Atenci\u00f3n Ciudadana y Gestor\u00eda, y destac\u00f3 la importancia de que diversas instituciones p\u00fablicas y privadas hayan atendido esta invitaci\u00f3n para ofertar apoyos a las y los michoacanos.<\/p>\n<p>El diputado Maga\u00f1a de la Mora, dijo que \u201cesto es el reflejo del compromiso que tiene esta 76 Legislatura para apoyar a las y los michoacanos y estar cerca de ellos; nuestro compromiso sigue firme con Michoac\u00e1n e impulsaremos este tipo de actividades para que cada vez sean m\u00e1s y de mayor impacto\u201d, asever\u00f3.<\/p>\n<p>En su participaci\u00f3n, la diputada Brisa Ireri Arroyo Mart\u00ednez, presidenta del comit\u00e9 de Atenci\u00f3n Ciudadana y Gestor\u00eda, se\u00f1al\u00f3 que \u201choy con este acto de gran trascendencia, se cristalizan los esfuerzos que se han hecho en esta 76 legislatura por brindar la atenci\u00f3n directa a la ciudadan\u00eda, estas jornadas son para las y los michoacanos y pedimos a las y los diputados que nos ayuden como voceros para difundir esta actividad\u201d, agreg\u00f3.<\/p>\n<p>Por su parte, la diputada Sandra Arreola Ru\u00edz, coordinadora del Grupo Parlamentario del Partido Verde, manifest\u00f3 que este tipo de actividades son fundamentales para que la ciudadan\u00eda se acerque y conozca los diferentes programas y apoyos que hay en el Poder Legislativo, as\u00ed como en el Gobierno del Estado.<\/p>\n<p>En su intervenci\u00f3n, la diputada Grecia Aguilar Mercado, diputada de Movimiento Ciudadano, asegur\u00f3 que este tipo de jornadas son muy enriquecedoras para toda la ciudadan\u00eda, para que quienes tengan alguna situaci\u00f3n o requieran de alg\u00fan apoyo puedan acercarse todos los jueves al Congreso del Estado.<\/p>\n<p>Al respecto, el diputado Abraham Espinoza Villa, presidente de la Comisi\u00f3n de Salud y Asistencia Social, indic\u00f3 que \u201cesta iniciativa es fundamental para quienes tengan alg\u00fan tema de salud, desde la comisi\u00f3n que presido, reiteramos el compromiso con la salud de las y los michoacanos y estaremos a la orden para apoyar estas jornadas\u201d, asever\u00f3.<\/p>\n<p>En estas jornadas se instalaron m\u00f3dulos de: Asistencia social; asesor\u00eda jur\u00eddica; gesti\u00f3n ante las dependencias; de Si Financia, de la Secretar\u00eda de Desarrollo Econ\u00f3mico de Michoac\u00e1n; del Instituto de Educaci\u00f3n Media Superior y Superior; del Sistema DIF Michoac\u00e1n; y del Hospital de Lentes, empresa privada que ofrece estudios de la vista gratuitos y lentes a bajo costo.<\/p>\n<p><img loading=\"lazy\" decoding=\"async\" class=\"alignnone size-medium wp-image-62930\" src=\"https:\/\/mediagroup.mx\/wp-content\/uploads\/2025\/02\/WhatsApp-Image-2025-02-20-at-1.17.12-PM-300x200.jpeg\" alt=\"\" width=\"300\" height=\"200\" srcset=\"https:\/\/mediagroup.mx\/wp-content\/uploads\/2025\/02\/WhatsApp-Image-2025-02-20-at-1.17.12-PM-300x200.jpeg 300w, https:\/\/mediagroup.mx\/wp-content\/uploads\/2025\/02\/WhatsApp-Image-2025-02-20-at-1.17.12-PM-1024x682.jpeg 1024w, https:\/\/mediagroup.mx\/wp-content\/uploads\/2025\/02\/WhatsApp-Image-2025-02-20-at-1.17.12-PM-768x512.jpeg 768w, https:\/\/mediagroup.mx\/wp-content\/uploads\/2025\/02\/WhatsApp-Image-2025-02-20-at-1.17.12-PM-150x100.jpeg 150w, https:\/\/mediagroup.mx\/wp-content\/uploads\/2025\/02\/WhatsApp-Image-2025-02-20-at-1.17.12-PM-696x464.jpeg 696w, https:\/\/mediagroup.mx\/wp-content\/uploads\/2025\/02\/WhatsApp-Image-2025-02-20-at-1.17.12-PM-1068x712.jpeg 1068w, https:\/\/mediagroup.mx\/wp-content\/uploads\/2025\/02\/WhatsApp-Image-2025-02-20-at-1.17.12-PM.jpeg 1280w\" sizes=\"auto, (max-width: 300px) 100vw, 300px\" \/><\/p>\n","protected":false},"excerpt":{"rendered":"<p>Morelia, Michoac\u00e1n, a 20 de febrero del 2025.- Con la premisa de ser un Poder cercano a la gente, que contribuya al desarrollo social, educativo, jur\u00eddico, a la salud de las y los michoacanos, as\u00ed como a la gesti\u00f3n con diversas instituciones p\u00fablicas, el Congreso del Estado, a trav\u00e9s de la coordinaci\u00f3n de Atenci\u00f3n Ciudadana [&hellip;]<\/p>\n","protected":false},"author":2,"featured_media":62930,"comment_status":"closed","ping_status":"closed","sticky":false,"template":"","format":"standard","meta":{"om_disable_all_campaigns":false,"_monsterinsights_skip_tracking":false,"_monsterinsights_sitenote_active":false,"_monsterinsights_sitenote_note":"","_monsterinsights_sitenote_category":0,"_uf_show_specific_survey":0,"_uf_disable_surveys":false,"_jetpack_memberships_contains_paid_content":false,"footnotes":"","jetpack_publicize_message":"Inaugura Congreso del Estado Jornadas de Atenci\u00f3n Ciudadana y Gestor\u00eda, para estar m\u00e1s cerca de las y los michoacanos","jetpack_publicize_feature_enabled":true,"jetpack_social_post_already_shared":true,"jetpack_social_options":{"image_generator_settings":{"template":"highway","default_image_id":0,"enabled":false},"version":2}},"categories":[15,63],"tags":[],"class_list":{"0":"post-62929","1":"post","2":"type-post","3":"status-publish","4":"format-standard","5":"has-post-thumbnail","7":"category-michoacan","8":"category-politica"},"aioseo_notices":[],"jetpack_publicize_connections":[],"jetpack_featured_media_url":"https:\/\/mediagroup.mx\/wp-content\/uploads\/2025\/02\/WhatsApp-Image-2025-02-20-at-1.17.12-PM.jpeg","jetpack_sharing_enabled":true,"_links":{"self":[{"href":"https:\/\/mediagroup.mx\/index.php\/wp-json\/wp\/v2\/posts\/62929","targetHints":{"allow":["GET"]}}],"collection":[{"href":"https:\/\/mediagroup.mx\/index.php\/wp-json\/wp\/v2\/posts"}],"about":[{"href":"https:\/\/mediagroup.mx\/index.php\/wp-json\/wp\/v2\/types\/post"}],"author":[{"embeddable":true,"href":"https:\/\/mediagroup.mx\/index.php\/wp-json\/wp\/v2\/users\/2"}],"replies":[{"embeddable":true,"href":"https:\/\/mediagroup.mx\/index.php\/wp-json\/wp\/v2\/comments?post=62929"}],"version-history":[{"count":1,"href":"https:\/\/mediagroup.mx\/index.php\/wp-json\/wp\/v2\/posts\/62929\/revisions"}],"predecessor-version":[{"id":62931,"href":"https:\/\/mediagroup.mx\/index.php\/wp-json\/wp\/v2\/posts\/62929\/revisions\/62931"}],"wp:featuredmedia":[{"embeddable":true,"href":"https:\/\/mediagroup.mx\/index.php\/wp-json\/wp\/v2\/media\/62930"}],"wp:attachment":[{"href":"https:\/\/mediagroup.mx\/index.php\/wp-json\/wp\/v2\/media?parent=62929"}],"wp:term":[{"taxonomy":"category","embeddable":true,"href":"https:\/\/mediagroup.mx\/index.php\/wp-json\/wp\/v2\/categories?post=62929"},{"taxonomy":"post_tag","embeddable":true,"href":"https:\/\/mediagroup.mx\/index.php\/wp-json\/wp\/v2\/tags?post=62929"}],"curies":[{"name":"wp","href":"https:\/\/api.w.org\/{rel}","templated":true}]}}