{"id":63206,"date":"2025-02-27T11:19:55","date_gmt":"2025-02-27T17:19:55","guid":{"rendered":"https:\/\/mediagroup.mx\/?p=63206"},"modified":"2025-02-27T11:19:55","modified_gmt":"2025-02-27T17:19:55","slug":"llama-xochitl-ruiz-a-respaldar-a-la-cruz-roja-en-colecta-nacional-2025","status":"publish","type":"post","link":"https:\/\/mediagroup.mx\/index.php\/2025\/02\/27\/llama-xochitl-ruiz-a-respaldar-a-la-cruz-roja-en-colecta-nacional-2025\/","title":{"rendered":"Llama X\u00f3chitl Ruiz a respaldar a la Cruz Roja en Colecta Nacional 2025"},"content":{"rendered":"<p>Es necesario respaldar y aportar a las instituciones que siempre est\u00e1n para apoyar y salvar vidas, afirm\u00f3 la diputada X\u00f3chitl Ruiz Gonz\u00e1lez, presidenta de la Comisi\u00f3n de Derechos Humanos en la LXXVI Legislatura Local, tras destacar la labor de la Cruz Roja Mexicana en el arranque de la Colecta Nacional 2025, que se llev\u00f3 a cabo en la ciudad de Morelia.<\/p>\n<p>La diputada del Grupo Parlamentario del Partido Verde Ecologista de M\u00e9xico (PVEM) resalt\u00f3 la importancia de la Cruz Roja en la sociedad y su compromiso con la protecci\u00f3n de la vida y la salud.<\/p>\n<p>\u00abLa Cruz Roja es una instituci\u00f3n fundamental en nuestra sociedad, y es importante que sigamos apoy\u00e1ndola para que pueda seguir salvando vidas\u00bb, dijo.<\/p>\n<p>Durante el evento, la diputada record\u00f3 que en diciembre pasado, el Congreso del Estado aprob\u00f3 su propuesta para destinar una parte del refrendo anual de veh\u00edculos que recauda el gobierno estatal, con el fin de dotar a la Cruz Roja con mayores recursos.<\/p>\n<p>La Cruz Roja en Morelia necesita del apoyo de todos para seguir con su labor humanitaria. Se puede ayudar a trav\u00e9s de donaciones, voluntariado o simplemente compartiendo informaci\u00f3n. \u00abCada granito de arena suma, y juntos podemos hacer una gran diferencia\u00bb, dijo la diputada.<\/p>\n<p>La Colecta Nacional 2025 tiene como objetivo recaudar fondos para apoyar la labor de la Cruz Roja en todo el pa\u00eds. La diputada X\u00f3chitl Ruiz hizo un llamado a la ciudadan\u00eda para que se sume a esta causa y apoye a la Cruz Roja en su labor humanitaria.<\/p>\n<p><img loading=\"lazy\" decoding=\"async\" class=\"alignnone size-medium wp-image-63207\" src=\"https:\/\/mediagroup.mx\/wp-content\/uploads\/2025\/02\/WhatsApp-Image-2025-02-27-at-9.35.25-AM-1-241x300.jpeg\" alt=\"\" width=\"241\" height=\"300\" srcset=\"https:\/\/mediagroup.mx\/wp-content\/uploads\/2025\/02\/WhatsApp-Image-2025-02-27-at-9.35.25-AM-1-241x300.jpeg 241w, https:\/\/mediagroup.mx\/wp-content\/uploads\/2025\/02\/WhatsApp-Image-2025-02-27-at-9.35.25-AM-1-822x1024.jpeg 822w, https:\/\/mediagroup.mx\/wp-content\/uploads\/2025\/02\/WhatsApp-Image-2025-02-27-at-9.35.25-AM-1-768x956.jpeg 768w, https:\/\/mediagroup.mx\/wp-content\/uploads\/2025\/02\/WhatsApp-Image-2025-02-27-at-9.35.25-AM-1-150x187.jpeg 150w, https:\/\/mediagroup.mx\/wp-content\/uploads\/2025\/02\/WhatsApp-Image-2025-02-27-at-9.35.25-AM-1-300x374.jpeg 300w, https:\/\/mediagroup.mx\/wp-content\/uploads\/2025\/02\/WhatsApp-Image-2025-02-27-at-9.35.25-AM-1-696x867.jpeg 696w, https:\/\/mediagroup.mx\/wp-content\/uploads\/2025\/02\/WhatsApp-Image-2025-02-27-at-9.35.25-AM-1-1068x1330.jpeg 1068w, https:\/\/mediagroup.mx\/wp-content\/uploads\/2025\/02\/WhatsApp-Image-2025-02-27-at-9.35.25-AM-1.jpeg 1200w\" sizes=\"auto, (max-width: 241px) 100vw, 241px\" \/><\/p>\n","protected":false},"excerpt":{"rendered":"<p>Es necesario respaldar y aportar a las instituciones que siempre est\u00e1n para apoyar y salvar vidas, afirm\u00f3 la diputada X\u00f3chitl Ruiz Gonz\u00e1lez, presidenta de la Comisi\u00f3n de Derechos Humanos en la LXXVI Legislatura Local, tras destacar la labor de la Cruz Roja Mexicana en el arranque de la Colecta Nacional 2025, que se llev\u00f3 a [&hellip;]<\/p>\n","protected":false},"author":2,"featured_media":63207,"comment_status":"closed","ping_status":"closed","sticky":false,"template":"","format":"standard","meta":{"om_disable_all_campaigns":false,"_monsterinsights_skip_tracking":false,"_monsterinsights_sitenote_active":false,"_monsterinsights_sitenote_note":"","_monsterinsights_sitenote_category":0,"_uf_show_specific_survey":0,"_uf_disable_surveys":false,"_jetpack_memberships_contains_paid_content":false,"footnotes":"","jetpack_publicize_message":"Llama X\u00f3chitl Ruiz a respaldar a la Cruz Roja en Colecta Nacional 2025","jetpack_publicize_feature_enabled":true,"jetpack_social_post_already_shared":true,"jetpack_social_options":{"image_generator_settings":{"template":"highway","default_image_id":0,"enabled":false},"version":2}},"categories":[15,63],"tags":[],"class_list":{"0":"post-63206","1":"post","2":"type-post","3":"status-publish","4":"format-standard","5":"has-post-thumbnail","7":"category-michoacan","8":"category-politica"},"aioseo_notices":[],"jetpack_publicize_connections":[],"jetpack_featured_media_url":"https:\/\/mediagroup.mx\/wp-content\/uploads\/2025\/02\/WhatsApp-Image-2025-02-27-at-9.35.25-AM-1.jpeg","jetpack_sharing_enabled":true,"_links":{"self":[{"href":"https:\/\/mediagroup.mx\/index.php\/wp-json\/wp\/v2\/posts\/63206","targetHints":{"allow":["GET"]}}],"collection":[{"href":"https:\/\/mediagroup.mx\/index.php\/wp-json\/wp\/v2\/posts"}],"about":[{"href":"https:\/\/mediagroup.mx\/index.php\/wp-json\/wp\/v2\/types\/post"}],"author":[{"embeddable":true,"href":"https:\/\/mediagroup.mx\/index.php\/wp-json\/wp\/v2\/users\/2"}],"replies":[{"embeddable":true,"href":"https:\/\/mediagroup.mx\/index.php\/wp-json\/wp\/v2\/comments?post=63206"}],"version-history":[{"count":1,"href":"https:\/\/mediagroup.mx\/index.php\/wp-json\/wp\/v2\/posts\/63206\/revisions"}],"predecessor-version":[{"id":63208,"href":"https:\/\/mediagroup.mx\/index.php\/wp-json\/wp\/v2\/posts\/63206\/revisions\/63208"}],"wp:featuredmedia":[{"embeddable":true,"href":"https:\/\/mediagroup.mx\/index.php\/wp-json\/wp\/v2\/media\/63207"}],"wp:attachment":[{"href":"https:\/\/mediagroup.mx\/index.php\/wp-json\/wp\/v2\/media?parent=63206"}],"wp:term":[{"taxonomy":"category","embeddable":true,"href":"https:\/\/mediagroup.mx\/index.php\/wp-json\/wp\/v2\/categories?post=63206"},{"taxonomy":"post_tag","embeddable":true,"href":"https:\/\/mediagroup.mx\/index.php\/wp-json\/wp\/v2\/tags?post=63206"}],"curies":[{"name":"wp","href":"https:\/\/api.w.org\/{rel}","templated":true}]}}