{"id":63228,"date":"2025-02-27T15:58:23","date_gmt":"2025-02-27T21:58:23","guid":{"rendered":"https:\/\/mediagroup.mx\/?p=63228"},"modified":"2025-02-27T15:58:23","modified_gmt":"2025-02-27T21:58:23","slug":"mexico-extradita-a-29-narcotraficantes-a-estados-unidos-entre-ellos-caro-quintero-y-los-lideres-de-los-zetas","status":"publish","type":"post","link":"https:\/\/mediagroup.mx\/index.php\/2025\/02\/27\/mexico-extradita-a-29-narcotraficantes-a-estados-unidos-entre-ellos-caro-quintero-y-los-lideres-de-los-zetas\/","title":{"rendered":"M\u00e9xico extradita a 29 narcotraficantes a Estados Unidos, entre ellos Caro Quintero y los l\u00edderes de Los Zetas"},"content":{"rendered":"<p style=\"text-align: justify;\">M\u00e9xico ha extraditado este jueves a Estados Unidos a 29 narcotraficantes que se encontraban en distintas c\u00e1rceles del pa\u00eds, seg\u00fan ha informado la Fiscal\u00eda. Entre los primeros nombres que diversas fuentes han confirmado a EL PA\u00cdS se encuentran el hist\u00f3rico capo\u00a0<a href=\"https:\/\/elpais.com\/mexico\/2022-07-17\/caro-quintero-el-viejo-capo-que-revoluciono-el-mundo-de-la-marihuana.html\" data-link-track-dtm=\"\" data-mrf-link=\"https:\/\/elpais.com\/mexico\/2022-07-17\/caro-quintero-el-viejo-capo-que-revoluciono-el-mundo-de-la-marihuana.html\">Rafael Caro Quintero<\/a>, l\u00edder del Cartel de Guadalajara reclamado por Estados Unidos desde hace d\u00e9cadas por el asesinato de un agente de la DEA; los antiguos l\u00edderes del cartel de Los Zetas, Miguel \u00c1ngel y Omar Trevi\u00f1o Morales, conocidos como\u00a0<a href=\"https:\/\/elpais.com\/mexico\/2024-10-18\/estados-unidos-pisa-el-acelerador-contra-el-z-40-y-el-z-42-lideres-del-sanguinario-cartel-de-los-zetas.html\" data-link-track-dtm=\"\" data-mrf-link=\"https:\/\/elpais.com\/mexico\/2024-10-18\/estados-unidos-pisa-el-acelerador-contra-el-z-40-y-el-z-42-lideres-del-sanguinario-cartel-de-los-zetas.html\">Z-40 y Z-42<\/a>, y Jos\u00e9 \u00c1ngel Canobbio, alias El G\u00fcerito, uno de los m\u00e1ximos art\u00edfices de la distribuci\u00f3n de fentanilo en el Cartel de Sinaloa y lugarteniente de Los Chapitos, la facci\u00f3n de los hijos de\u00a0<i>El Chapo<\/i>\u00a0Guzm\u00e1n.<\/p>\n<p style=\"text-align: justify;\">Este operativo masivo de extradiciones, sin precedentes en la historia reciente del pa\u00eds, ocurre en medio de la negociaci\u00f3n entre M\u00e9xico y Estados Unidos, por la intenci\u00f3n del vecino del norte de aplicar un arancel del 25% a las exportaciones mexicanas. Desde que inici\u00f3 su mandato, el 20 de enero, el presidente de EE UU, Donald Trump, ha amagado varias veces con gravar la entrada de productos mexicanos al pa\u00eds, amenaza que basa en el incesante tr\u00e1fico de drogas al norte de la frontera, principalmente fentanilo, y al flujo migratorio que llega a los estados sure\u00f1os. Este mismo jueves, el mandatario reiter\u00f3 que los aranceles\u00a0<a href=\"https:\/\/elpais.com\/internacional\/2025-02-27\/trump-dice-ahora-que-los-aranceles-a-mexico-y-canada-entraran-en-vigor-la-semana-proxima.html\" data-link-track-dtm=\"\" data-mrf-link=\"https:\/\/elpais.com\/internacional\/2025-02-27\/trump-dice-ahora-que-los-aranceles-a-mexico-y-canada-entraran-en-vigor-la-semana-proxima.html\">empezar\u00e1n a aplicarse a partir del 4 de marzo<\/a>, despu\u00e9s de una moratoria de un mes.<\/p>\n<p class=\"\" style=\"text-align: justify;\">Es dif\u00edcil saber si el impuesto entrar\u00e1 en vigor en la fecha que ha anunciado Trump. El Gobierno mexicano ha hecho todo lo posible por llegar a un acuerdo y conjurar la amenaza de las tarifas. El intercambio comercial entre ambos pa\u00edses supera los 800.000 millones de d\u00f3lares al a\u00f1o. El anuncio del enorme n\u00famero de extradiciones se da en el marco de una reuni\u00f3n en Washington entre altos funcionarios del Gabinete de Seguridad de M\u00e9xico y el Secretario de Estado de EE UU, Marco Rubio.<\/p>\n<p class=\"\" style=\"text-align: justify;\">La\u00a0<a href=\"https:\/\/elpais.com\/mexico\/2025-02-26\/el-gabinete-de-seguridad-toma-el-liderazgo-en-las-negociaciones-con-washington-para-frenar-los-aranceles-de-trump.html\" data-link-track-dtm=\"\" data-mrf-link=\"https:\/\/elpais.com\/mexico\/2025-02-26\/el-gabinete-de-seguridad-toma-el-liderazgo-en-las-negociaciones-con-washington-para-frenar-los-aranceles-de-trump.html\">delegaci\u00f3n mexicana lleva a la mesa de negociaci\u00f3n<\/a>\u00a0los resultados de la estrategia implementada por la Administraci\u00f3n de Claudia Sheinbaum en materia de seguridad. Desde octubre del a\u00f1o pasado, mes en que Sheinbaum tom\u00f3 posesi\u00f3n del cargo, el Ej\u00e9rcito, la Marina, la Guardia Nacional y la Fiscal\u00eda han capturado a m\u00e1s de 13.000 personas por delitos de alto impacto, asegurado m\u00e1s de 6.500 armas de fuego y decomisado 1,2 toneladas y 1,3 millones de pastillas de fentanilo.<\/p>\n<h3 class=\"\" style=\"text-align: justify;\">Las deudas de Caro Quintero<\/h3>\n<p class=\"\" style=\"text-align: justify;\">De la nueva tanda de extraditados destaca Rafael Caro Quintero,\u00a0<i>El Narco de Narcos<\/i>, recapturado en julio de 2022. El hist\u00f3rico capo es requerido en EE UU por\u00a0<a href=\"https:\/\/elpais.com\/mexico\/2020-12-02\/la-dea-no-olvida-la-caza-a-caro-quintero-35-anos-despues.html\" data-link-track-dtm=\"\" data-mrf-link=\"https:\/\/elpais.com\/mexico\/2020-12-02\/la-dea-no-olvida-la-caza-a-caro-quintero-35-anos-despues.html\">el asesinato del agente de la DEA Enrique Kiki Camarena<\/a>, en la d\u00e9cada de 1980. Estuvo una primera vez en prisi\u00f3n en 1985 por ese crimen, y fue liberado en 2013 en una escandalosa decisi\u00f3n judicial, cuando le faltaban por cumplir 12 a\u00f1os de condena. Estados Unidos asumi\u00f3 el homicidio del agente de la DEA como una profunda afrenta que nunca olvid\u00f3, y durante a\u00f1os presion\u00f3 a M\u00e9xico para que le recapturase y le extraditase para juzgarlo principalmente por ese crimen.<\/p>\n<p class=\"\" style=\"text-align: justify;\">El hist\u00f3rico capo fue detenido en la sierra de Sinaloa en un operativo encabezado por la Marina, en el que el Gobierno mexicano alarde\u00f3 de que no se hizo un solo disparo. No obstante, poco despu\u00e9s de darse a conocer la noticia de su captura, un helic\u00f3ptero de la Marina con 15 soldados que hab\u00edan participado en el operativo se desplom\u00f3 en la costa de Sinaloa, a la altura de Los Mochis.\u00a0<a href=\"https:\/\/elpais.com\/internacional\/2022-07-16\/mueren-14-marinos-en-el-operativo-de-captura-de-caro-quintero-al-caerse-el-helicoptero-en-el-que-viajaban.html\" data-link-track-dtm=\"\" data-mrf-link=\"https:\/\/elpais.com\/internacional\/2022-07-16\/mueren-14-marinos-en-el-operativo-de-captura-de-caro-quintero-al-caerse-el-helicoptero-en-el-que-viajaban.html\">Fallecieron 14 marinos<\/a>. Las causas del posible accidente, misteriosas al inicio, propiciaron que la Fiscal\u00eda abriese una investigaci\u00f3n para esclarecer lo sucedido.<\/p>\n<p class=\"\" style=\"text-align: justify;\">Adem\u00e1s de las deudas hist\u00f3ricas por el asesinato de Camarena, Caro Quintero tiene al menos otras tres causas judiciales abiertas en Texas, Arizona y Nueva York por narcotr\u00e1fico. Aunque tras su detenci\u00f3n en 2022 se inici\u00f3 un juicio de extradici\u00f3n en su contra, el proceso se empantan\u00f3 por meses debido a los amparos y otros recursos legales promovidos por sus abogados ante los tribunales mexicanos.<\/p>\n<h3 class=\"\" style=\"text-align: justify;\">Los hermanos zetas<\/h3>\n<p class=\"\" style=\"text-align: justify;\">Entre los extraditados destacan tambi\u00e9n los l\u00edderes del sanguinario y atomizado cartel de los Zetas. Nacido como un grupo de militares desertores, contratados como guardaespaldas del viejo l\u00edder del Cartel del Golfo, Osiel C\u00e1rdenas. Los Zetas se independizaron a la detenci\u00f3n de este \u00faltimo, en los primeros a\u00f1os de los 2000. Para entonces, los hermanos Trevi\u00f1o Morales, civiles ambos, apenas sal\u00edan del cascar\u00f3n delincuencial. Hab\u00edan formado parte de bandas criminales de Nuevo Laredo, en Tamaulipas. Pero fue con Los Zetas cuando crecieron y crecieron, hasta su captura. El Z-40 cay\u00f3 en 2013 y su hermano, el Z-42, al a\u00f1o siguiente.<\/p>\n<p class=\"\" style=\"text-align: justify;\">Mientras estuvieron libres, sobre todo en la primera d\u00e9cada de siglo, Omar y Miguel \u00c1ngel Trevi\u00f1o se elevaron al olimpo del mundo criminal mexicano. Bajo su mando, Los Zetas inauguraron nuevos rubros delincuenciales en el pa\u00eds, m\u00e1s all\u00e1 del narcotr\u00e1fico, ninguno tan lucrativo como la extorsi\u00f3n. Su ascenso durante los a\u00f1os del presidente Felipe Calder\u00f3n (2006-2012) orill\u00f3 al Gobierno a enfrentarlos a sangre y fuego, como ha explicado varias veces el jefe de inteligencia de su Gobierno, Guillermo Vald\u00e9s. Durante los \u00faltimos a\u00f1os del mandato de Calder\u00f3n, los enfrentamientos entre el Ej\u00e9rcito y los grupos criminales de Tamaulipas, principalmente Los Zetas y el Cartel del Golfo, elevaron la violencia a picos hist\u00f3ricos.<\/p>\n<p class=\"\" style=\"text-align: justify;\">Las batallas de Los Zetas con otros grupos criminales en Tamaulipas, Michoac\u00e1n o Veracruz elevaron el tono del horror en M\u00e9xico, con masacres, cuerpos desmembrados expuestos a la sociedad, cad\u00e1veres deshechos en \u00e1cido&#8230; En otras regiones, como el norte de Coahuila, donde su control era total, usaron la violencia extrema como forma de sometimiento. Investigaciones como\u00a0<i>El Yugo Zeta<\/i>, de El Colegio de M\u00e9xico, detallan masacres y ejecuciones masivas en municipios como Allende y Piedras Negras.<\/p>\n<p class=\"\" style=\"text-align: justify;\">El caso Allende ilustra perfectamente su crueldad. Seg\u00fan desvelaron investigaciones period\u00edsticas, principalmente de la reportera Ginger Thompson, en Propublica, los hermanos Trevi\u00f1o lanzaron una cacer\u00eda de traidores en Allende, en 2011, despu\u00e9s de que un antiguo socio entregara sus n\u00fameros de tel\u00e9fono a autoridades de Estados Unidos. Los Trevi\u00f1o supieron de esta traici\u00f3n despu\u00e9s de que los estadounidenses entregaran los datos a sus pares en la Polic\u00eda Federal mexicana, informaci\u00f3n que lleg\u00f3 a o\u00eddos de los hermanos. Nunca se supo cu\u00e1nta gente muri\u00f3 asesinada o desapareci\u00f3 en Allende, pero las cuentas realizadas a la fecha superan los 300.<\/p>\n<p class=\"\" style=\"text-align: justify;\">Desde hace m\u00e1s de una d\u00e9cada, Washington ha pedido la extradici\u00f3n de los hermanos Trevi\u00f1o, a los que busca juzgar por tr\u00e1fico de drogas a territorio estadounidense \u2014principalmente coca\u00edna\u2014, blanqueo de dinero y asesinato. Sin embargo, el traslado de los jefes Zetas se hab\u00eda atascado en los tribunales mexicanos, en gran medida debido a que la defensa de\u00a0<a href=\"https:\/\/elpais.com\/internacional\/2013\/07\/20\/actualidad\/1374353027_865248.html\" data-link-track-dtm=\"\" data-mrf-link=\"https:\/\/elpais.com\/internacional\/2013\/07\/20\/actualidad\/1374353027_865248.html\">Miguel Trevi\u00f1o<\/a>\u00a0ha alegado que su cliente es un hom\u00f3nimo que estaba siendo asociado al alias de Z-40 por error de las autoridades. Miguel Trevi\u00f1o sigui\u00f3 en prisi\u00f3n por otras dos causas pendientes de resoluci\u00f3n relacionadas con los delitos de portaci\u00f3n de armas y fomento al narcotr\u00e1fico. La defensa de Omar Trevi\u00f1o Morales, Z-42, sigui\u00f3 la misma estrategia que la de Z-40.<\/p>\n<p class=\"\" style=\"text-align: justify;\">En julio del a\u00f1o pasado, el Departamento de Justicia estadounidense hizo p\u00fablica una acusaci\u00f3n contra los Trevi\u00f1o en la que aseguraba que los hermanos han seguido controlando el c\u00e1rtel desde prisi\u00f3n, luego de \u201cinstalar a varios miembros de su familia para dirigir las operaciones en su nombre\u201d. El documento agregaba que Z-40 y Z-42, entonces de 51 y 48 a\u00f1os, son responsables de \u201cinnumerables actos de violencia, incluyendo asesinatos, asaltos, secuestros y tortura\u201d. Se\u00f1ala que de 2003 a la fecha los capos han traficado en M\u00e9xico, Guatemala, Venezuela, Colombia y Estados Unidos 45 toneladas de coca\u00edna, y que en un plazo de un a\u00f1o obtienen ganancias de 10 millones de d\u00f3lares. Tan solo a EE UU han ingresado al menos 14 toneladas de coca\u00edna, de acuerdo con la acusaci\u00f3n.<\/p>\n<h3 class=\"\" style=\"text-align: justify;\">Extradiciones prioritarias<\/h3>\n<p class=\"\" style=\"text-align: justify;\">Por su parte, El G\u00fcerito, considerado uno de los hombres de mayor confianza de Iv\u00e1n Archivaldo Guzm\u00e1n, jefe de Los Chapitos e hijo de Joaqu\u00edn\u00a0<i>El Chapo<\/i>\u00a0Guzm\u00e1n, fue capturado en Culiac\u00e1n, capital de Sinaloa, hace apenas dos semanas en un operativo de fuerzas federales por mar y tierra. Su detenci\u00f3n, sumada a las de otros l\u00edderes criminales cercanos a Archivaldo Guzm\u00e1n, estaba prevista como parte de la estrategia de seguridad de la Administraci\u00f3n de Sheinbaum centrada en los \u00faltimos meses en Sinaloa, Estado del Pac\u00edfico mexicano donde se\u00a0<a href=\"https:\/\/elpais.com\/mexico\/2025-02-23\/sinaloa-inundada-de-fentanilo-mexico-golpea-a-los-chapitos-en-el-bastion-de-la-droga-que-parte-a-estados-unidos.html\" data-link-track-dtm=\"\" data-mrf-link=\"https:\/\/elpais.com\/mexico\/2025-02-23\/sinaloa-inundada-de-fentanilo-mexico-golpea-a-los-chapitos-en-el-bastion-de-la-droga-que-parte-a-estados-unidos.html\">producen enormes cantidades del fentanilo que se trafica a EE UU<\/a>\u00a0y que durante los \u00faltimos seis meses ha estado sumido en una ola de violencia causada por la guerra intestina entre Los Chapitos y La Mayiza, las facciones del Cartel de Sinaloa.<\/p>\n<p class=\"\" style=\"text-align: justify;\">En 2022, documentos del Ej\u00e9rcito\u00a0<i>hackeados\u00a0<\/i>por Guacamaya revel\u00f3 que exist\u00eda una lista prioritaria de extradiciones de alto perfil requeridas por Washington a M\u00e9xico como parte del Entendimiento Bicentenario, el acuerdo bilateral en materia de seguridad suscrito entonces por los Gobiernos de Joe Biden y Andr\u00e9s Manuel L\u00f3pez Obrador. El listado pon\u00eda a la cabeza a Caro Quintero; los hermanos Trevi\u00f1o Morales, y Abigael Gonz\u00e1lez Valencia, alias\u00a0<i>El Cuini<\/i>, mano derecha y cu\u00f1ado del fundador del Cartel de Jalisco Nueva Generaci\u00f3n (CJNG),\u00a0<a href=\"https:\/\/elpais.com\/internacional\/2020-03-12\/nemesio-oseguera-el-nuevo-chapo.html\" data-link-track-dtm=\"\" data-mrf-link=\"https:\/\/elpais.com\/internacional\/2020-03-12\/nemesio-oseguera-el-nuevo-chapo.html\">Nemesio Oseguera Cervantes,\u00a0<i>El Mencho<\/i><\/a><i>.<\/i><\/p>\n<p class=\"\" style=\"text-align: justify;\">Los papeles revelados demostraban que EE UU tambi\u00e9n puso cifra al n\u00famero de extradiciones que exig\u00eda a las autoridades mexicanas en aquel momento: \u201cDevolver las extradiciones generales al promedio hist\u00f3rico de 60 por a\u00f1o en 2022\u201d. Otro de los objetivos en el listado era identificado solo como \u201cVillarreal\u201d, posiblemente en referencia a\u00a0<a href=\"https:\/\/elpais.com\/mexico\/2020-10-14\/ee-uu-incluye-a-un-nuevo-capo-mexicano-en-la-lista-de-los-10-fugitivos-mas-buscados.html\" data-link-track-dtm=\"\" data-mrf-link=\"https:\/\/elpais.com\/mexico\/2020-10-14\/ee-uu-incluye-a-un-nuevo-capo-mexicano-en-la-lista-de-los-10-fugitivos-mas-buscados.html\">Jos\u00e9 Rodolfo Villarreal Hern\u00e1ndez,\u00a0<i>El Gato<\/i><\/a>, jefe de plaza del Cartel de los Beltr\u00e1n Leyva y que lleg\u00f3 en 2020 al\u00a0<i>ranking<\/i>\u00a0de los 10 fugitivos m\u00e1s buscados del FBI (lista en la que tambi\u00e9n figuraba el nombre de Caro Quintero). El Gato fue capturado en 2023.<\/p>\n<p>V\u00eda: El Pa\u00eds<\/p>\n","protected":false},"excerpt":{"rendered":"<p>M\u00e9xico ha extraditado este jueves a Estados Unidos a 29 narcotraficantes que se encontraban en distintas c\u00e1rceles del pa\u00eds, seg\u00fan ha informado la Fiscal\u00eda. Entre los primeros nombres que diversas fuentes han confirmado a EL PA\u00cdS se encuentran el hist\u00f3rico capo\u00a0Rafael Caro Quintero, l\u00edder del Cartel de Guadalajara reclamado por Estados Unidos desde hace d\u00e9cadas [&hellip;]<\/p>\n","protected":false},"author":2,"featured_media":63229,"comment_status":"closed","ping_status":"closed","sticky":false,"template":"","format":"standard","meta":{"om_disable_all_campaigns":false,"_monsterinsights_skip_tracking":false,"_monsterinsights_sitenote_active":false,"_monsterinsights_sitenote_note":"","_monsterinsights_sitenote_category":0,"_uf_show_specific_survey":0,"_uf_disable_surveys":false,"_jetpack_memberships_contains_paid_content":false,"footnotes":"","jetpack_publicize_message":"M\u00e9xico extradita a 29 narcotraficantes a Estados Unidos, entre ellos Caro Quintero y los l\u00edderes de Los Zetas","jetpack_publicize_feature_enabled":true,"jetpack_social_post_already_shared":true,"jetpack_social_options":{"image_generator_settings":{"template":"highway","default_image_id":0,"enabled":false},"version":2}},"categories":[6,16],"tags":[],"class_list":{"0":"post-63228","1":"post","2":"type-post","3":"status-publish","4":"format-standard","5":"has-post-thumbnail","7":"category-global","8":"category-viral"},"aioseo_notices":[],"jetpack_publicize_connections":[],"jetpack_featured_media_url":"https:\/\/mediagroup.mx\/wp-content\/uploads\/2025\/02\/Captura-de-pantalla-2025-02-27-a-las-15.57.26.png","jetpack_sharing_enabled":true,"_links":{"self":[{"href":"https:\/\/mediagroup.mx\/index.php\/wp-json\/wp\/v2\/posts\/63228","targetHints":{"allow":["GET"]}}],"collection":[{"href":"https:\/\/mediagroup.mx\/index.php\/wp-json\/wp\/v2\/posts"}],"about":[{"href":"https:\/\/mediagroup.mx\/index.php\/wp-json\/wp\/v2\/types\/post"}],"author":[{"embeddable":true,"href":"https:\/\/mediagroup.mx\/index.php\/wp-json\/wp\/v2\/users\/2"}],"replies":[{"embeddable":true,"href":"https:\/\/mediagroup.mx\/index.php\/wp-json\/wp\/v2\/comments?post=63228"}],"version-history":[{"count":1,"href":"https:\/\/mediagroup.mx\/index.php\/wp-json\/wp\/v2\/posts\/63228\/revisions"}],"predecessor-version":[{"id":63230,"href":"https:\/\/mediagroup.mx\/index.php\/wp-json\/wp\/v2\/posts\/63228\/revisions\/63230"}],"wp:featuredmedia":[{"embeddable":true,"href":"https:\/\/mediagroup.mx\/index.php\/wp-json\/wp\/v2\/media\/63229"}],"wp:attachment":[{"href":"https:\/\/mediagroup.mx\/index.php\/wp-json\/wp\/v2\/media?parent=63228"}],"wp:term":[{"taxonomy":"category","embeddable":true,"href":"https:\/\/mediagroup.mx\/index.php\/wp-json\/wp\/v2\/categories?post=63228"},{"taxonomy":"post_tag","embeddable":true,"href":"https:\/\/mediagroup.mx\/index.php\/wp-json\/wp\/v2\/tags?post=63228"}],"curies":[{"name":"wp","href":"https:\/\/api.w.org\/{rel}","templated":true}]}}