{"id":63284,"date":"2025-02-27T15:28:14","date_gmt":"2025-02-27T21:28:14","guid":{"rendered":"https:\/\/mediagroup.mx\/?p=63284"},"modified":"2025-03-03T15:29:19","modified_gmt":"2025-03-03T21:29:19","slug":"consejo-universitario-aprueba-proyecto-de-ley-organica-de-la-umsnh","status":"publish","type":"post","link":"https:\/\/mediagroup.mx\/index.php\/2025\/02\/27\/consejo-universitario-aprueba-proyecto-de-ley-organica-de-la-umsnh\/","title":{"rendered":"Consejo Universitario aprueba proyecto de Ley Org\u00e1nica de la UMSNH"},"content":{"rendered":"<p>Morelia, Michoac\u00e1n, a 27 de febrero de 2025.- El Consejo Universitario aprob\u00f3 en lo general el proyecto de Ley Org\u00e1nica de la Universidad Michoacana de San Nicol\u00e1s de Hidalgo (UMSNH), que cont\u00f3 con la aportaci\u00f3n de los tres sectores nicolaitas, la cual ser\u00e1 turnada al Congreso del Estado.<\/p>\n<p>En sesi\u00f3n del m\u00e1ximo \u00f3rgano de gobierno de la instituci\u00f3n, presidida por la rectora Yarab\u00ed \u00c1vila Gonz\u00e1lez, se realiz\u00f3 el an\u00e1lisis, discusi\u00f3n y aprobaci\u00f3n de cada uno de los 46 art\u00edculos y seis transitorios que conforman el proyecto, en donde hubo una participaci\u00f3n libre y abierta por parte de las y los consejeros.<\/p>\n<p>En este marco, el secretario general, Javier Cervantes Rodr\u00edguez, present\u00f3 los resultados de la Consulta que previamente se realiz\u00f3 los d\u00edas 20, 21, 22, 23 y 24 de febrero, la cual estuvo abierta a toda la comunidad nicolaita para que pudiera compartir sus opiniones y propuestas en torno a la reforma a la Ley Org\u00e1nica.<\/p>\n<p>Al respecto, el funcionario precis\u00f3 los datos en donde se cont\u00f3 con un universo de participaci\u00f3n de 26 mil 363 personas entre docentes, administrativos y estudiantes, de las cuales, el 93.1 por ciento manifest\u00f3 estar de acuerdo con que se reformara dicha Ley, en tanto, el 6. 9 por ciento indic\u00f3 que no apoyaba la reforma.<\/p>\n<p>Posteriormente de que se presentaron los resultados de la Consulta, se analiz\u00f3 y discuti\u00f3 cada uno de los art\u00edculos y las propuestas recibidas en la Consulta por parte de los tres sectores, en torno a los cinco temas que aborda la Ley como es: Denominaci\u00f3n, naturaleza y atribuciones; Del gobierno; De la funci\u00f3n p\u00fablica universitaria; De la justicia universitaria; De las y los trabajadores\/alumnas y alumnos, as\u00ed como los art\u00edculos transitorios.<\/p>\n<p>Durante la sesi\u00f3n que inici\u00f3 desde las 13:00 horas y se extendi\u00f3 hasta pasadas las 21:00 horas, fue aprobado en lo general el proyecto de Ley Org\u00e1nica de la Universidad Michoacana, que, entre otros temas, aborda la democratizaci\u00f3n de la elecci\u00f3n del rector o rectora, al respecto se determin\u00f3 que la comunidad nicolaita podr\u00e1 participar activamente, adem\u00e1s el pleno aprob\u00f3 la eliminaci\u00f3n de la Comisi\u00f3n de Rector\u00eda para dar paso a la creaci\u00f3n de la Comisi\u00f3n Especial para la Elecci\u00f3n del Rector o Rectora. En este tema, tambi\u00e9n se aprob\u00f3 que no habr\u00e1 reelecci\u00f3n en dicho cargo.<\/p>\n<p>En el apartado referente al sistema de pensiones y jubilaciones, tras una nutrida participaci\u00f3n por parte de las consejeras y consejeros, se reiter\u00f3 que no hay ninguna afectaci\u00f3n a los derechos adquiridos por el personal docente y administrativo, en tanto para las trabajadoras y los trabajadores que causen alta y\/o ingresen a la UMSNH el d\u00eda que entre en vigor dicha Ley, tendr\u00e1n el sistema de pensiones y jubilaciones que establezca la Ley de los Sistemas de Ahorro para el Retiro.<\/p>\n<p>La reforma a la Ley Org\u00e1nica tambi\u00e9n considera temas como el de Justicia Universitaria, Derechos Humanos y lenguaje incluyente, por mencionar algunos.<\/p>\n<p><img loading=\"lazy\" decoding=\"async\" class=\"alignnone size-medium wp-image-63285\" src=\"https:\/\/mediagroup.mx\/wp-content\/uploads\/2025\/03\/WhatsApp-Image-2025-02-28-at-11.17.27-AM-1-300x200.jpeg\" alt=\"\" width=\"300\" height=\"200\" srcset=\"https:\/\/mediagroup.mx\/wp-content\/uploads\/2025\/03\/WhatsApp-Image-2025-02-28-at-11.17.27-AM-1-300x200.jpeg 300w, https:\/\/mediagroup.mx\/wp-content\/uploads\/2025\/03\/WhatsApp-Image-2025-02-28-at-11.17.27-AM-1-1024x682.jpeg 1024w, https:\/\/mediagroup.mx\/wp-content\/uploads\/2025\/03\/WhatsApp-Image-2025-02-28-at-11.17.27-AM-1-768x512.jpeg 768w, https:\/\/mediagroup.mx\/wp-content\/uploads\/2025\/03\/WhatsApp-Image-2025-02-28-at-11.17.27-AM-1-1536x1023.jpeg 1536w, https:\/\/mediagroup.mx\/wp-content\/uploads\/2025\/03\/WhatsApp-Image-2025-02-28-at-11.17.27-AM-1-150x100.jpeg 150w, https:\/\/mediagroup.mx\/wp-content\/uploads\/2025\/03\/WhatsApp-Image-2025-02-28-at-11.17.27-AM-1-696x464.jpeg 696w, https:\/\/mediagroup.mx\/wp-content\/uploads\/2025\/03\/WhatsApp-Image-2025-02-28-at-11.17.27-AM-1-1068x712.jpeg 1068w, https:\/\/mediagroup.mx\/wp-content\/uploads\/2025\/03\/WhatsApp-Image-2025-02-28-at-11.17.27-AM-1.jpeg 1600w\" sizes=\"auto, (max-width: 300px) 100vw, 300px\" \/><\/p>\n","protected":false},"excerpt":{"rendered":"<p>Morelia, Michoac\u00e1n, a 27 de febrero de 2025.- El Consejo Universitario aprob\u00f3 en lo general el proyecto de Ley Org\u00e1nica de la Universidad Michoacana de San Nicol\u00e1s de Hidalgo (UMSNH), que cont\u00f3 con la aportaci\u00f3n de los tres sectores nicolaitas, la cual ser\u00e1 turnada al Congreso del Estado. En sesi\u00f3n del m\u00e1ximo \u00f3rgano de gobierno [&hellip;]<\/p>\n","protected":false},"author":2,"featured_media":63285,"comment_status":"closed","ping_status":"closed","sticky":false,"template":"","format":"standard","meta":{"om_disable_all_campaigns":false,"_monsterinsights_skip_tracking":false,"_monsterinsights_sitenote_active":false,"_monsterinsights_sitenote_note":"","_monsterinsights_sitenote_category":0,"_uf_show_specific_survey":0,"_uf_disable_surveys":false,"_jetpack_memberships_contains_paid_content":false,"footnotes":"","jetpack_publicize_message":"Consejo Universitario aprueba proyecto de Ley Org\u00e1nica de la UMSNH\r\n\r\n\u00b7 En sesi\u00f3n presidida por la rectora, Yarab\u00ed \u00c1vila, las y los consejeros abordaron cada uno de los art\u00edculos de la Ley.\r\n\u00b7 Se presentaron los resultados de la Consulta, en donde se cont\u00f3 con una participaci\u00f3n de 26 mil 363 personas, de las cuales el 93.1 consider\u00f3 necesaria la reforma.","jetpack_publicize_feature_enabled":true,"jetpack_social_post_already_shared":true,"jetpack_social_options":{"image_generator_settings":{"template":"highway","default_image_id":0,"enabled":false},"version":2}},"categories":[22],"tags":[],"class_list":{"0":"post-63284","1":"post","2":"type-post","3":"status-publish","4":"format-standard","5":"has-post-thumbnail","7":"category-educacion"},"aioseo_notices":[],"jetpack_publicize_connections":[],"jetpack_featured_media_url":"https:\/\/mediagroup.mx\/wp-content\/uploads\/2025\/03\/WhatsApp-Image-2025-02-28-at-11.17.27-AM-1.jpeg","jetpack_sharing_enabled":true,"_links":{"self":[{"href":"https:\/\/mediagroup.mx\/index.php\/wp-json\/wp\/v2\/posts\/63284","targetHints":{"allow":["GET"]}}],"collection":[{"href":"https:\/\/mediagroup.mx\/index.php\/wp-json\/wp\/v2\/posts"}],"about":[{"href":"https:\/\/mediagroup.mx\/index.php\/wp-json\/wp\/v2\/types\/post"}],"author":[{"embeddable":true,"href":"https:\/\/mediagroup.mx\/index.php\/wp-json\/wp\/v2\/users\/2"}],"replies":[{"embeddable":true,"href":"https:\/\/mediagroup.mx\/index.php\/wp-json\/wp\/v2\/comments?post=63284"}],"version-history":[{"count":1,"href":"https:\/\/mediagroup.mx\/index.php\/wp-json\/wp\/v2\/posts\/63284\/revisions"}],"predecessor-version":[{"id":63286,"href":"https:\/\/mediagroup.mx\/index.php\/wp-json\/wp\/v2\/posts\/63284\/revisions\/63286"}],"wp:featuredmedia":[{"embeddable":true,"href":"https:\/\/mediagroup.mx\/index.php\/wp-json\/wp\/v2\/media\/63285"}],"wp:attachment":[{"href":"https:\/\/mediagroup.mx\/index.php\/wp-json\/wp\/v2\/media?parent=63284"}],"wp:term":[{"taxonomy":"category","embeddable":true,"href":"https:\/\/mediagroup.mx\/index.php\/wp-json\/wp\/v2\/categories?post=63284"},{"taxonomy":"post_tag","embeddable":true,"href":"https:\/\/mediagroup.mx\/index.php\/wp-json\/wp\/v2\/tags?post=63284"}],"curies":[{"name":"wp","href":"https:\/\/api.w.org\/{rel}","templated":true}]}}