{"id":63296,"date":"2025-02-28T10:09:27","date_gmt":"2025-02-28T16:09:27","guid":{"rendered":"https:\/\/mediagroup.mx\/?p=63296"},"modified":"2025-03-04T10:37:17","modified_gmt":"2025-03-04T16:37:17","slug":"congreso-del-estado-reforma-la-ley-para-un-mejor-manejo-de-residuos","status":"publish","type":"post","link":"https:\/\/mediagroup.mx\/index.php\/2025\/02\/28\/congreso-del-estado-reforma-la-ley-para-un-mejor-manejo-de-residuos\/","title":{"rendered":"Congreso del Estado reforma la ley para un mejor manejo de residuos"},"content":{"rendered":"<p>Morelia, Michoac\u00e1n, 28 de febrero de 2025.- Con el objeto de generar y promover una cultura y una pol\u00edtica p\u00fablica de reciclaje, as\u00ed como fomentar una responsabilidad social ambiental y promover la separaci\u00f3n de productos prioritarios, las y los integrantes de la Septuag\u00e9sima Sexta Legislatura del Congreso del estado votaron a favor de reformar los art\u00edculos 3 y 6 de la Ley para la Prevenci\u00f3n y Gesti\u00f3n Integral de Residuos en el Estado de Michoac\u00e1n de Ocampo.<\/p>\n<p>En Sesi\u00f3n Extraordinaria, el Pleno vot\u00f3 a favor del Dictamen que someti\u00f3 a su consideraci\u00f3n la Comisi\u00f3n de Desarrollo Sustentable y Medio Ambiente, sobre la iniciativa presentada por el Diputado David Mart\u00ednez Gowman en la que se incluyen a los paneles solares como productos prioritarios.<\/p>\n<p>Por lo que ahora el art\u00edculo 3 precisa que un producto prioritario es aquella sustancia u objeto que una vez transformado en residuo, por su volumen, peligrosidad o presencia de recursos aprovechables, queda sujeto a obligaciones, en conformidad a dicha ley y que aplicar\u00e1 a las categor\u00edas o subcategor\u00edas definidas para los productos: aceites lubricantes; aparatos el\u00e9ctricos y electr\u00f3nicos; bater\u00edas; envases y embalajes; e) neum\u00e1ticos; f) pilas; y g) paneles solares.<\/p>\n<p>Conforme a las reformas aprobadas, la Secretar\u00eda de Urbanismo y Medio Ambiente; deber\u00e1 formular, fomentar y conducir la pol\u00edtica de informaci\u00f3n y difusi\u00f3n en materia de generaci\u00f3n y manejo sustentable de residuos de manejo especial y de sitios contaminados; as\u00ed como del producto prioritario; as\u00ed mismo, fomentar la pol\u00edtica de separaci\u00f3n de residuos de manejo especial y del producto prioritario.<\/p>\n<p>De igual forma, deber\u00e1 establecer y promover mecanismos y acciones, tendientes a prevenir y reducir la generaci\u00f3n de residuos de manejo especial, del producto prioritario, as\u00ed como la contaminaci\u00f3n de suelos o sitios vulnerables.<\/p>\n<p>Dentro de sus atribuciones, tambi\u00e9n deber\u00e1 promover en coordinaci\u00f3n con el Gobierno Federal y las autoridades municipales correspondientes, la creaci\u00f3n de infraestructura para la gesti\u00f3n integral de residuos urbanos, de manejo especial, residuos peligrosos y del producto prioritario, con la participaci\u00f3n de los inversionistas y representantes de los sectores sociales interesados.<\/p>\n<p>Conforme al Dictamen, los paneles solares cuando pierden su vida \u00fatil, pr\u00e1cticamente en su totalidad puede ser reciclado, en un 98%; principalmente el vidrio y aluminio puede ser reutilizable; adem\u00e1s se debe tener control sobre aquellos elementos que no lo son o es muy caro su reciclaje, como la plata, el cadmio, el plomo o el silicio; sin embargo, empleando las tecnolog\u00edas adecuadas, con ese material reciclado, se podr\u00edan recuperar para producir de nuevo 2 mil millones de paneles.<\/p>\n<p><img loading=\"lazy\" decoding=\"async\" class=\"alignnone size-medium wp-image-63298\" src=\"https:\/\/mediagroup.mx\/wp-content\/uploads\/2025\/03\/WhatsApp-Image-2025-02-28-at-11.42.52-AM-300x200.jpeg\" alt=\"\" width=\"300\" height=\"200\" srcset=\"https:\/\/mediagroup.mx\/wp-content\/uploads\/2025\/03\/WhatsApp-Image-2025-02-28-at-11.42.52-AM-300x200.jpeg 300w, https:\/\/mediagroup.mx\/wp-content\/uploads\/2025\/03\/WhatsApp-Image-2025-02-28-at-11.42.52-AM-1024x682.jpeg 1024w, https:\/\/mediagroup.mx\/wp-content\/uploads\/2025\/03\/WhatsApp-Image-2025-02-28-at-11.42.52-AM-768x512.jpeg 768w, https:\/\/mediagroup.mx\/wp-content\/uploads\/2025\/03\/WhatsApp-Image-2025-02-28-at-11.42.52-AM-150x100.jpeg 150w, https:\/\/mediagroup.mx\/wp-content\/uploads\/2025\/03\/WhatsApp-Image-2025-02-28-at-11.42.52-AM-696x464.jpeg 696w, https:\/\/mediagroup.mx\/wp-content\/uploads\/2025\/03\/WhatsApp-Image-2025-02-28-at-11.42.52-AM-1068x712.jpeg 1068w, https:\/\/mediagroup.mx\/wp-content\/uploads\/2025\/03\/WhatsApp-Image-2025-02-28-at-11.42.52-AM.jpeg 1280w\" sizes=\"auto, (max-width: 300px) 100vw, 300px\" \/><\/p>\n","protected":false},"excerpt":{"rendered":"<p>Morelia, Michoac\u00e1n, 28 de febrero de 2025.- Con el objeto de generar y promover una cultura y una pol\u00edtica p\u00fablica de reciclaje, as\u00ed como fomentar una responsabilidad social ambiental y promover la separaci\u00f3n de productos prioritarios, las y los integrantes de la Septuag\u00e9sima Sexta Legislatura del Congreso del estado votaron a favor de reformar los [&hellip;]<\/p>\n","protected":false},"author":2,"featured_media":63298,"comment_status":"closed","ping_status":"closed","sticky":false,"template":"","format":"standard","meta":{"om_disable_all_campaigns":false,"_monsterinsights_skip_tracking":false,"_monsterinsights_sitenote_active":false,"_monsterinsights_sitenote_note":"","_monsterinsights_sitenote_category":0,"_uf_show_specific_survey":0,"_uf_disable_surveys":false,"_jetpack_memberships_contains_paid_content":false,"footnotes":"","jetpack_publicize_message":"Congreso del Estado reforma la ley para un mejor manejo de residuos\r\n\u2022\u2060 \u2060Paneles solares se incluyen en el marco jur\u00eddico como un producto prioritario","jetpack_publicize_feature_enabled":true,"jetpack_social_post_already_shared":true,"jetpack_social_options":{"image_generator_settings":{"template":"highway","default_image_id":0,"enabled":false},"version":2}},"categories":[15,63],"tags":[],"class_list":{"0":"post-63296","1":"post","2":"type-post","3":"status-publish","4":"format-standard","5":"has-post-thumbnail","7":"category-michoacan","8":"category-politica"},"aioseo_notices":[],"jetpack_publicize_connections":[],"jetpack_featured_media_url":"https:\/\/mediagroup.mx\/wp-content\/uploads\/2025\/03\/WhatsApp-Image-2025-02-28-at-11.42.52-AM.jpeg","jetpack_sharing_enabled":true,"_links":{"self":[{"href":"https:\/\/mediagroup.mx\/index.php\/wp-json\/wp\/v2\/posts\/63296","targetHints":{"allow":["GET"]}}],"collection":[{"href":"https:\/\/mediagroup.mx\/index.php\/wp-json\/wp\/v2\/posts"}],"about":[{"href":"https:\/\/mediagroup.mx\/index.php\/wp-json\/wp\/v2\/types\/post"}],"author":[{"embeddable":true,"href":"https:\/\/mediagroup.mx\/index.php\/wp-json\/wp\/v2\/users\/2"}],"replies":[{"embeddable":true,"href":"https:\/\/mediagroup.mx\/index.php\/wp-json\/wp\/v2\/comments?post=63296"}],"version-history":[{"count":1,"href":"https:\/\/mediagroup.mx\/index.php\/wp-json\/wp\/v2\/posts\/63296\/revisions"}],"predecessor-version":[{"id":63299,"href":"https:\/\/mediagroup.mx\/index.php\/wp-json\/wp\/v2\/posts\/63296\/revisions\/63299"}],"wp:featuredmedia":[{"embeddable":true,"href":"https:\/\/mediagroup.mx\/index.php\/wp-json\/wp\/v2\/media\/63298"}],"wp:attachment":[{"href":"https:\/\/mediagroup.mx\/index.php\/wp-json\/wp\/v2\/media?parent=63296"}],"wp:term":[{"taxonomy":"category","embeddable":true,"href":"https:\/\/mediagroup.mx\/index.php\/wp-json\/wp\/v2\/categories?post=63296"},{"taxonomy":"post_tag","embeddable":true,"href":"https:\/\/mediagroup.mx\/index.php\/wp-json\/wp\/v2\/tags?post=63296"}],"curies":[{"name":"wp","href":"https:\/\/api.w.org\/{rel}","templated":true}]}}