{"id":63303,"date":"2025-02-28T10:46:58","date_gmt":"2025-02-28T16:46:58","guid":{"rendered":"https:\/\/mediagroup.mx\/?p=63303"},"modified":"2025-03-04T10:49:30","modified_gmt":"2025-03-04T16:49:30","slug":"impulsa-reyes-galindo-iniciativa-para-que-comision-de-la-mujer-sea-liderada-por-el-sexo-femenino","status":"publish","type":"post","link":"https:\/\/mediagroup.mx\/index.php\/2025\/02\/28\/impulsa-reyes-galindo-iniciativa-para-que-comision-de-la-mujer-sea-liderada-por-el-sexo-femenino\/","title":{"rendered":"Impulsa Reyes Galindo iniciativa para que Comisi\u00f3n de la Mujer sea liderada por el sexo femenino"},"content":{"rendered":"<p>Morelia, Michoac\u00e1n, a 28 de febrero de 2025.- El coordinador parlamentario del Partido del Trabajo en el Congreso del Estado, Reyes Galindo Pedraza, present\u00f3 una iniciativa para que la Comisi\u00f3n de la Mujer, en los municipios, sea liderada por una f\u00e9mina, esto \u201cen aras de hacer acto de justicia y congruencia a la naturaleza de la creaci\u00f3n\u201d de dicha comisi\u00f3n, explic\u00f3 el legislador.<\/p>\n<p>A trav\u00e9s de iniciativa que reforma el art\u00edculo 50 a la Ley Org\u00e1nica Municipal de Michoac\u00e1n, el l\u00edder parlamentario explic\u00f3 que con ello se busca garantizar que la Comisi\u00f3n de la Mujer sea presidida justamente por una mujer, como un acto de justicia y congruencia con la naturaleza de su funci\u00f3n, al se\u00f1alar que ello permitir\u00e1 que las pol\u00edticas municipales con perspectiva de g\u00e9nero sean impulsadas desde la experiencia y la visi\u00f3n de quienes han vivido en carne propia las desigualdades estructurales y las barreras que a\u00fan persisten en nuestra sociedad.<\/p>\n<p>\u201cNo se trata de una medida simb\u00f3lica, sino de una acci\u00f3n concreta para fortalecer la agenda de derechos de las mujeres en los municipios. Con esta reforma, se avanza en la construcci\u00f3n de gobiernos municipales m\u00e1s inclusivos y responsables, donde la voz de las mujeres deje de ser una excepci\u00f3n y se convierta en un principio rector de la toma de decisiones\u201d, acot\u00f3 Reyes Galindo.<\/p>\n<p>Asimismo, record\u00f3 que la participaci\u00f3n de la mujer en la pol\u00edtica no solo es un derecho humano fundamental, sino una condici\u00f3n necesaria para el fortalecimiento del Estado de derecho y la consolidaci\u00f3n democr\u00e1tica, pues as\u00ed lo establece el art\u00edculo 4\u00b0 de la Constituci\u00f3n Pol\u00edtica de los Estados Unidos Mexicanos, al consagrar la igualdad entre mujeres y hombres.<\/p>\n<p>Agreg\u00f3 en ese mismo sentido, que el art\u00edculo 41 constitucional establece el principio de paridad de g\u00e9nero en la integraci\u00f3n de los \u00f3rganos de elecci\u00f3n popular, asegurando que las mujeres ocupen espacios de poder de manera equitativa, por ello, no solo debe limitarse a la conformaci\u00f3n de los Ayuntamientos, sino que debe garantizarse en las posiciones estrat\u00e9gicas desde donde se impulsan pol\u00edticas p\u00fablicas que incidan en la vida de las mujeres.<\/p>\n<p>\u201cEl Congreso del Estado de Michoac\u00e1n tiene la oportunidad hist\u00f3rica de reafirmar su compromiso con la igualdad de g\u00e9nero y con la participaci\u00f3n efectiva de las mujeres en la pol\u00edtica municipal. Hacerlo, es reconocer que la democracia no puede existir sin la presencia activa de las mujeres en los espacios de poder y que el fortalecimiento de la justicia social comienza desde lo local, desde los municipios, desde las comunidades donde cada mujer debe ser escuchada, representada y protegida\u201d, se\u00f1al\u00f3 el legislador petista.<\/p>\n<p><img loading=\"lazy\" decoding=\"async\" class=\"alignnone size-medium wp-image-63304\" src=\"https:\/\/mediagroup.mx\/wp-content\/uploads\/2025\/03\/WhatsApp-Image-2025-02-28-at-12.58.13-PM-300x200.jpeg\" alt=\"\" width=\"300\" height=\"200\" srcset=\"https:\/\/mediagroup.mx\/wp-content\/uploads\/2025\/03\/WhatsApp-Image-2025-02-28-at-12.58.13-PM-300x200.jpeg 300w, https:\/\/mediagroup.mx\/wp-content\/uploads\/2025\/03\/WhatsApp-Image-2025-02-28-at-12.58.13-PM-1024x683.jpeg 1024w, https:\/\/mediagroup.mx\/wp-content\/uploads\/2025\/03\/WhatsApp-Image-2025-02-28-at-12.58.13-PM-768x512.jpeg 768w, https:\/\/mediagroup.mx\/wp-content\/uploads\/2025\/03\/WhatsApp-Image-2025-02-28-at-12.58.13-PM-150x100.jpeg 150w, https:\/\/mediagroup.mx\/wp-content\/uploads\/2025\/03\/WhatsApp-Image-2025-02-28-at-12.58.13-PM-696x464.jpeg 696w, https:\/\/mediagroup.mx\/wp-content\/uploads\/2025\/03\/WhatsApp-Image-2025-02-28-at-12.58.13-PM-1068x712.jpeg 1068w, https:\/\/mediagroup.mx\/wp-content\/uploads\/2025\/03\/WhatsApp-Image-2025-02-28-at-12.58.13-PM.jpeg 1080w\" sizes=\"auto, (max-width: 300px) 100vw, 300px\" \/><\/p>\n","protected":false},"excerpt":{"rendered":"<p>Morelia, Michoac\u00e1n, a 28 de febrero de 2025.- El coordinador parlamentario del Partido del Trabajo en el Congreso del Estado, Reyes Galindo Pedraza, present\u00f3 una iniciativa para que la Comisi\u00f3n de la Mujer, en los municipios, sea liderada por una f\u00e9mina, esto \u201cen aras de hacer acto de justicia y congruencia a la naturaleza de [&hellip;]<\/p>\n","protected":false},"author":2,"featured_media":63304,"comment_status":"closed","ping_status":"closed","sticky":false,"template":"","format":"standard","meta":{"om_disable_all_campaigns":false,"_monsterinsights_skip_tracking":false,"_monsterinsights_sitenote_active":false,"_monsterinsights_sitenote_note":"","_monsterinsights_sitenote_category":0,"_uf_show_specific_survey":0,"_uf_disable_surveys":false,"_jetpack_memberships_contains_paid_content":false,"footnotes":"","jetpack_publicize_message":"Impulsa Reyes Galindo iniciativa para que Comisi\u00f3n de la Mujer sea liderada por el sexo femenino\r\n*El objetivo es que esta Comisi\u00f3n trabaje con verdadera perspectiva de g\u00e9nero, remarc\u00f3 el legislador","jetpack_publicize_feature_enabled":true,"jetpack_social_post_already_shared":true,"jetpack_social_options":{"image_generator_settings":{"template":"highway","default_image_id":0,"enabled":false},"version":2}},"categories":[15,63],"tags":[],"class_list":{"0":"post-63303","1":"post","2":"type-post","3":"status-publish","4":"format-standard","5":"has-post-thumbnail","7":"category-michoacan","8":"category-politica"},"aioseo_notices":[],"jetpack_publicize_connections":[],"jetpack_featured_media_url":"https:\/\/mediagroup.mx\/wp-content\/uploads\/2025\/03\/WhatsApp-Image-2025-02-28-at-12.58.13-PM.jpeg","jetpack_sharing_enabled":true,"_links":{"self":[{"href":"https:\/\/mediagroup.mx\/index.php\/wp-json\/wp\/v2\/posts\/63303","targetHints":{"allow":["GET"]}}],"collection":[{"href":"https:\/\/mediagroup.mx\/index.php\/wp-json\/wp\/v2\/posts"}],"about":[{"href":"https:\/\/mediagroup.mx\/index.php\/wp-json\/wp\/v2\/types\/post"}],"author":[{"embeddable":true,"href":"https:\/\/mediagroup.mx\/index.php\/wp-json\/wp\/v2\/users\/2"}],"replies":[{"embeddable":true,"href":"https:\/\/mediagroup.mx\/index.php\/wp-json\/wp\/v2\/comments?post=63303"}],"version-history":[{"count":1,"href":"https:\/\/mediagroup.mx\/index.php\/wp-json\/wp\/v2\/posts\/63303\/revisions"}],"predecessor-version":[{"id":63305,"href":"https:\/\/mediagroup.mx\/index.php\/wp-json\/wp\/v2\/posts\/63303\/revisions\/63305"}],"wp:featuredmedia":[{"embeddable":true,"href":"https:\/\/mediagroup.mx\/index.php\/wp-json\/wp\/v2\/media\/63304"}],"wp:attachment":[{"href":"https:\/\/mediagroup.mx\/index.php\/wp-json\/wp\/v2\/media?parent=63303"}],"wp:term":[{"taxonomy":"category","embeddable":true,"href":"https:\/\/mediagroup.mx\/index.php\/wp-json\/wp\/v2\/categories?post=63303"},{"taxonomy":"post_tag","embeddable":true,"href":"https:\/\/mediagroup.mx\/index.php\/wp-json\/wp\/v2\/tags?post=63303"}],"curies":[{"name":"wp","href":"https:\/\/api.w.org\/{rel}","templated":true}]}}