{"id":63306,"date":"2025-02-28T10:50:13","date_gmt":"2025-02-28T16:50:13","guid":{"rendered":"https:\/\/mediagroup.mx\/?p=63306"},"modified":"2025-03-04T10:51:55","modified_gmt":"2025-03-04T16:51:55","slug":"fortalece-congreso-del-estado-el-desarrollo-integral-de-la-familia","status":"publish","type":"post","link":"https:\/\/mediagroup.mx\/index.php\/2025\/02\/28\/fortalece-congreso-del-estado-el-desarrollo-integral-de-la-familia\/","title":{"rendered":"Fortalece Congreso del Estado el desarrollo integral de la familia"},"content":{"rendered":"<p>Morelia, Michoac\u00e1n, a 28 de febrero del 2025.- En el marco del d\u00eda de la familia que se celebra este primer domingo de marzo, el Congreso del Estado, a trav\u00e9s de la Comisi\u00f3n de Desarrollo Integral de la Familia, celebr\u00f3 una serie de conferencias, la firma del Compromiso por un futuro Familiarmente Sostenible, as\u00ed como la muestra de buenas pr\u00e1cticas con enfoque familiar.<\/p>\n<p>La diputada Teresita de Jes\u00fas Herrera Maldonado, presidenta de la Comisi\u00f3n de Desarrollo Integral de la Familia, destac\u00f3 el valor que tiene la familia en la sociedad y asegur\u00f3 que la serie de ponencias que se presentaron este viernes, ser\u00e1n muy enriquecedoras para todos y todas.<\/p>\n<p>\u201cCon este tipo de actividades, lo que nosotros buscamos es poder brindar estrategias a trav\u00e9s de los ponentes expertos quienes compartieron sus experiencias, vivencias, conocimientos y consejos\u201d, agreg\u00f3.<\/p>\n<p>Por su parte, la diputada Belinda Hurtado Mar\u00edn, integrante de la Comisi\u00f3n de Desarrollo Integral de la Familia, manifest\u00f3 que, la familia ha sido el pilar sobre el cual se erige la sociedad.<\/p>\n<p>La legisladora Hurtado Mar\u00edn, subray\u00f3 que \u201cno hay sociedad fuerte sin familias fortalecidas; es en el seno familiar donde se inculcan los valores fundamentales que rigen la convivencia, donde se forjan las identidades y donde se siembra la semilla del respeto, la empat\u00eda y la responsabilidad\u201d.<\/p>\n<p>Las conferencias que se presentaron en estas jornadas fueron: \u201cFamilias sin deudas, futuro con oportunidades\u201d, presentada por el ponente Alejandro Vargas Casta\u00f1eda; \u201cEquilibrio real: trabajo, familia y tiempo de calidad\u201d por Lydia Nava V\u00e1zquez; \u201cRealidad de la familia actual\u201d, presentada por Jaime Mart\u00ednez; y por \u00faltimo \u201cConstruyendo Hogares Libres de Violencia\u201d.<\/p>\n<p><img loading=\"lazy\" decoding=\"async\" class=\"alignnone size-medium wp-image-63307\" src=\"https:\/\/mediagroup.mx\/wp-content\/uploads\/2025\/03\/WhatsApp-Image-2025-02-28-at-1.30.46-PM-300x200.jpeg\" alt=\"\" width=\"300\" height=\"200\" srcset=\"https:\/\/mediagroup.mx\/wp-content\/uploads\/2025\/03\/WhatsApp-Image-2025-02-28-at-1.30.46-PM-300x200.jpeg 300w, https:\/\/mediagroup.mx\/wp-content\/uploads\/2025\/03\/WhatsApp-Image-2025-02-28-at-1.30.46-PM-1024x682.jpeg 1024w, https:\/\/mediagroup.mx\/wp-content\/uploads\/2025\/03\/WhatsApp-Image-2025-02-28-at-1.30.46-PM-768x512.jpeg 768w, https:\/\/mediagroup.mx\/wp-content\/uploads\/2025\/03\/WhatsApp-Image-2025-02-28-at-1.30.46-PM-150x100.jpeg 150w, https:\/\/mediagroup.mx\/wp-content\/uploads\/2025\/03\/WhatsApp-Image-2025-02-28-at-1.30.46-PM-696x464.jpeg 696w, https:\/\/mediagroup.mx\/wp-content\/uploads\/2025\/03\/WhatsApp-Image-2025-02-28-at-1.30.46-PM-1068x712.jpeg 1068w, https:\/\/mediagroup.mx\/wp-content\/uploads\/2025\/03\/WhatsApp-Image-2025-02-28-at-1.30.46-PM.jpeg 1280w\" sizes=\"auto, (max-width: 300px) 100vw, 300px\" \/><\/p>\n","protected":false},"excerpt":{"rendered":"<p>Morelia, Michoac\u00e1n, a 28 de febrero del 2025.- En el marco del d\u00eda de la familia que se celebra este primer domingo de marzo, el Congreso del Estado, a trav\u00e9s de la Comisi\u00f3n de Desarrollo Integral de la Familia, celebr\u00f3 una serie de conferencias, la firma del Compromiso por un futuro Familiarmente Sostenible, as\u00ed como [&hellip;]<\/p>\n","protected":false},"author":2,"featured_media":63307,"comment_status":"closed","ping_status":"closed","sticky":false,"template":"","format":"standard","meta":{"om_disable_all_campaigns":false,"_monsterinsights_skip_tracking":false,"_monsterinsights_sitenote_active":false,"_monsterinsights_sitenote_note":"","_monsterinsights_sitenote_category":0,"_uf_show_specific_survey":0,"_uf_disable_surveys":false,"_jetpack_memberships_contains_paid_content":false,"footnotes":"","jetpack_publicize_message":"Fortalece Congreso del Estado el desarrollo integral de la familia","jetpack_publicize_feature_enabled":true,"jetpack_social_post_already_shared":true,"jetpack_social_options":{"image_generator_settings":{"template":"highway","default_image_id":0,"enabled":false},"version":2}},"categories":[15,63],"tags":[],"class_list":{"0":"post-63306","1":"post","2":"type-post","3":"status-publish","4":"format-standard","5":"has-post-thumbnail","7":"category-michoacan","8":"category-politica"},"aioseo_notices":[],"jetpack_publicize_connections":[],"jetpack_featured_media_url":"https:\/\/mediagroup.mx\/wp-content\/uploads\/2025\/03\/WhatsApp-Image-2025-02-28-at-1.30.46-PM.jpeg","jetpack_sharing_enabled":true,"_links":{"self":[{"href":"https:\/\/mediagroup.mx\/index.php\/wp-json\/wp\/v2\/posts\/63306","targetHints":{"allow":["GET"]}}],"collection":[{"href":"https:\/\/mediagroup.mx\/index.php\/wp-json\/wp\/v2\/posts"}],"about":[{"href":"https:\/\/mediagroup.mx\/index.php\/wp-json\/wp\/v2\/types\/post"}],"author":[{"embeddable":true,"href":"https:\/\/mediagroup.mx\/index.php\/wp-json\/wp\/v2\/users\/2"}],"replies":[{"embeddable":true,"href":"https:\/\/mediagroup.mx\/index.php\/wp-json\/wp\/v2\/comments?post=63306"}],"version-history":[{"count":1,"href":"https:\/\/mediagroup.mx\/index.php\/wp-json\/wp\/v2\/posts\/63306\/revisions"}],"predecessor-version":[{"id":63308,"href":"https:\/\/mediagroup.mx\/index.php\/wp-json\/wp\/v2\/posts\/63306\/revisions\/63308"}],"wp:featuredmedia":[{"embeddable":true,"href":"https:\/\/mediagroup.mx\/index.php\/wp-json\/wp\/v2\/media\/63307"}],"wp:attachment":[{"href":"https:\/\/mediagroup.mx\/index.php\/wp-json\/wp\/v2\/media?parent=63306"}],"wp:term":[{"taxonomy":"category","embeddable":true,"href":"https:\/\/mediagroup.mx\/index.php\/wp-json\/wp\/v2\/categories?post=63306"},{"taxonomy":"post_tag","embeddable":true,"href":"https:\/\/mediagroup.mx\/index.php\/wp-json\/wp\/v2\/tags?post=63306"}],"curies":[{"name":"wp","href":"https:\/\/api.w.org\/{rel}","templated":true}]}}