{"id":63513,"date":"2025-03-05T10:41:13","date_gmt":"2025-03-05T16:41:13","guid":{"rendered":"https:\/\/mediagroup.mx\/?p=63513"},"modified":"2025-03-10T10:43:51","modified_gmt":"2025-03-10T16:43:51","slug":"propone-vicente-gomez-reforma-para-garantizar-indemnizaciones-y-pensiones-para-personas-con-enfermedades-cronico-degenerativas","status":"publish","type":"post","link":"https:\/\/mediagroup.mx\/index.php\/2025\/03\/05\/propone-vicente-gomez-reforma-para-garantizar-indemnizaciones-y-pensiones-para-personas-con-enfermedades-cronico-degenerativas\/","title":{"rendered":"Propone Vicente G\u00f3mez reforma para garantizar indemnizaciones y pensiones para personas con enfermedades cr\u00f3nico degenerativas"},"content":{"rendered":"<p>Morelia, Michoac\u00e1n; 05 de marzo de 2025. El garantizar indemnizaciones y pensiones alimenticias a las personas que padecen enfermedades cr\u00f3nico degenerativas, es el objetivo de la iniciativa para reformar y adicionar diversas disposiciones al C\u00f3digo Familiar para el Estado de Michoac\u00e1n que present\u00f3 el diputado por el Distrito XIX con cabecera en Tac\u00e1mbaro, Vicente G\u00f3mez N\u00fa\u00f1ez.<\/p>\n<p>En la sesi\u00f3n extraordinaria del pleno del Congreso de la LXXVI Legislatura del Congreso de Michoac\u00e1n, el legislador expuso la necesidad de enunciar y salvaguardar la exigencia de los derechos de quienes padecen enfermedades conocidas como no transmisibles y que requieren del amparo de la ley para sobrellevar su enfermedad.<\/p>\n<p>Durante su intervenci\u00f3n en tribuna, el diputado del Grupo Parlamentario del Partido del Trabajo (GPPT), record\u00f3 que recientemente present\u00f3 dos iniciativas encaminadas al reconocimiento de los derechos de las personas con enfermedades cr\u00f3nico degenerativas, por lo que con esta propuesta, estar\u00edan tambi\u00e9n en condiciones de acceder a pensiones alimenticias e indemnizaciones.<\/p>\n<p>En la propuesta presentada, se especifica que las Enfermedades No Transmisibles (ENT), tambi\u00e9n conocidas como enfermedades cr\u00f3nicas, suelen ser de larga duraci\u00f3n y son el resultado de una combinaci\u00f3n de factores gen\u00e9ticos, fisiol\u00f3gicos, ambientales y de comportamiento; y requieren de una constante revisi\u00f3n m\u00e9dica, compra de medicamentos y diversos gastos; que a su vez, conllevan la reducci\u00f3n de la capacidad laboral y por ende la estabilidad econ\u00f3mica de los pacientes y sus familias.<\/p>\n<p>En el C\u00f3digo Familiar para el Estado de Michoac\u00e1n de Ocampo, se contempla el derecho de los c\u00f3nyuges, concubinos y convivientes, que carezcan de ingresos y bienes suficientes para su sostenimiento a solicitar una pensi\u00f3n alimenticia a su ex c\u00f3nyuge, ex concubino y al ex conviviente, sin embargo; se hace necesario reconocer que existen situaciones en las que la exigibilidad de este derecho debe ponderarse frente a principios de equidad y justicia.<\/p>\n<p>En tal sentido, la propuesta est\u00e1 encaminada garantizar el respeto a los derechos humanos y la dignidad de las personas en situaci\u00f3n de vulnerabilidad, promoviendo un trato justo y equitativo, para que mejoren la calidad de vida de quienes enfrentan condiciones de salud adversas.<\/p>\n<p><img loading=\"lazy\" decoding=\"async\" class=\"alignnone size-medium wp-image-63514\" src=\"https:\/\/mediagroup.mx\/wp-content\/uploads\/2025\/03\/WhatsApp-Image-2025-03-06-at-9.10.39-AM-300x200.jpeg\" alt=\"\" width=\"300\" height=\"200\" srcset=\"https:\/\/mediagroup.mx\/wp-content\/uploads\/2025\/03\/WhatsApp-Image-2025-03-06-at-9.10.39-AM-300x200.jpeg 300w, https:\/\/mediagroup.mx\/wp-content\/uploads\/2025\/03\/WhatsApp-Image-2025-03-06-at-9.10.39-AM-1024x682.jpeg 1024w, https:\/\/mediagroup.mx\/wp-content\/uploads\/2025\/03\/WhatsApp-Image-2025-03-06-at-9.10.39-AM-768x512.jpeg 768w, https:\/\/mediagroup.mx\/wp-content\/uploads\/2025\/03\/WhatsApp-Image-2025-03-06-at-9.10.39-AM-150x100.jpeg 150w, https:\/\/mediagroup.mx\/wp-content\/uploads\/2025\/03\/WhatsApp-Image-2025-03-06-at-9.10.39-AM-696x464.jpeg 696w, https:\/\/mediagroup.mx\/wp-content\/uploads\/2025\/03\/WhatsApp-Image-2025-03-06-at-9.10.39-AM-1068x712.jpeg 1068w, https:\/\/mediagroup.mx\/wp-content\/uploads\/2025\/03\/WhatsApp-Image-2025-03-06-at-9.10.39-AM.jpeg 1280w\" sizes=\"auto, (max-width: 300px) 100vw, 300px\" \/><\/p>\n","protected":false},"excerpt":{"rendered":"<p>Morelia, Michoac\u00e1n; 05 de marzo de 2025. El garantizar indemnizaciones y pensiones alimenticias a las personas que padecen enfermedades cr\u00f3nico degenerativas, es el objetivo de la iniciativa para reformar y adicionar diversas disposiciones al C\u00f3digo Familiar para el Estado de Michoac\u00e1n que present\u00f3 el diputado por el Distrito XIX con cabecera en Tac\u00e1mbaro, Vicente G\u00f3mez [&hellip;]<\/p>\n","protected":false},"author":2,"featured_media":63514,"comment_status":"closed","ping_status":"closed","sticky":false,"template":"","format":"standard","meta":{"om_disable_all_campaigns":false,"_monsterinsights_skip_tracking":false,"_monsterinsights_sitenote_active":false,"_monsterinsights_sitenote_note":"","_monsterinsights_sitenote_category":0,"_uf_show_specific_survey":0,"_uf_disable_surveys":false,"_jetpack_memberships_contains_paid_content":false,"footnotes":"","jetpack_publicize_message":"Propone Vicente G\u00f3mez reforma para garantizar indemnizaciones y pensiones para personas con enfermedades cr\u00f3nico degenerativas","jetpack_publicize_feature_enabled":true,"jetpack_social_post_already_shared":true,"jetpack_social_options":{"image_generator_settings":{"template":"highway","default_image_id":0,"enabled":false},"version":2}},"categories":[15,63],"tags":[],"class_list":{"0":"post-63513","1":"post","2":"type-post","3":"status-publish","4":"format-standard","5":"has-post-thumbnail","7":"category-michoacan","8":"category-politica"},"aioseo_notices":[],"jetpack_publicize_connections":[],"jetpack_featured_media_url":"https:\/\/mediagroup.mx\/wp-content\/uploads\/2025\/03\/WhatsApp-Image-2025-03-06-at-9.10.39-AM.jpeg","jetpack_sharing_enabled":true,"_links":{"self":[{"href":"https:\/\/mediagroup.mx\/index.php\/wp-json\/wp\/v2\/posts\/63513","targetHints":{"allow":["GET"]}}],"collection":[{"href":"https:\/\/mediagroup.mx\/index.php\/wp-json\/wp\/v2\/posts"}],"about":[{"href":"https:\/\/mediagroup.mx\/index.php\/wp-json\/wp\/v2\/types\/post"}],"author":[{"embeddable":true,"href":"https:\/\/mediagroup.mx\/index.php\/wp-json\/wp\/v2\/users\/2"}],"replies":[{"embeddable":true,"href":"https:\/\/mediagroup.mx\/index.php\/wp-json\/wp\/v2\/comments?post=63513"}],"version-history":[{"count":1,"href":"https:\/\/mediagroup.mx\/index.php\/wp-json\/wp\/v2\/posts\/63513\/revisions"}],"predecessor-version":[{"id":63515,"href":"https:\/\/mediagroup.mx\/index.php\/wp-json\/wp\/v2\/posts\/63513\/revisions\/63515"}],"wp:featuredmedia":[{"embeddable":true,"href":"https:\/\/mediagroup.mx\/index.php\/wp-json\/wp\/v2\/media\/63514"}],"wp:attachment":[{"href":"https:\/\/mediagroup.mx\/index.php\/wp-json\/wp\/v2\/media?parent=63513"}],"wp:term":[{"taxonomy":"category","embeddable":true,"href":"https:\/\/mediagroup.mx\/index.php\/wp-json\/wp\/v2\/categories?post=63513"},{"taxonomy":"post_tag","embeddable":true,"href":"https:\/\/mediagroup.mx\/index.php\/wp-json\/wp\/v2\/tags?post=63513"}],"curies":[{"name":"wp","href":"https:\/\/api.w.org\/{rel}","templated":true}]}}