{"id":63986,"date":"2025-03-15T09:11:03","date_gmt":"2025-03-15T15:11:03","guid":{"rendered":"https:\/\/mediagroup.mx\/?p=63986"},"modified":"2025-03-17T09:12:31","modified_gmt":"2025-03-17T15:12:31","slug":"celebra-reyes-galindo-118-anos-de-la-huacana-como-municipio","status":"publish","type":"post","link":"https:\/\/mediagroup.mx\/index.php\/2025\/03\/15\/celebra-reyes-galindo-118-anos-de-la-huacana-como-municipio\/","title":{"rendered":"Celebra Reyes Galindo 118 a\u00f1os de La Huacana como municipio"},"content":{"rendered":"<p>La Huacana, Michoac\u00e1n, 15 de marzo de 2025.-Reyes Galindo Pedraza, diputado por el Distrito local 22 , celebr\u00f3 que La Huacana haya cumplido 118 a\u00f1os de haber obtenido el nombramiento como municipio, tiempo en el que asever\u00f3 su gente ha luchado por mantener la uni\u00f3n y fraternidad.<\/p>\n<p>Al acompa\u00f1ar a la presidenta Yaritza Rosas, as\u00ed como a diversas autoridades locales, el congresista destac\u00f3 que La Huacana ha logrado consolidarse como pueblo gracias a que sus habitantes han trabajado siempre en unidad con el objetivo de generar mejores condiciones de vida para todas y todos.<\/p>\n<p>\u00ab\u00a1Qu\u00e9 orgullo para las y los que somos huacanenses, celebrar 118 a\u00f1os de ser municipio! Que este festejo nos sirva como una mirada comunitaria al pasado, con actitud reflexiva, autocr\u00edtica y propositiva; pero sobretodo para proyectarnos con fe y esperanza, en ser mejores y consolidarnos como un pueblo con bienestar para todas y todos\u00bb, expres\u00f3 el legislador ante sus paisanos.<\/p>\n<p>Asimismo, Reyes Galindo aprovech\u00f3 para refrendarle a su gente todo el apoyo desde el Congreso michoacano, para continuar avanzando hacia el progreso y bienestar de la Tierra Caliente, \u00abporque solo unidos vamos a lograr el verdadero cambio y porque los buenos somos m\u00e1s, su servidor estar\u00e1 aqu\u00ed para trabajar siempre de la mano del pueblo \u00ab, acot\u00f3.<\/p>\n<p><img loading=\"lazy\" decoding=\"async\" class=\"alignnone size-medium wp-image-63988\" src=\"https:\/\/mediagroup.mx\/wp-content\/uploads\/2025\/03\/WhatsApp-Image-2025-03-17-at-8.32.47-AM-1-300x221.jpeg\" alt=\"\" width=\"300\" height=\"221\" srcset=\"https:\/\/mediagroup.mx\/wp-content\/uploads\/2025\/03\/WhatsApp-Image-2025-03-17-at-8.32.47-AM-1-300x221.jpeg 300w, https:\/\/mediagroup.mx\/wp-content\/uploads\/2025\/03\/WhatsApp-Image-2025-03-17-at-8.32.47-AM-1-1024x753.jpeg 1024w, https:\/\/mediagroup.mx\/wp-content\/uploads\/2025\/03\/WhatsApp-Image-2025-03-17-at-8.32.47-AM-1-768x565.jpeg 768w, https:\/\/mediagroup.mx\/wp-content\/uploads\/2025\/03\/WhatsApp-Image-2025-03-17-at-8.32.47-AM-1-1536x1130.jpeg 1536w, https:\/\/mediagroup.mx\/wp-content\/uploads\/2025\/03\/WhatsApp-Image-2025-03-17-at-8.32.47-AM-1-150x110.jpeg 150w, https:\/\/mediagroup.mx\/wp-content\/uploads\/2025\/03\/WhatsApp-Image-2025-03-17-at-8.32.47-AM-1-696x512.jpeg 696w, https:\/\/mediagroup.mx\/wp-content\/uploads\/2025\/03\/WhatsApp-Image-2025-03-17-at-8.32.47-AM-1-1068x786.jpeg 1068w, https:\/\/mediagroup.mx\/wp-content\/uploads\/2025\/03\/WhatsApp-Image-2025-03-17-at-8.32.47-AM-1.jpeg 1600w\" sizes=\"auto, (max-width: 300px) 100vw, 300px\" \/><\/p>\n","protected":false},"excerpt":{"rendered":"<p>La Huacana, Michoac\u00e1n, 15 de marzo de 2025.-Reyes Galindo Pedraza, diputado por el Distrito local 22 , celebr\u00f3 que La Huacana haya cumplido 118 a\u00f1os de haber obtenido el nombramiento como municipio, tiempo en el que asever\u00f3 su gente ha luchado por mantener la uni\u00f3n y fraternidad. Al acompa\u00f1ar a la presidenta Yaritza Rosas, as\u00ed [&hellip;]<\/p>\n","protected":false},"author":2,"featured_media":63988,"comment_status":"closed","ping_status":"closed","sticky":false,"template":"","format":"standard","meta":{"om_disable_all_campaigns":false,"_monsterinsights_skip_tracking":false,"_monsterinsights_sitenote_active":false,"_monsterinsights_sitenote_note":"","_monsterinsights_sitenote_category":0,"_uf_show_specific_survey":0,"_uf_disable_surveys":false,"_jetpack_memberships_contains_paid_content":false,"footnotes":"","jetpack_publicize_message":"Celebra Reyes Galindo 118 a\u00f1os de La Huacana como municipio\r\n\r\n*Destac\u00f3 que gracias a la fraternidad de su gente, han logrado consolidarse como pueblo.","jetpack_publicize_feature_enabled":true,"jetpack_social_post_already_shared":true,"jetpack_social_options":{"image_generator_settings":{"template":"highway","default_image_id":0,"enabled":false},"version":2}},"categories":[15,63],"tags":[],"class_list":{"0":"post-63986","1":"post","2":"type-post","3":"status-publish","4":"format-standard","5":"has-post-thumbnail","7":"category-michoacan","8":"category-politica"},"aioseo_notices":[],"jetpack_publicize_connections":[],"jetpack_featured_media_url":"https:\/\/mediagroup.mx\/wp-content\/uploads\/2025\/03\/WhatsApp-Image-2025-03-17-at-8.32.47-AM-1.jpeg","jetpack_sharing_enabled":true,"_links":{"self":[{"href":"https:\/\/mediagroup.mx\/index.php\/wp-json\/wp\/v2\/posts\/63986","targetHints":{"allow":["GET"]}}],"collection":[{"href":"https:\/\/mediagroup.mx\/index.php\/wp-json\/wp\/v2\/posts"}],"about":[{"href":"https:\/\/mediagroup.mx\/index.php\/wp-json\/wp\/v2\/types\/post"}],"author":[{"embeddable":true,"href":"https:\/\/mediagroup.mx\/index.php\/wp-json\/wp\/v2\/users\/2"}],"replies":[{"embeddable":true,"href":"https:\/\/mediagroup.mx\/index.php\/wp-json\/wp\/v2\/comments?post=63986"}],"version-history":[{"count":1,"href":"https:\/\/mediagroup.mx\/index.php\/wp-json\/wp\/v2\/posts\/63986\/revisions"}],"predecessor-version":[{"id":63989,"href":"https:\/\/mediagroup.mx\/index.php\/wp-json\/wp\/v2\/posts\/63986\/revisions\/63989"}],"wp:featuredmedia":[{"embeddable":true,"href":"https:\/\/mediagroup.mx\/index.php\/wp-json\/wp\/v2\/media\/63988"}],"wp:attachment":[{"href":"https:\/\/mediagroup.mx\/index.php\/wp-json\/wp\/v2\/media?parent=63986"}],"wp:term":[{"taxonomy":"category","embeddable":true,"href":"https:\/\/mediagroup.mx\/index.php\/wp-json\/wp\/v2\/categories?post=63986"},{"taxonomy":"post_tag","embeddable":true,"href":"https:\/\/mediagroup.mx\/index.php\/wp-json\/wp\/v2\/tags?post=63986"}],"curies":[{"name":"wp","href":"https:\/\/api.w.org\/{rel}","templated":true}]}}