{"id":63995,"date":"2025-03-17T13:39:47","date_gmt":"2025-03-17T19:39:47","guid":{"rendered":"https:\/\/mediagroup.mx\/?p=63995"},"modified":"2025-03-17T13:41:22","modified_gmt":"2025-03-17T19:41:22","slug":"hallan-2-cadaveres-calcinados-en-auto-quemado-en-cuitzeo","status":"publish","type":"post","link":"https:\/\/mediagroup.mx\/index.php\/2025\/03\/17\/hallan-2-cadaveres-calcinados-en-auto-quemado-en-cuitzeo\/","title":{"rendered":"Hallan 2 cad\u00e1veres calcinados en auto quemado en Cuitzeo"},"content":{"rendered":"<p>RED 113 MICHOAC\u00c1N\/Redacci\u00f3n<\/p>\n<p>Cuitzeo, Mich.- Lunes 17 de marzo de 2025.- Dos cad\u00e1veres humanos fueron encontrados calcinados al interior de un veh\u00edculo totalmente quemado en la cabecera municipal de Cuitzeo, informaron autoridades policiales.<\/p>\n<p>El hallazgo se registr\u00f3 durante la madrugada de este lunes sobre la carretera libre Morelia-Salamanca, a la altura de la colonia El Embarcadero.<\/p>\n<p>En el lugar se presentaron unos patrulleros locales y rescatistas, quienes a revisar el automotor descubrieron los cuerpos, as\u00ed que delimitaron el \u00e1rea y avisaron a la Fiscal\u00eda General del Estado (FGE).<\/p>\n<p>Se apreci\u00f3 que el auto siniestrado es un Nissan Tsuru con placas ilegibles. Asimismo, las personas fallecidas no est\u00e1n identificadas y tampoco se supo si son del sexo masculino o femenino.<\/p>\n<p>Los especialistas de la Unidad de Servicios Periciales y Escena del Crimen (USPEC) arribaron al sitio mencionado, emprendieron las averiguaciones correspondientes y trasladaron los finados a la morgue para la pr\u00e1ctica de la necropsia de rigor.<\/p>\n<p><img loading=\"lazy\" decoding=\"async\" class=\"alignnone size-medium wp-image-63996\" src=\"https:\/\/mediagroup.mx\/wp-content\/uploads\/2025\/03\/WhatsApp-Image-2025-03-17-at-8.44.02-AM-300x197.jpeg\" alt=\"\" width=\"300\" height=\"197\" srcset=\"https:\/\/mediagroup.mx\/wp-content\/uploads\/2025\/03\/WhatsApp-Image-2025-03-17-at-8.44.02-AM-300x197.jpeg 300w, https:\/\/mediagroup.mx\/wp-content\/uploads\/2025\/03\/WhatsApp-Image-2025-03-17-at-8.44.02-AM-768x505.jpeg 768w, https:\/\/mediagroup.mx\/wp-content\/uploads\/2025\/03\/WhatsApp-Image-2025-03-17-at-8.44.02-AM-150x99.jpeg 150w, https:\/\/mediagroup.mx\/wp-content\/uploads\/2025\/03\/WhatsApp-Image-2025-03-17-at-8.44.02-AM-696x458.jpeg 696w, https:\/\/mediagroup.mx\/wp-content\/uploads\/2025\/03\/WhatsApp-Image-2025-03-17-at-8.44.02-AM.jpeg 935w\" sizes=\"auto, (max-width: 300px) 100vw, 300px\" \/><\/p>\n","protected":false},"excerpt":{"rendered":"<p>RED 113 MICHOAC\u00c1N\/Redacci\u00f3n Cuitzeo, Mich.- Lunes 17 de marzo de 2025.- Dos cad\u00e1veres humanos fueron encontrados calcinados al interior de un veh\u00edculo totalmente quemado en la cabecera municipal de Cuitzeo, informaron autoridades policiales. El hallazgo se registr\u00f3 durante la madrugada de este lunes sobre la carretera libre Morelia-Salamanca, a la altura de la colonia El [&hellip;]<\/p>\n","protected":false},"author":2,"featured_media":63996,"comment_status":"closed","ping_status":"closed","sticky":false,"template":"","format":"standard","meta":{"om_disable_all_campaigns":false,"_monsterinsights_skip_tracking":false,"_monsterinsights_sitenote_active":false,"_monsterinsights_sitenote_note":"","_monsterinsights_sitenote_category":0,"_uf_show_specific_survey":0,"_uf_disable_surveys":false,"_jetpack_memberships_contains_paid_content":false,"footnotes":"","jetpack_publicize_message":"Hallan 2 cad\u00e1veres calcinados en auto quemado en Cuitzeo\r\n\r\n+ Sucedi\u00f3 sobre la carretera libre Morelia-Salamanca.\r\n+ Uno de los cuerpos estaba en cajuelado y el otro en los asientos traseros.","jetpack_publicize_feature_enabled":true,"jetpack_social_post_already_shared":true,"jetpack_social_options":{"image_generator_settings":{"template":"highway","default_image_id":0,"enabled":false},"version":2}},"categories":[97,15],"tags":[],"class_list":{"0":"post-63995","1":"post","2":"type-post","3":"status-publish","4":"format-standard","5":"has-post-thumbnail","7":"category-inseguridad","8":"category-michoacan"},"aioseo_notices":[],"jetpack_publicize_connections":[],"jetpack_featured_media_url":"https:\/\/mediagroup.mx\/wp-content\/uploads\/2025\/03\/WhatsApp-Image-2025-03-17-at-8.44.02-AM.jpeg","jetpack_sharing_enabled":true,"_links":{"self":[{"href":"https:\/\/mediagroup.mx\/index.php\/wp-json\/wp\/v2\/posts\/63995","targetHints":{"allow":["GET"]}}],"collection":[{"href":"https:\/\/mediagroup.mx\/index.php\/wp-json\/wp\/v2\/posts"}],"about":[{"href":"https:\/\/mediagroup.mx\/index.php\/wp-json\/wp\/v2\/types\/post"}],"author":[{"embeddable":true,"href":"https:\/\/mediagroup.mx\/index.php\/wp-json\/wp\/v2\/users\/2"}],"replies":[{"embeddable":true,"href":"https:\/\/mediagroup.mx\/index.php\/wp-json\/wp\/v2\/comments?post=63995"}],"version-history":[{"count":1,"href":"https:\/\/mediagroup.mx\/index.php\/wp-json\/wp\/v2\/posts\/63995\/revisions"}],"predecessor-version":[{"id":63997,"href":"https:\/\/mediagroup.mx\/index.php\/wp-json\/wp\/v2\/posts\/63995\/revisions\/63997"}],"wp:featuredmedia":[{"embeddable":true,"href":"https:\/\/mediagroup.mx\/index.php\/wp-json\/wp\/v2\/media\/63996"}],"wp:attachment":[{"href":"https:\/\/mediagroup.mx\/index.php\/wp-json\/wp\/v2\/media?parent=63995"}],"wp:term":[{"taxonomy":"category","embeddable":true,"href":"https:\/\/mediagroup.mx\/index.php\/wp-json\/wp\/v2\/categories?post=63995"},{"taxonomy":"post_tag","embeddable":true,"href":"https:\/\/mediagroup.mx\/index.php\/wp-json\/wp\/v2\/tags?post=63995"}],"curies":[{"name":"wp","href":"https:\/\/api.w.org\/{rel}","templated":true}]}}