{"id":63999,"date":"2025-03-17T13:44:50","date_gmt":"2025-03-17T19:44:50","guid":{"rendered":"https:\/\/mediagroup.mx\/?p=63999"},"modified":"2025-03-17T13:44:50","modified_gmt":"2025-03-17T19:44:50","slug":"por-impunidad-era-necesario-zarandear-y-reformar-al-poder-judicial-afirma-bedolla","status":"publish","type":"post","link":"https:\/\/mediagroup.mx\/index.php\/2025\/03\/17\/por-impunidad-era-necesario-zarandear-y-reformar-al-poder-judicial-afirma-bedolla\/","title":{"rendered":"Por impunidad, era necesario \u201czarandear\u201d y reformar al Poder Judicial, afirma Bedolla"},"content":{"rendered":"<p>RED 113 MICHOAC\u00c1N\/Redacci\u00f3n<\/p>\n<p>Morelia, Mich.- 17 de marzo de 2025.- Luego de que jueces han liberado a generadores de violencia, como es el caso de \u201cEl Chuy\u201d, detenido hace unos d\u00edas en Zacapu y liberado posteriormente por el Poder Judicial Federal, el gobernador Alfredo Ram\u00edrez Bedolla se\u00f1al\u00f3 que era necesario \u201czarandear\u201d al Poder Judicial.<\/p>\n<p>Ante los casos de impunidad manifest\u00f3 que tal como lo se\u00f1alaba el expresidente Andr\u00e9s Manuel L\u00f3pez Obrador, era necesario reformar y renovar al Poder Judicial, porque cuando se realiza una detenci\u00f3n importante y posteriormente un juez federal lo libera, se empodera la delincuencia y se tiene este tipo de reacciones, como las registradas ayer domingo en los l\u00edmites de Michoac\u00e1n y Jalisco donde las fuerzas de seguridad fueron atacadas.<\/p>\n<p>Se\u00f1al\u00f3 que cuando hay una orden de aprehensi\u00f3n contra alg\u00fan implicado y se le captura, regularmente sale en 24 o 72 horas, porque a nivel federal es lo que se observa.<\/p>\n<p>Detall\u00f3 que esto no ocurre a nivel local, ya que existe menos impunidad tanto en los jueces como en magistrados locales, y esto, no todo tiene que ver nada m\u00e1s con polic\u00edas, sino tambi\u00e9n tiene que ver con las Fiscal\u00edas y con los jueces, quienes finalmente son los que administran la justicia.<\/p>\n<p><img loading=\"lazy\" decoding=\"async\" class=\"alignnone size-medium wp-image-64000\" src=\"https:\/\/mediagroup.mx\/wp-content\/uploads\/2025\/03\/WhatsApp-Image-2025-03-17-at-11.06.12-AM-300x200.jpeg\" alt=\"\" width=\"300\" height=\"200\" srcset=\"https:\/\/mediagroup.mx\/wp-content\/uploads\/2025\/03\/WhatsApp-Image-2025-03-17-at-11.06.12-AM-300x200.jpeg 300w, https:\/\/mediagroup.mx\/wp-content\/uploads\/2025\/03\/WhatsApp-Image-2025-03-17-at-11.06.12-AM-1024x683.jpeg 1024w, https:\/\/mediagroup.mx\/wp-content\/uploads\/2025\/03\/WhatsApp-Image-2025-03-17-at-11.06.12-AM-768x512.jpeg 768w, https:\/\/mediagroup.mx\/wp-content\/uploads\/2025\/03\/WhatsApp-Image-2025-03-17-at-11.06.12-AM-1536x1024.jpeg 1536w, https:\/\/mediagroup.mx\/wp-content\/uploads\/2025\/03\/WhatsApp-Image-2025-03-17-at-11.06.12-AM-150x100.jpeg 150w, https:\/\/mediagroup.mx\/wp-content\/uploads\/2025\/03\/WhatsApp-Image-2025-03-17-at-11.06.12-AM-696x464.jpeg 696w, https:\/\/mediagroup.mx\/wp-content\/uploads\/2025\/03\/WhatsApp-Image-2025-03-17-at-11.06.12-AM-1068x712.jpeg 1068w, https:\/\/mediagroup.mx\/wp-content\/uploads\/2025\/03\/WhatsApp-Image-2025-03-17-at-11.06.12-AM.jpeg 1599w\" sizes=\"auto, (max-width: 300px) 100vw, 300px\" \/><\/p>\n","protected":false},"excerpt":{"rendered":"<p>RED 113 MICHOAC\u00c1N\/Redacci\u00f3n Morelia, Mich.- 17 de marzo de 2025.- Luego de que jueces han liberado a generadores de violencia, como es el caso de \u201cEl Chuy\u201d, detenido hace unos d\u00edas en Zacapu y liberado posteriormente por el Poder Judicial Federal, el gobernador Alfredo Ram\u00edrez Bedolla se\u00f1al\u00f3 que era necesario \u201czarandear\u201d al Poder Judicial. Ante [&hellip;]<\/p>\n","protected":false},"author":2,"featured_media":64000,"comment_status":"closed","ping_status":"closed","sticky":false,"template":"","format":"standard","meta":{"om_disable_all_campaigns":false,"_monsterinsights_skip_tracking":false,"_monsterinsights_sitenote_active":false,"_monsterinsights_sitenote_note":"","_monsterinsights_sitenote_category":0,"_uf_show_specific_survey":0,"_uf_disable_surveys":false,"_jetpack_memberships_contains_paid_content":false,"footnotes":"","jetpack_publicize_message":"Por impunidad, era necesario \u201czarandear\u201d y reformar al Poder Judicial, afirma Bedolla","jetpack_publicize_feature_enabled":true,"jetpack_social_post_already_shared":true,"jetpack_social_options":{"image_generator_settings":{"template":"highway","default_image_id":0,"enabled":false},"version":2}},"categories":[15,63],"tags":[],"class_list":{"0":"post-63999","1":"post","2":"type-post","3":"status-publish","4":"format-standard","5":"has-post-thumbnail","7":"category-michoacan","8":"category-politica"},"aioseo_notices":[],"jetpack_publicize_connections":[],"jetpack_featured_media_url":"https:\/\/mediagroup.mx\/wp-content\/uploads\/2025\/03\/WhatsApp-Image-2025-03-17-at-11.06.12-AM.jpeg","jetpack_sharing_enabled":true,"_links":{"self":[{"href":"https:\/\/mediagroup.mx\/index.php\/wp-json\/wp\/v2\/posts\/63999","targetHints":{"allow":["GET"]}}],"collection":[{"href":"https:\/\/mediagroup.mx\/index.php\/wp-json\/wp\/v2\/posts"}],"about":[{"href":"https:\/\/mediagroup.mx\/index.php\/wp-json\/wp\/v2\/types\/post"}],"author":[{"embeddable":true,"href":"https:\/\/mediagroup.mx\/index.php\/wp-json\/wp\/v2\/users\/2"}],"replies":[{"embeddable":true,"href":"https:\/\/mediagroup.mx\/index.php\/wp-json\/wp\/v2\/comments?post=63999"}],"version-history":[{"count":1,"href":"https:\/\/mediagroup.mx\/index.php\/wp-json\/wp\/v2\/posts\/63999\/revisions"}],"predecessor-version":[{"id":64001,"href":"https:\/\/mediagroup.mx\/index.php\/wp-json\/wp\/v2\/posts\/63999\/revisions\/64001"}],"wp:featuredmedia":[{"embeddable":true,"href":"https:\/\/mediagroup.mx\/index.php\/wp-json\/wp\/v2\/media\/64000"}],"wp:attachment":[{"href":"https:\/\/mediagroup.mx\/index.php\/wp-json\/wp\/v2\/media?parent=63999"}],"wp:term":[{"taxonomy":"category","embeddable":true,"href":"https:\/\/mediagroup.mx\/index.php\/wp-json\/wp\/v2\/categories?post=63999"},{"taxonomy":"post_tag","embeddable":true,"href":"https:\/\/mediagroup.mx\/index.php\/wp-json\/wp\/v2\/tags?post=63999"}],"curies":[{"name":"wp","href":"https:\/\/api.w.org\/{rel}","templated":true}]}}